{"id":134676,"date":"2024-12-11T19:57:33","date_gmt":"2024-12-11T22:57:33","guid":{"rendered":"https:\/\/www.elsindical.com.ar\/notas\/?p=134676"},"modified":"2024-12-11T19:57:49","modified_gmt":"2024-12-11T22:57:49","slug":"peones-de-taxis-rechazaron-la-desregulacion-del-transporte-de-pasajeros-a-nivel-nacional-y-analizan-presentarse-ante-la-justicia","status":"publish","type":"post","link":"https:\/\/www.elsindical.com.ar\/notas\/peones-de-taxis-rechazaron-la-desregulacion-del-transporte-de-pasajeros-a-nivel-nacional-y-analizan-presentarse-ante-la-justicia\/","title":{"rendered":"Peones de Taxis rechazaron la desregulaci\u00f3n del transporte de pasajeros a nivel nacional y analizan presentarse ante la Justicia"},"content":{"rendered":"<div class=\"wp-block-image\">\n<figure class=\"aligncenter size-full\"><a href=\"https:\/\/www.elsindical.com.ar\/notas\/var\/www\/html\/notas\/wp-content\/uploads\/2019\/10\/marcha-taxis.jpg\"><img loading=\"lazy\" decoding=\"async\" width=\"709\" height=\"362\" src=\"https:\/\/www.elsindical.com.ar\/notas\/var\/www\/html\/notas\/wp-content\/uploads\/2019\/10\/marcha-taxis.jpg\" alt=\"\" class=\"wp-image-90324\" srcset=\"https:\/\/www.elsindical.com.ar\/notas\/var\/www\/html\/notas\/wp-content\/uploads\/2019\/10\/marcha-taxis.jpg 709w, https:\/\/www.elsindical.com.ar\/notas\/var\/www\/html\/notas\/wp-content\/uploads\/2019\/10\/marcha-taxis-300x153.jpg 300w, https:\/\/www.elsindical.com.ar\/notas\/var\/www\/html\/notas\/wp-content\/uploads\/2019\/10\/marcha-taxis-500x255.jpg 500w\" sizes=\"auto, (max-width: 709px) 100vw, 709px\" \/><\/a><\/figure>\n<\/div>\n\n\n<p>La Federaci\u00f3n Nacional de Peones de Taxis (FEPETAX), que lidera Jorge Garc\u00eda, rechaz\u00f3 la decisi\u00f3n del Gobierno Nacional de desregular el transporte automotor de pasajeros a nivel nacional, luego de la Resoluci\u00f3n N\u00ba 57\/2024 impulsada por la Secretar\u00eda de Transporte del Ministerio de Econom\u00eda y el Ministerio de Desregulaci\u00f3n y Transformaci\u00f3n del Estado que reglamenta el decreto 883\/2024. De esta manera, desde la Federaci\u00f3n dispusieron el Estado de Alerta y Movilizaci\u00f3n analizando presentarse ante la justicia para considerar anticonstitucional la resoluci\u00f3n y no descartan protestas en las pr\u00f3ximas semanas.<\/p>\n\n\n\n<p>As\u00ed, la FEPETAX advirti\u00f3 que \u201cest\u00e1n abriendo una caja de Pandora\u201d donde \u201clos pasajeros tendr\u00e1n m\u00e1s perjuicios que beneficios\u201d, ya que \u201clas irregularidades estar\u00e1n a la orden del d\u00eda porque habilitan a choferes que no est\u00e1n capacitados y veh\u00edculos sin controles ni seguros\u201d. En la misma l\u00ednea, Jorge Garc\u00eda y Miguel \u00c1ngel Soto, Secretario de Finanzas de la Federaci\u00f3n, coincidieron en que \u201cel gobierno libertario sigue con medidas de ajuste y de shock donde demuestra su desconocimiento e inoperancia\u201d.<\/p>\n\n\n\n<p>Frente a este panorama, desde la Federaci\u00f3n se refirieron adem\u00e1s al impacto negativo de la medida gubernamental. \u201cAtr\u00e1s de esta regulaci\u00f3n se esconde la necesidad de generar empleo precarizado bajo la consigna de los emprendedores, ante la cr\u00edtica situaci\u00f3n que est\u00e1 atravesando el mundo laboral, con m\u00e1s de 200.000 despidos en este a\u00f1o de gobierno de Javier Milei\u201d, aseguraron a trav\u00e9s de un comunicado.<\/p>\n\n\n\n<p>\u201cNo nos vamos a quedar de brazos cruzados, porque mientras nosotros pagamos todos los impuestos y debemos hacer cursos de capacitaci\u00f3n, se habilita esta desregulaci\u00f3n de la misma forma en que las aplicaciones vienen haciendo negocios en los \u00faltimos a\u00f1os, rompiendo con el sistema de transporte y afectando a miles de trabajadores y trabajadoras que quedaron en las calles\u201d, agreg\u00f3 el documento firmado por Garc\u00eda, Soto, Donato Cirone, Secretario Adjunto y Horacio Yannotti, Secretario Gremial.<\/p>\n\n\n\n<p>Para finalizar, anunciaron que van a impulsar \u201cuna serie de demandas judiciales\u201d para rechazar la Resoluci\u00f3n N\u00ba 57\/2024, impulsada por el Gobierno Nacional. \u201cNo descartamos protestas en las pr\u00f3ximas semanas con la intenci\u00f3n de visualizar los perjuicios que causar\u00e1 esta normativa\u201d, concluyeron.<\/p>\n","protected":false},"excerpt":{"rendered":"<p>La Federaci\u00f3n Nacional de Peones de Taxis (FEPETAX), que lidera Jorge Garc\u00eda, rechaz\u00f3 la decisi\u00f3n del Gobierno Nacional de desregular el transporte automotor de pasajeros a nivel nacional, luego de la Resoluci\u00f3n N\u00ba 57\/2024 impulsada por la Secretar\u00eda de Transporte del Ministerio de Econom\u00eda y el Ministerio de Desregulaci\u00f3n y Transformaci\u00f3n del Estado que reglamenta&hellip;<\/p>\n","protected":false},"author":1,"featured_media":90324,"comment_status":"open","ping_status":"open","sticky":false,"template":"","format":"standard","meta":{"footnotes":""},"categories":[17],"tags":[43939,2450,2928,44248,28812],"class_list":["post-134676","post","type-post","status-publish","format-standard","has-post-thumbnail","hentry","category-infantiles","tag-desregulacion-del-transporte","tag-diario-el-sindical","tag-federico-sturzanegger","tag-fepetax","tag-javier-milei"],"_links":{"self":[{"href":"https:\/\/www.elsindical.com.ar\/notas\/wp-json\/wp\/v2\/posts\/134676","targetHints":{"allow":["GET"]}}],"collection":[{"href":"https:\/\/www.elsindical.com.ar\/notas\/wp-json\/wp\/v2\/posts"}],"about":[{"href":"https:\/\/www.elsindical.com.ar\/notas\/wp-json\/wp\/v2\/types\/post"}],"author":[{"embeddable":true,"href":"https:\/\/www.elsindical.com.ar\/notas\/wp-json\/wp\/v2\/users\/1"}],"replies":[{"embeddable":true,"href":"https:\/\/www.elsindical.com.ar\/notas\/wp-json\/wp\/v2\/comments?post=134676"}],"version-history":[{"count":1,"href":"https:\/\/www.elsindical.com.ar\/notas\/wp-json\/wp\/v2\/posts\/134676\/revisions"}],"predecessor-version":[{"id":134677,"href":"https:\/\/www.elsindical.com.ar\/notas\/wp-json\/wp\/v2\/posts\/134676\/revisions\/134677"}],"wp:featuredmedia":[{"embeddable":true,"href":"https:\/\/www.elsindical.com.ar\/notas\/wp-json\/wp\/v2\/media\/90324"}],"wp:attachment":[{"href":"https:\/\/www.elsindical.com.ar\/notas\/wp-json\/wp\/v2\/media?parent=134676"}],"wp:term":[{"taxonomy":"category","embeddable":true,"href":"https:\/\/www.elsindical.com.ar\/notas\/wp-json\/wp\/v2\/categories?post=134676"},{"taxonomy":"post_tag","embeddable":true,"href":"https:\/\/www.elsindical.com.ar\/notas\/wp-json\/wp\/v2\/tags?post=134676"}],"curies":[{"name":"wp","href":"https:\/\/api.w.org\/{rel}","templated":true}]}}