{"id":134660,"date":"2024-12-11T00:35:04","date_gmt":"2024-12-11T03:35:04","guid":{"rendered":"https:\/\/www.elsindical.com.ar\/notas\/?p=134660"},"modified":"2024-12-11T00:36:12","modified_gmt":"2024-12-11T03:36:12","slug":"la-justicia-rechazo-la-intervencion-de-la-sigen-en-las-auditorias-a-la-uba","status":"publish","type":"post","link":"https:\/\/www.elsindical.com.ar\/notas\/la-justicia-rechazo-la-intervencion-de-la-sigen-en-las-auditorias-a-la-uba\/","title":{"rendered":"La Justicia rechaz\u00f3 la intervenci\u00f3n de la SIGEN en las auditor\u00edas a la UBA"},"content":{"rendered":"<div class=\"wp-block-image\">\n<figure class=\"aligncenter size-full\"><a href=\"https:\/\/www.elsindical.com.ar\/notas\/var\/www\/html\/notas\/wp-content\/uploads\/2024\/12\/Facultad-de-Derecho-UBA.jpg\"><img loading=\"lazy\" decoding=\"async\" width=\"700\" height=\"394\" src=\"https:\/\/www.elsindical.com.ar\/notas\/var\/www\/html\/notas\/wp-content\/uploads\/2024\/12\/Facultad-de-Derecho-UBA.jpg\" alt=\"\" class=\"wp-image-134661\" srcset=\"https:\/\/www.elsindical.com.ar\/notas\/var\/www\/html\/notas\/wp-content\/uploads\/2024\/12\/Facultad-de-Derecho-UBA.jpg 700w, https:\/\/www.elsindical.com.ar\/notas\/var\/www\/html\/notas\/wp-content\/uploads\/2024\/12\/Facultad-de-Derecho-UBA-300x169.jpg 300w, https:\/\/www.elsindical.com.ar\/notas\/var\/www\/html\/notas\/wp-content\/uploads\/2024\/12\/Facultad-de-Derecho-UBA-500x281.jpg 500w, https:\/\/www.elsindical.com.ar\/notas\/var\/www\/html\/notas\/wp-content\/uploads\/2024\/12\/Facultad-de-Derecho-UBA-460x260.jpg 460w\" sizes=\"auto, (max-width: 700px) 100vw, 700px\" \/><\/a><\/figure>\n<\/div>\n\n\n<p>As\u00ed lo dispuso el Juzgado Contencioso Administrativo Federal 3 a cargo del juez Santiago Carrillo. En la resoluci\u00f3n se desestim\u00f3 la medida precautoria peticionada por la Sindicatura General de la Naci\u00f3n para poder hacer una revisi\u00f3n sobre la universidad.<\/p>\n\n\n\n<p><strong>La Justicia rechaz\u00f3 la intervenci\u00f3n de la Sindicatura General de la Naci\u00f3n (SIGEN) en las auditor\u00edas a la UBA. <\/strong>As\u00ed lo dispuso el Juzgado Contencioso Administrativo Federal 3 a cargo del juez Santiago Carrillo.<\/p>\n\n\n\n<p>En la resoluci\u00f3n se desestim\u00f3 la medida precautoria peticionada por la SIGEN para poder hacer una revisi\u00f3n sobre la universidad. \u201cEl Juzgado cita las manifestaciones de la UBA que sostienen que en todo el ordenamiento jur\u00eddico no hay una sola norma que la SIGEN tenga a su cargo el control interno de las universidades nacionales\u201d, se\u00f1al\u00f3 la casa de estudios en un comunicado.<\/p>\n\n\n\n<p>De acuerdo al fallo, la cuenta de inversi\u00f3n del 2023 de la Contadur\u00eda General de la Naci\u00f3n precis\u00f3 que las universidades nacionales cumplieron con la presentaci\u00f3n de la informaci\u00f3n requerida por ese organismo.<\/p>\n\n\n\n<p>Asimismo, el juez afirm\u00f3 que en el sitio web de la UBA se encuentran publicados los informes de auditor\u00edas internas de los a\u00f1os 2015 a 2024 y la normativa aplicable, m\u00e1s el manual de procedimientos de auditor\u00eda.<\/p>\n\n\n\n<p>\u201cConsiderando que la UBA ha explicado las caracter\u00edsticas de su sistema de gesti\u00f3n de documentos, cabe concluir que no surge elemento alguno que permita afirmar la existencia de un peligro cierto de que la documentaci\u00f3n de respaldo requerida por la SIGEN \u2018se extrav\u00ede o se altere\u2019\u201d, explic\u00f3 el magistrado en la resoluci\u00f3n.<\/p>\n\n\n\n<p>Respecto a la SIGEN, agreg\u00f3: \u201cLas manifestaciones efectuadas por el \u00f3rgano de control sobre el punto no pasan de ser meramente conjeturales y por tanto inh\u00e1biles para sustentar la configuraci\u00f3n del requisito analizado\u201d.<\/p>\n\n\n\n<p>En cuanto a la autonom\u00eda universitaria, el juez sostuvo que \u201clas universidades nacionales adquirieron en la reforma constitucional de 1994 un status jur\u00eddico especial\u201d y que \u201cla Ley de Educaci\u00f3n Superior 24.521 contiene normas tendientes a otorgar mayor independencia a las universidades nacionales y a restringir las posibilidades de injerencia del Poder Ejecutivo Nacional en su \u00e1mbito institucional\u201d.<\/p>\n\n\n\n<p>Por ese motivo, \u201cson el Poder Legislativo y el Judicial, quienes han adquirido el rol de controlantes de los actos y normas de las universidades nacionales\u201d.<\/p>\n\n\n\n<p>\u201cCon este fallo, la justicia frena el intento del Poder Ejecutivo Nacional de intervenir el control interno de la Universidad de Buenos Aires, hasta tanto se dicte la sentencia sobre esta controversia\u201d, cerr\u00f3 el comunicado publicado por la UBA.<\/p>\n","protected":false},"excerpt":{"rendered":"<p>As\u00ed lo dispuso el Juzgado Contencioso Administrativo Federal 3 a cargo del juez Santiago Carrillo. En la resoluci\u00f3n se desestim\u00f3 la medida precautoria peticionada por la Sindicatura General de la Naci\u00f3n para poder hacer una revisi\u00f3n sobre la universidad. La Justicia rechaz\u00f3 la intervenci\u00f3n de la Sindicatura General de la Naci\u00f3n (SIGEN) en las auditor\u00edas&hellip;<\/p>\n","protected":false},"author":1,"featured_media":134661,"comment_status":"open","ping_status":"open","sticky":false,"template":"","format":"standard","meta":{"footnotes":""},"categories":[20],"tags":[13038,2450,158,28812,44239,5752,1885],"class_list":["post-134660","post","type-post","status-publish","format-standard","has-post-thumbnail","hentry","category-judiciales","tag-auditorias","tag-diario-el-sindical","tag-intervencion","tag-javier-milei","tag-juez-santiago-carrillo","tag-sigen","tag-uba"],"_links":{"self":[{"href":"https:\/\/www.elsindical.com.ar\/notas\/wp-json\/wp\/v2\/posts\/134660","targetHints":{"allow":["GET"]}}],"collection":[{"href":"https:\/\/www.elsindical.com.ar\/notas\/wp-json\/wp\/v2\/posts"}],"about":[{"href":"https:\/\/www.elsindical.com.ar\/notas\/wp-json\/wp\/v2\/types\/post"}],"author":[{"embeddable":true,"href":"https:\/\/www.elsindical.com.ar\/notas\/wp-json\/wp\/v2\/users\/1"}],"replies":[{"embeddable":true,"href":"https:\/\/www.elsindical.com.ar\/notas\/wp-json\/wp\/v2\/comments?post=134660"}],"version-history":[{"count":1,"href":"https:\/\/www.elsindical.com.ar\/notas\/wp-json\/wp\/v2\/posts\/134660\/revisions"}],"predecessor-version":[{"id":134662,"href":"https:\/\/www.elsindical.com.ar\/notas\/wp-json\/wp\/v2\/posts\/134660\/revisions\/134662"}],"wp:featuredmedia":[{"embeddable":true,"href":"https:\/\/www.elsindical.com.ar\/notas\/wp-json\/wp\/v2\/media\/134661"}],"wp:attachment":[{"href":"https:\/\/www.elsindical.com.ar\/notas\/wp-json\/wp\/v2\/media?parent=134660"}],"wp:term":[{"taxonomy":"category","embeddable":true,"href":"https:\/\/www.elsindical.com.ar\/notas\/wp-json\/wp\/v2\/categories?post=134660"},{"taxonomy":"post_tag","embeddable":true,"href":"https:\/\/www.elsindical.com.ar\/notas\/wp-json\/wp\/v2\/tags?post=134660"}],"curies":[{"name":"wp","href":"https:\/\/api.w.org\/{rel}","templated":true}]}}