{"id":134626,"date":"2024-12-09T14:55:02","date_gmt":"2024-12-09T17:55:02","guid":{"rendered":"https:\/\/www.elsindical.com.ar\/notas\/?p=134626"},"modified":"2024-12-09T14:55:09","modified_gmt":"2024-12-09T17:55:09","slug":"avon-despidio-a-300-trabajadores-de-su-planta-en-san-fernando","status":"publish","type":"post","link":"https:\/\/www.elsindical.com.ar\/notas\/avon-despidio-a-300-trabajadores-de-su-planta-en-san-fernando\/","title":{"rendered":"AVON despidi\u00f3 a 300 trabajadores de su planta en San Fernando"},"content":{"rendered":"<div class=\"wp-block-image\">\n<figure class=\"aligncenter size-full is-resized\"><a href=\"https:\/\/www.elsindical.com.ar\/notas\/var\/www\/html\/notas\/wp-content\/uploads\/2024\/12\/Despidos-AVON-San-Fernando.jpeg\"><img loading=\"lazy\" decoding=\"async\" width=\"513\" height=\"375\" src=\"https:\/\/www.elsindical.com.ar\/notas\/var\/www\/html\/notas\/wp-content\/uploads\/2024\/12\/Despidos-AVON-San-Fernando.jpeg\" alt=\"\" class=\"wp-image-134627\" style=\"width:639px;height:auto\" srcset=\"https:\/\/www.elsindical.com.ar\/notas\/var\/www\/html\/notas\/wp-content\/uploads\/2024\/12\/Despidos-AVON-San-Fernando.jpeg 513w, https:\/\/www.elsindical.com.ar\/notas\/var\/www\/html\/notas\/wp-content\/uploads\/2024\/12\/Despidos-AVON-San-Fernando-300x219.jpeg 300w, https:\/\/www.elsindical.com.ar\/notas\/var\/www\/html\/notas\/wp-content\/uploads\/2024\/12\/Despidos-AVON-San-Fernando-410x300.jpeg 410w\" sizes=\"auto, (max-width: 513px) 100vw, 513px\" \/><\/a><\/figure>\n<\/div>\n\n\n<p>Los despedidos son trabajadores conveniados al Sindicato de Perfumistas. Fueron notificados por llamada telef\u00f3nica, pero a\u00fan no recibieron telegramas de despido. Se manifiestan en las puertas de la planta.<\/p>\n\n\n\n<p>Casi 300 trabajadores perfumistas fueron despedidos en las \u00faltimas horas tras el anuncio de cierre de la <strong>planta de Avon<\/strong> en la localidad bonaerense de San Fernando. Se trata del centro de distribuci\u00f3n perteneciente al fabricante brasile\u00f1o de cosm\u00e9ticos Natura.<\/p>\n\n\n\n<p>La medida les fue informada a los operarios durante el fin de semana mediante llamada telef\u00f3nica y se espera que en el transcurso de la semana comiencen a llegar los telegramas de despido.<\/p>\n\n\n\n<p>La decisi\u00f3n formar\u00eda parte de una plan de reestructuraci\u00f3n que la firma<strong> Natura<\/strong>, propietaria de Avon, llevar\u00eda adelante con la centralizaci\u00f3n de la log\u00edstica en una planta ubicada en el partido de Escobar. Hace meses la empresa hab\u00eda abierto un plan de retiros voluntarios.<\/p>\n\n\n\n<p>Los <strong>trabajadores despedidos ser\u00edan al menos 278<\/strong>, que realizaban&nbsp; funciones bajo convenio colectivo del <strong>Sindicato de Perfumistas<\/strong> y se encargaban de despachar los cosm\u00e9ticos y fragancias para abastecer al mercado local y exportar a Chile, Uruguay y Paraguay.<\/p>\n\n\n\n<p>El gremio de perfumistas a\u00fan no se expres\u00f3 p\u00fablicamente sobre la situaci\u00f3n de los trabajadores, aunque estar\u00eda ultimando detalles para garantizar indemnizaciones con un porcentaje extra. Habr\u00eda novedades en las pr\u00f3ximas horas.<\/p>\n\n\n\n<p>De acuerdo al relato de los damnificados, entre los despedidos habr\u00eda trabajadores con extensa trayectoria en la empresa, otros a poco tiempo de jubilarse y empleadas embarazadas y con hijos con discapacidad.<\/p>\n\n\n\n<p>Los trabajadores<strong> se convocaron a protestar en las puertas de la planta<\/strong> ubicada en la zona norte del conurbano bonaerense exigiendo la presencia de dirigentes del sindicato perfumista.<\/p>\n\n\n\n<figure class=\"wp-block-gallery has-nested-images columns-default is-cropped wp-block-gallery-1 is-layout-flex wp-block-gallery-is-layout-flex\">\n<figure class=\"wp-block-image size-large\"><a href=\"https:\/\/www.elsindical.com.ar\/notas\/var\/www\/html\/notas\/wp-content\/uploads\/2024\/12\/Despidos-AVON-San-Fernando-2.jpg\"><img loading=\"lazy\" decoding=\"async\" width=\"720\" height=\"586\" data-id=\"134628\" src=\"https:\/\/www.elsindical.com.ar\/notas\/var\/www\/html\/notas\/wp-content\/uploads\/2024\/12\/Despidos-AVON-San-Fernando-2.jpg\" alt=\"\" class=\"wp-image-134628\" srcset=\"https:\/\/www.elsindical.com.ar\/notas\/var\/www\/html\/notas\/wp-content\/uploads\/2024\/12\/Despidos-AVON-San-Fernando-2.jpg 720w, https:\/\/www.elsindical.com.ar\/notas\/var\/www\/html\/notas\/wp-content\/uploads\/2024\/12\/Despidos-AVON-San-Fernando-2-300x244.jpg 300w, https:\/\/www.elsindical.com.ar\/notas\/var\/www\/html\/notas\/wp-content\/uploads\/2024\/12\/Despidos-AVON-San-Fernando-2-369x300.jpg 369w\" sizes=\"auto, (max-width: 720px) 100vw, 720px\" \/><\/a><\/figure>\n\n\n\n<figure class=\"wp-block-image size-large\"><a href=\"https:\/\/www.elsindical.com.ar\/notas\/var\/www\/html\/notas\/wp-content\/uploads\/2024\/12\/Despidos-AVON-San-Fernando-3.jpg\"><img loading=\"lazy\" decoding=\"async\" width=\"937\" height=\"722\" data-id=\"134629\" src=\"https:\/\/www.elsindical.com.ar\/notas\/var\/www\/html\/notas\/wp-content\/uploads\/2024\/12\/Despidos-AVON-San-Fernando-3.jpg\" alt=\"\" class=\"wp-image-134629\" srcset=\"https:\/\/www.elsindical.com.ar\/notas\/var\/www\/html\/notas\/wp-content\/uploads\/2024\/12\/Despidos-AVON-San-Fernando-3.jpg 937w, https:\/\/www.elsindical.com.ar\/notas\/var\/www\/html\/notas\/wp-content\/uploads\/2024\/12\/Despidos-AVON-San-Fernando-3-300x231.jpg 300w, https:\/\/www.elsindical.com.ar\/notas\/var\/www\/html\/notas\/wp-content\/uploads\/2024\/12\/Despidos-AVON-San-Fernando-3-768x592.jpg 768w, https:\/\/www.elsindical.com.ar\/notas\/var\/www\/html\/notas\/wp-content\/uploads\/2024\/12\/Despidos-AVON-San-Fernando-3-389x300.jpg 389w\" sizes=\"auto, (max-width: 937px) 100vw, 937px\" \/><\/a><\/figure>\n<\/figure>\n","protected":false},"excerpt":{"rendered":"<p>Los despedidos son trabajadores conveniados al Sindicato de Perfumistas. Fueron notificados por llamada telef\u00f3nica, pero a\u00fan no recibieron telegramas de despido. Se manifiestan en las puertas de la planta. Casi 300 trabajadores perfumistas fueron despedidos en las \u00faltimas horas tras el anuncio de cierre de la planta de Avon en la localidad bonaerense de San&hellip;<\/p>\n","protected":false},"author":1,"featured_media":134627,"comment_status":"open","ping_status":"open","sticky":false,"template":"","format":"standard","meta":{"footnotes":""},"categories":[16],"tags":[44231,53,2450,44232,1463,44233],"class_list":["post-134626","post","type-post","status-publish","format-standard","has-post-thumbnail","hentry","category-gremiales","tag-avon","tag-despidos","tag-diario-el-sindical","tag-natura","tag-san-fernando","tag-sindicato-de-perfumistas"],"_links":{"self":[{"href":"https:\/\/www.elsindical.com.ar\/notas\/wp-json\/wp\/v2\/posts\/134626","targetHints":{"allow":["GET"]}}],"collection":[{"href":"https:\/\/www.elsindical.com.ar\/notas\/wp-json\/wp\/v2\/posts"}],"about":[{"href":"https:\/\/www.elsindical.com.ar\/notas\/wp-json\/wp\/v2\/types\/post"}],"author":[{"embeddable":true,"href":"https:\/\/www.elsindical.com.ar\/notas\/wp-json\/wp\/v2\/users\/1"}],"replies":[{"embeddable":true,"href":"https:\/\/www.elsindical.com.ar\/notas\/wp-json\/wp\/v2\/comments?post=134626"}],"version-history":[{"count":1,"href":"https:\/\/www.elsindical.com.ar\/notas\/wp-json\/wp\/v2\/posts\/134626\/revisions"}],"predecessor-version":[{"id":134630,"href":"https:\/\/www.elsindical.com.ar\/notas\/wp-json\/wp\/v2\/posts\/134626\/revisions\/134630"}],"wp:featuredmedia":[{"embeddable":true,"href":"https:\/\/www.elsindical.com.ar\/notas\/wp-json\/wp\/v2\/media\/134627"}],"wp:attachment":[{"href":"https:\/\/www.elsindical.com.ar\/notas\/wp-json\/wp\/v2\/media?parent=134626"}],"wp:term":[{"taxonomy":"category","embeddable":true,"href":"https:\/\/www.elsindical.com.ar\/notas\/wp-json\/wp\/v2\/categories?post=134626"},{"taxonomy":"post_tag","embeddable":true,"href":"https:\/\/www.elsindical.com.ar\/notas\/wp-json\/wp\/v2\/tags?post=134626"}],"curies":[{"name":"wp","href":"https:\/\/api.w.org\/{rel}","templated":true}]}}