{"id":134618,"date":"2024-12-09T11:08:02","date_gmt":"2024-12-09T14:08:02","guid":{"rendered":"https:\/\/www.elsindical.com.ar\/notas\/?p=134618"},"modified":"2024-12-09T11:08:50","modified_gmt":"2024-12-09T14:08:50","slug":"detuvieron-al-asesino-de-la-enfermera-del-hospital-churruca","status":"publish","type":"post","link":"https:\/\/www.elsindical.com.ar\/notas\/detuvieron-al-asesino-de-la-enfermera-del-hospital-churruca\/","title":{"rendered":"Detuvieron al asesino de la enfermera del Hospital Churruca"},"content":{"rendered":"<div class=\"wp-block-image\">\n<figure class=\"aligncenter size-large is-resized\"><a href=\"https:\/\/www.elsindical.com.ar\/notas\/var\/www\/html\/notas\/wp-content\/uploads\/2024\/12\/Detencion-asesino-enfermera-del-Churruca-1.jpeg\"><img loading=\"lazy\" decoding=\"async\" width=\"819\" height=\"1024\" src=\"https:\/\/www.elsindical.com.ar\/notas\/var\/www\/html\/notas\/wp-content\/uploads\/2024\/12\/Detencion-asesino-enfermera-del-Churruca-1-819x1024.jpeg\" alt=\"\" class=\"wp-image-134619\" style=\"width:410px;height:auto\" srcset=\"https:\/\/www.elsindical.com.ar\/notas\/var\/www\/html\/notas\/wp-content\/uploads\/2024\/12\/Detencion-asesino-enfermera-del-Churruca-1-819x1024.jpeg 819w, https:\/\/www.elsindical.com.ar\/notas\/var\/www\/html\/notas\/wp-content\/uploads\/2024\/12\/Detencion-asesino-enfermera-del-Churruca-1-240x300.jpeg 240w, https:\/\/www.elsindical.com.ar\/notas\/var\/www\/html\/notas\/wp-content\/uploads\/2024\/12\/Detencion-asesino-enfermera-del-Churruca-1-768x960.jpeg 768w, https:\/\/www.elsindical.com.ar\/notas\/var\/www\/html\/notas\/wp-content\/uploads\/2024\/12\/Detencion-asesino-enfermera-del-Churruca-1.jpeg 1080w\" sizes=\"auto, (max-width: 819px) 100vw, 819px\" \/><\/a><\/figure>\n<\/div>\n\n\n<p>Personal de de la Divisi\u00f3n Homicidios de la Polic\u00eda Federal Argentina captur\u00f3 al autor del asesinato de Eliana Vanesa G\u00f3mez, enfermera que se desempe\u00f1aba en el Hospital Churruca.<\/p>\n\n\n\n<p>Los agentes federales, junto a efectivos de la Polic\u00eda de la Provincia de Buenos Aires, efectivizaron la aprehensi\u00f3n del buscado en la Plaza Atalaya de la localidad de Rafael Castillo<\/p>\n\n\n\n<p>Ello pudo llevarse a cabo gracias a las tareas de campo que se estaban desarrollando, las cuales determinaron que la pareja del buscado, alias \u00abel oreja\u00bb, vend\u00eda golosinas de manera ambulante en la citada plaza, por lo que se intensificaron los rastrillajes encubiertos en la zona, hasta que se logr\u00f3 observar al buscado junto a su mujer y se materializ\u00f3 su aprehensi\u00f3n.<\/p>\n\n\n\n<p>Intervino la UFIJ Tem\u00e1tica de Homicidios del Departamento Judicial La Matanza, a cargo del Dr. Carlos Arribas.<\/p>\n\n\n\n<figure class=\"wp-block-gallery has-nested-images columns-default is-cropped wp-block-gallery-1 is-layout-flex wp-block-gallery-is-layout-flex\">\n<figure class=\"wp-block-image size-large\"><a href=\"https:\/\/www.elsindical.com.ar\/notas\/var\/www\/html\/notas\/wp-content\/uploads\/2024\/12\/Detencion-asesino-enfermera-del-Churruca-3.jpeg\"><img loading=\"lazy\" decoding=\"async\" width=\"1024\" height=\"993\" data-id=\"134621\" src=\"https:\/\/www.elsindical.com.ar\/notas\/var\/www\/html\/notas\/wp-content\/uploads\/2024\/12\/Detencion-asesino-enfermera-del-Churruca-3-1024x993.jpeg\" alt=\"\" class=\"wp-image-134621\" srcset=\"https:\/\/www.elsindical.com.ar\/notas\/var\/www\/html\/notas\/wp-content\/uploads\/2024\/12\/Detencion-asesino-enfermera-del-Churruca-3-1024x993.jpeg 1024w, https:\/\/www.elsindical.com.ar\/notas\/var\/www\/html\/notas\/wp-content\/uploads\/2024\/12\/Detencion-asesino-enfermera-del-Churruca-3-300x291.jpeg 300w, https:\/\/www.elsindical.com.ar\/notas\/var\/www\/html\/notas\/wp-content\/uploads\/2024\/12\/Detencion-asesino-enfermera-del-Churruca-3-768x745.jpeg 768w, https:\/\/www.elsindical.com.ar\/notas\/var\/www\/html\/notas\/wp-content\/uploads\/2024\/12\/Detencion-asesino-enfermera-del-Churruca-3-309x300.jpeg 309w, https:\/\/www.elsindical.com.ar\/notas\/var\/www\/html\/notas\/wp-content\/uploads\/2024\/12\/Detencion-asesino-enfermera-del-Churruca-3.jpeg 1237w\" sizes=\"auto, (max-width: 1024px) 100vw, 1024px\" \/><\/a><\/figure>\n\n\n\n<figure class=\"wp-block-image size-large\"><a href=\"https:\/\/www.elsindical.com.ar\/notas\/var\/www\/html\/notas\/wp-content\/uploads\/2024\/12\/Detencion-asesino-enfermera-del-Churruca-2.jpeg\"><img loading=\"lazy\" decoding=\"async\" width=\"1024\" height=\"1015\" data-id=\"134620\" src=\"https:\/\/www.elsindical.com.ar\/notas\/var\/www\/html\/notas\/wp-content\/uploads\/2024\/12\/Detencion-asesino-enfermera-del-Churruca-2-1024x1015.jpeg\" alt=\"\" class=\"wp-image-134620\" srcset=\"https:\/\/www.elsindical.com.ar\/notas\/var\/www\/html\/notas\/wp-content\/uploads\/2024\/12\/Detencion-asesino-enfermera-del-Churruca-2-1024x1015.jpeg 1024w, https:\/\/www.elsindical.com.ar\/notas\/var\/www\/html\/notas\/wp-content\/uploads\/2024\/12\/Detencion-asesino-enfermera-del-Churruca-2-300x297.jpeg 300w, https:\/\/www.elsindical.com.ar\/notas\/var\/www\/html\/notas\/wp-content\/uploads\/2024\/12\/Detencion-asesino-enfermera-del-Churruca-2-150x150.jpeg 150w, https:\/\/www.elsindical.com.ar\/notas\/var\/www\/html\/notas\/wp-content\/uploads\/2024\/12\/Detencion-asesino-enfermera-del-Churruca-2-768x761.jpeg 768w, https:\/\/www.elsindical.com.ar\/notas\/var\/www\/html\/notas\/wp-content\/uploads\/2024\/12\/Detencion-asesino-enfermera-del-Churruca-2-303x300.jpeg 303w, https:\/\/www.elsindical.com.ar\/notas\/var\/www\/html\/notas\/wp-content\/uploads\/2024\/12\/Detencion-asesino-enfermera-del-Churruca-2-50x50.jpeg 50w, https:\/\/www.elsindical.com.ar\/notas\/var\/www\/html\/notas\/wp-content\/uploads\/2024\/12\/Detencion-asesino-enfermera-del-Churruca-2.jpeg 1080w\" sizes=\"auto, (max-width: 1024px) 100vw, 1024px\" \/><\/a><\/figure>\n<\/figure>\n","protected":false},"excerpt":{"rendered":"<p>Personal de de la Divisi\u00f3n Homicidios de la Polic\u00eda Federal Argentina captur\u00f3 al autor del asesinato de Eliana Vanesa G\u00f3mez, enfermera que se desempe\u00f1aba en el Hospital Churruca. Los agentes federales, junto a efectivos de la Polic\u00eda de la Provincia de Buenos Aires, efectivizaron la aprehensi\u00f3n del buscado en la Plaza Atalaya de la localidad&hellip;<\/p>\n","protected":false},"author":1,"featured_media":134619,"comment_status":"open","ping_status":"open","sticky":false,"template":"","format":"standard","meta":{"footnotes":""},"categories":[22],"tags":[363,2450,44230,9247,2184,698,5435,116],"class_list":["post-134618","post","type-post","status-publish","format-standard","has-post-thumbnail","hentry","category-policiales","tag-asesinato","tag-diario-el-sindical","tag-eliana-vanesa-gomez","tag-enfermera","tag-hospital-churruca","tag-pfa","tag-rafael-castillo","tag-robo"],"_links":{"self":[{"href":"https:\/\/www.elsindical.com.ar\/notas\/wp-json\/wp\/v2\/posts\/134618","targetHints":{"allow":["GET"]}}],"collection":[{"href":"https:\/\/www.elsindical.com.ar\/notas\/wp-json\/wp\/v2\/posts"}],"about":[{"href":"https:\/\/www.elsindical.com.ar\/notas\/wp-json\/wp\/v2\/types\/post"}],"author":[{"embeddable":true,"href":"https:\/\/www.elsindical.com.ar\/notas\/wp-json\/wp\/v2\/users\/1"}],"replies":[{"embeddable":true,"href":"https:\/\/www.elsindical.com.ar\/notas\/wp-json\/wp\/v2\/comments?post=134618"}],"version-history":[{"count":1,"href":"https:\/\/www.elsindical.com.ar\/notas\/wp-json\/wp\/v2\/posts\/134618\/revisions"}],"predecessor-version":[{"id":134622,"href":"https:\/\/www.elsindical.com.ar\/notas\/wp-json\/wp\/v2\/posts\/134618\/revisions\/134622"}],"wp:featuredmedia":[{"embeddable":true,"href":"https:\/\/www.elsindical.com.ar\/notas\/wp-json\/wp\/v2\/media\/134619"}],"wp:attachment":[{"href":"https:\/\/www.elsindical.com.ar\/notas\/wp-json\/wp\/v2\/media?parent=134618"}],"wp:term":[{"taxonomy":"category","embeddable":true,"href":"https:\/\/www.elsindical.com.ar\/notas\/wp-json\/wp\/v2\/categories?post=134618"},{"taxonomy":"post_tag","embeddable":true,"href":"https:\/\/www.elsindical.com.ar\/notas\/wp-json\/wp\/v2\/tags?post=134618"}],"curies":[{"name":"wp","href":"https:\/\/api.w.org\/{rel}","templated":true}]}}