{"id":134594,"date":"2024-12-07T18:53:50","date_gmt":"2024-12-07T21:53:50","guid":{"rendered":"https:\/\/www.elsindical.com.ar\/notas\/?p=134594"},"modified":"2024-12-07T18:55:09","modified_gmt":"2024-12-07T21:55:09","slug":"pami-y-los-tramites-por-los-medicamentos-gratuitos","status":"publish","type":"post","link":"https:\/\/www.elsindical.com.ar\/notas\/pami-y-los-tramites-por-los-medicamentos-gratuitos\/","title":{"rendered":"PAMI y los tr\u00e1mites por los medicamentos gratuitos"},"content":{"rendered":"<div class=\"wp-block-image\">\n<figure class=\"aligncenter size-full\"><a href=\"https:\/\/www.elsindical.com.ar\/notas\/var\/www\/html\/notas\/wp-content\/uploads\/2023\/08\/PAMI-muro.jpg\"><img loading=\"lazy\" decoding=\"async\" width=\"682\" height=\"432\" src=\"https:\/\/www.elsindical.com.ar\/notas\/var\/www\/html\/notas\/wp-content\/uploads\/2023\/08\/PAMI-muro.jpg\" alt=\"\" class=\"wp-image-124433\" srcset=\"https:\/\/www.elsindical.com.ar\/notas\/var\/www\/html\/notas\/wp-content\/uploads\/2023\/08\/PAMI-muro.jpg 682w, https:\/\/www.elsindical.com.ar\/notas\/var\/www\/html\/notas\/wp-content\/uploads\/2023\/08\/PAMI-muro-300x190.jpg 300w, https:\/\/www.elsindical.com.ar\/notas\/var\/www\/html\/notas\/wp-content\/uploads\/2023\/08\/PAMI-muro-474x300.jpg 474w\" sizes=\"auto, (max-width: 682px) 100vw, 682px\" \/><\/a><\/figure>\n<\/div>\n\n\n<p>Tras el esc\u00e1ndalo, el PAMI anunci\u00f3 una modificaci\u00f3n en el tr\u00e1mite para seguir manteniendo la cobertura de los medicamentos.<\/p>\n\n\n\n<p>D\u00edas atr\u00e1s, el PAMI anunciaba que se terminaban los medicamentos gratuitos para jubilados y deb\u00edan realizar un tr\u00e1mite. As\u00ed, miles de adultos mayores acudieron a las oficinas del PAMI para saber c\u00f3mo hacerlo. Ahora, se anunci\u00f3 un <strong>cambio para facilitar el tr\u00e1mite<\/strong>.<\/p>\n\n\n\n<p><strong>El momento de mayor tensi\u00f3n fue ayer en C\u00f3rdoba, donde un jubilado amenaz\u00f3 con prenderse fuego<\/strong> en una sede del PAMI por la quita de los medicamentos gratuitos, a los que no pueden acceder de otra forma porque cobran jubilaciones magras frente al aumento del costo de vida.<\/p>\n\n\n\n<p><strong>Ahora, se anunci\u00f3 que el tr\u00e1mite es m\u00e1s sencillo<\/strong>: ya no hay que llenar el formulario, ir al m\u00e9dico para la receta y finalizar el tr\u00e1mite. <strong>Con acercarse a una dependencia con la credencial y el DNI, los empleados corroborar\u00e1n la situaci\u00f3n. Tambi\u00e9n se puede hacer v\u00eda web.<\/strong><\/p>\n\n\n\n<p>En caso de cumplir con los requisitos, el tr\u00e1mite queda aprobado autom\u00e1ticamente y los medicamentos deben ser entregados de forma inmediata.<\/p>\n\n\n\n<ul class=\"wp-block-list\">\n<li>Tener Ingresos netos menores a 1,5 haberes previsionales m\u00ednimos. Para los hogares que posean conviviente con Certificado \u00danico de Discapacidad (CUD), los ingresos mensuales totales deber\u00e1n ser menores a 3 haberes previsionales m\u00ednimos.<\/li>\n\n\n\n<li>No encontrarse afiliado a un sistema de medicina prepaga concomitantemente con la afiliaci\u00f3n al Instituto.<\/li>\n\n\n\n<li>No ser propietario de m\u00e1s de un inmueble.<\/li>\n\n\n\n<li>No poseer aeronaves o embarcaciones de lujo.<\/li>\n\n\n\n<li>No poseer un veh\u00edculo con menos de diez a\u00f1os de antig\u00fcedad, a excepci\u00f3n de los hogares que posean conviviente con Certificado \u00danico de Discapacidad (CUD), quienes pueden ser titulares de hasta un veh\u00edculo con menos de diez a\u00f1os de antig\u00fcedad.<\/li>\n\n\n\n<li>No ser titular de activos societarios que demuestren capacidad econ\u00f3mica plena.<\/li>\n<\/ul>\n\n\n\n<p>Desde el PAMI aclararon que \u201cde no cumplir con los puntos 1) y 2) y,&nbsp;<strong>siendo el costo en bolsillo de los medicamentos indicados para su tratamiento igual o mayor al 15% de sus ingresos<\/strong>, podr\u00e1 solicitar la cobertura al 100% en medicamentos por razones sociales a trav\u00e9s de un mecanismo de v\u00eda de excepci\u00f3n.<\/p>\n","protected":false},"excerpt":{"rendered":"<p>Tras el esc\u00e1ndalo, el PAMI anunci\u00f3 una modificaci\u00f3n en el tr\u00e1mite para seguir manteniendo la cobertura de los medicamentos. D\u00edas atr\u00e1s, el PAMI anunciaba que se terminaban los medicamentos gratuitos para jubilados y deb\u00edan realizar un tr\u00e1mite. As\u00ed, miles de adultos mayores acudieron a las oficinas del PAMI para saber c\u00f3mo hacerlo. Ahora, se anunci\u00f3&hellip;<\/p>\n","protected":false},"author":1,"featured_media":124433,"comment_status":"open","ping_status":"open","sticky":false,"template":"","format":"standard","meta":{"footnotes":""},"categories":[25],"tags":[3360,4910,44188,3582,8213],"class_list":["post-134594","post","type-post","status-publish","format-standard","has-post-thumbnail","hentry","category-sociedad","tag-afiliados","tag-jubilados","tag-medicamentos-gratuitos","tag-pami","tag-tramites"],"_links":{"self":[{"href":"https:\/\/www.elsindical.com.ar\/notas\/wp-json\/wp\/v2\/posts\/134594","targetHints":{"allow":["GET"]}}],"collection":[{"href":"https:\/\/www.elsindical.com.ar\/notas\/wp-json\/wp\/v2\/posts"}],"about":[{"href":"https:\/\/www.elsindical.com.ar\/notas\/wp-json\/wp\/v2\/types\/post"}],"author":[{"embeddable":true,"href":"https:\/\/www.elsindical.com.ar\/notas\/wp-json\/wp\/v2\/users\/1"}],"replies":[{"embeddable":true,"href":"https:\/\/www.elsindical.com.ar\/notas\/wp-json\/wp\/v2\/comments?post=134594"}],"version-history":[{"count":1,"href":"https:\/\/www.elsindical.com.ar\/notas\/wp-json\/wp\/v2\/posts\/134594\/revisions"}],"predecessor-version":[{"id":134595,"href":"https:\/\/www.elsindical.com.ar\/notas\/wp-json\/wp\/v2\/posts\/134594\/revisions\/134595"}],"wp:featuredmedia":[{"embeddable":true,"href":"https:\/\/www.elsindical.com.ar\/notas\/wp-json\/wp\/v2\/media\/124433"}],"wp:attachment":[{"href":"https:\/\/www.elsindical.com.ar\/notas\/wp-json\/wp\/v2\/media?parent=134594"}],"wp:term":[{"taxonomy":"category","embeddable":true,"href":"https:\/\/www.elsindical.com.ar\/notas\/wp-json\/wp\/v2\/categories?post=134594"},{"taxonomy":"post_tag","embeddable":true,"href":"https:\/\/www.elsindical.com.ar\/notas\/wp-json\/wp\/v2\/tags?post=134594"}],"curies":[{"name":"wp","href":"https:\/\/api.w.org\/{rel}","templated":true}]}}