{"id":134591,"date":"2024-12-07T18:49:38","date_gmt":"2024-12-07T21:49:38","guid":{"rendered":"https:\/\/www.elsindical.com.ar\/notas\/?p=134591"},"modified":"2024-12-07T19:01:46","modified_gmt":"2024-12-07T22:01:46","slug":"julian-alvarez-un-intendente-con-pocas-luces","status":"publish","type":"post","link":"https:\/\/www.elsindical.com.ar\/notas\/julian-alvarez-un-intendente-con-pocas-luces\/","title":{"rendered":"Juli\u00e1n \u00c1lvarez un intendente con pocas luces"},"content":{"rendered":"\n<figure class=\"wp-block-image size-full\"><a href=\"https:\/\/www.elsindical.com.ar\/notas\/var\/www\/html\/notas\/wp-content\/uploads\/2024\/12\/Julian-Alvarez-intendente-de-Lanus.png\"><img loading=\"lazy\" decoding=\"async\" width=\"800\" height=\"445\" src=\"https:\/\/www.elsindical.com.ar\/notas\/var\/www\/html\/notas\/wp-content\/uploads\/2024\/12\/Julian-Alvarez-intendente-de-Lanus.png\" alt=\"\" class=\"wp-image-134592\" srcset=\"https:\/\/www.elsindical.com.ar\/notas\/var\/www\/html\/notas\/wp-content\/uploads\/2024\/12\/Julian-Alvarez-intendente-de-Lanus.png 800w, https:\/\/www.elsindical.com.ar\/notas\/var\/www\/html\/notas\/wp-content\/uploads\/2024\/12\/Julian-Alvarez-intendente-de-Lanus-300x167.png 300w, https:\/\/www.elsindical.com.ar\/notas\/var\/www\/html\/notas\/wp-content\/uploads\/2024\/12\/Julian-Alvarez-intendente-de-Lanus-768x427.png 768w, https:\/\/www.elsindical.com.ar\/notas\/var\/www\/html\/notas\/wp-content\/uploads\/2024\/12\/Julian-Alvarez-intendente-de-Lanus-500x278.png 500w\" sizes=\"auto, (max-width: 800px) 100vw, 800px\" \/><\/a><\/figure>\n\n\n\n<p>   Los vecinos de Lan\u00fas, ya no saben d\u00f3nde m\u00e1s reclamar por los constantes hechos de inseguridad que se repiten a diario sin que el intendente Juli\u00e1n \u00c1lvarez, tome una sola medida que por lo menos demuestre un poco de inter\u00e9s.<\/p>\n\n\n\n<p>La falta de un funcionario con experiencia y dedicaci\u00f3n en seguridad es primordial, pero el intendente prefiere sostener a un funcionario que ya demostr\u00f3 ser un in\u00fatil en el \u00e1rea y apostar a campa\u00f1as de prensa promocionando una seguridad que no existe.<\/p>\n\n\n\n<p>Por si faltara algo, muchas calles y plazas de Lan\u00fas carecen de una buena iluminaci\u00f3n, lo que hace que comenzada la noche ya sea un peligro concurrir a esos lugares o transitar las calles con un m\u00ednimo de seguridad.<\/p>\n\n\n\n<p>Un claro ejemplo es el de la Plaza Bustamante donde a pesar de las quejas vecinales sigue siendo un lugar oscuro.<\/p>\n\n\n\n<figure class=\"wp-block-embed is-type-video is-provider-youtube wp-block-embed-youtube wp-embed-aspect-16-9 wp-has-aspect-ratio\"><div class=\"wp-block-embed__wrapper\">\n<iframe loading=\"lazy\" title=\"Plaza Bustamante Lan\u00fas diciembre 2024\" width=\"700\" height=\"394\" src=\"https:\/\/www.youtube.com\/embed\/56jqmj7JUbk?feature=oembed\" frameborder=\"0\" allow=\"accelerometer; autoplay; clipboard-write; encrypted-media; gyroscope; picture-in-picture; web-share\" referrerpolicy=\"strict-origin-when-cross-origin\" allowfullscreen><\/iframe>\n<\/div><\/figure>\n","protected":false},"excerpt":{"rendered":"<p>Los vecinos de Lan\u00fas, ya no saben d\u00f3nde m\u00e1s reclamar por los constantes hechos de inseguridad que se repiten a diario sin que el intendente Juli\u00e1n \u00c1lvarez, tome una sola medida que por lo menos demuestre un poco de inter\u00e9s. La falta de un funcionario con experiencia y dedicaci\u00f3n en seguridad es primordial, pero el&hellip;<\/p>\n","protected":false},"author":1,"featured_media":134592,"comment_status":"open","ping_status":"open","sticky":false,"template":"","format":"standard","meta":{"footnotes":""},"categories":[13],"tags":[6860,2450,984,39958,209,3146],"class_list":["post-134591","post","type-post","status-publish","format-standard","has-post-thumbnail","hentry","category-politica","tag-calles","tag-diario-el-sindical","tag-inseguridad","tag-julian-alvarez-2","tag-lanus","tag-plazas"],"_links":{"self":[{"href":"https:\/\/www.elsindical.com.ar\/notas\/wp-json\/wp\/v2\/posts\/134591","targetHints":{"allow":["GET"]}}],"collection":[{"href":"https:\/\/www.elsindical.com.ar\/notas\/wp-json\/wp\/v2\/posts"}],"about":[{"href":"https:\/\/www.elsindical.com.ar\/notas\/wp-json\/wp\/v2\/types\/post"}],"author":[{"embeddable":true,"href":"https:\/\/www.elsindical.com.ar\/notas\/wp-json\/wp\/v2\/users\/1"}],"replies":[{"embeddable":true,"href":"https:\/\/www.elsindical.com.ar\/notas\/wp-json\/wp\/v2\/comments?post=134591"}],"version-history":[{"count":2,"href":"https:\/\/www.elsindical.com.ar\/notas\/wp-json\/wp\/v2\/posts\/134591\/revisions"}],"predecessor-version":[{"id":134597,"href":"https:\/\/www.elsindical.com.ar\/notas\/wp-json\/wp\/v2\/posts\/134591\/revisions\/134597"}],"wp:featuredmedia":[{"embeddable":true,"href":"https:\/\/www.elsindical.com.ar\/notas\/wp-json\/wp\/v2\/media\/134592"}],"wp:attachment":[{"href":"https:\/\/www.elsindical.com.ar\/notas\/wp-json\/wp\/v2\/media?parent=134591"}],"wp:term":[{"taxonomy":"category","embeddable":true,"href":"https:\/\/www.elsindical.com.ar\/notas\/wp-json\/wp\/v2\/categories?post=134591"},{"taxonomy":"post_tag","embeddable":true,"href":"https:\/\/www.elsindical.com.ar\/notas\/wp-json\/wp\/v2\/tags?post=134591"}],"curies":[{"name":"wp","href":"https:\/\/api.w.org\/{rel}","templated":true}]}}