{"id":134476,"date":"2024-12-02T20:07:34","date_gmt":"2024-12-02T23:07:34","guid":{"rendered":"https:\/\/www.elsindical.com.ar\/notas\/?p=134476"},"modified":"2024-12-02T20:07:58","modified_gmt":"2024-12-02T23:07:58","slug":"preocupacion-en-el-sector-pesquero-por-las-acefalias-en-la-subsecretaria-de-recursos-acuaticos-y-pesca","status":"publish","type":"post","link":"https:\/\/www.elsindical.com.ar\/notas\/preocupacion-en-el-sector-pesquero-por-las-acefalias-en-la-subsecretaria-de-recursos-acuaticos-y-pesca\/","title":{"rendered":"Preocupaci\u00f3n en el sector pesquero por las acefal\u00edas en la Subsecretar\u00eda de Recursos Acu\u00e1ticos y Pesca"},"content":{"rendered":"<div class=\"wp-block-image\">\n<figure class=\"aligncenter size-full\"><a href=\"https:\/\/www.elsindical.com.ar\/notas\/var\/www\/html\/notas\/wp-content\/uploads\/2024\/12\/Mariano-Moreno-3.jpg\"><img loading=\"lazy\" decoding=\"async\" width=\"740\" height=\"470\" src=\"https:\/\/www.elsindical.com.ar\/notas\/var\/www\/html\/notas\/wp-content\/uploads\/2024\/12\/Mariano-Moreno-3.jpg\" alt=\"\" class=\"wp-image-134477\" srcset=\"https:\/\/www.elsindical.com.ar\/notas\/var\/www\/html\/notas\/wp-content\/uploads\/2024\/12\/Mariano-Moreno-3.jpg 740w, https:\/\/www.elsindical.com.ar\/notas\/var\/www\/html\/notas\/wp-content\/uploads\/2024\/12\/Mariano-Moreno-3-300x191.jpg 300w, https:\/\/www.elsindical.com.ar\/notas\/var\/www\/html\/notas\/wp-content\/uploads\/2024\/12\/Mariano-Moreno-3-472x300.jpg 472w\" sizes=\"auto, (max-width: 740px) 100vw, 740px\" \/><\/a><\/figure>\n<\/div>\n\n\n<p>El Centro de Patrones y Oficiales Fluviales de Pesca y de Cabotaje Mar\u00edtimo, que conduce Mariano Moreno, expres\u00f3 su creciente preocupaci\u00f3n por lo que consideran un grave vaciamiento en la estructura organizativa de la Subsecretar\u00eda de Recursos Acu\u00e1ticos y Pesca de la Naci\u00f3n. Esta situaci\u00f3n se ve complementada por la derogaci\u00f3n de normas clave en materia pesquera que el Gobierno nacional llev\u00f3 adelante en agosto de este a\u00f1o.<\/p>\n\n\n\n<p>El \u00faltimo viernes de noviembre, el Subsecretario de Recursos Acu\u00e1ticos y Pesca, Juan Antonio L\u00f3pez Cazorla, despidi\u00f3 al Director Nacional de Coordinaci\u00f3n y Fiscalizaci\u00f3n Pesquera, Alejandro Bonicatto. Bonicatto hab\u00eda sido designado en agosto, despu\u00e9s de varios meses de vacancia en el cargo. En consecuencia, el Secretario General del Centro de Patrones, capit\u00e1n Mariano Moreno, no ocult\u00f3 su preocupaci\u00f3n: \u201cUna vez m\u00e1s, somos testigos del improvisado accionar del Gobierno Nacional en materia pesquera. En nuestro pa\u00eds, la m\u00e1xima autoridad administrativa en el \u00e1mbito pesquero est\u00e1 representada por el Subsecretario de Recursos Acu\u00e1ticos y Pesca y, despu\u00e9s de \u00e9l, el Director Nacional de Coordinaci\u00f3n Pesquera lleva la mayor responsabilidad. Por la relevancia de la industria y por la enorme cantidad de familias que dependen de su desarrollo en t\u00e9rminos de sostenibilidad de los recursos, resulta como m\u00ednimo preocupante que, nuevamente, nos encontremos ante una situaci\u00f3n de vaciamiento y acefal\u00eda en el sector\u201d.<\/p>\n\n\n\n<p>La estructura organizativa de la Direcci\u00f3n Nacional de Coordinaci\u00f3n y Fiscalizaci\u00f3n Pesquera, encargada de coordinar y controlar la actividad pesquera en el pa\u00eds, qued\u00f3 gravemente afectada. A partir del 10 de diciembre de 2023, el cargo de Director de Control y Fiscalizaci\u00f3n permanece vacante. Esta situaci\u00f3n se profundiza con la reciente salida de Bonicatto y del Coordinador de An\u00e1lisis de Infracciones y Sanciones, Conrado Garzoli.<\/p>\n\n\n\n<p>Moreno se mostr\u00f3 alarmado por la desregulaci\u00f3n: \u201cEl Gobierno desregul\u00f3, en el mes de agosto, la normativa pesquera que proteg\u00eda el estado de nuestros recursos y que hab\u00eda generado estructuras de trabajo eficaces que nos hab\u00edan posicionado como pa\u00eds por encima de los m\u00e1s altos est\u00e1ndares internacionales en la materia\u201d. Y agreg\u00f3: \u201cSumado a ello, la nueva administraci\u00f3n decidi\u00f3 avanzar sobre el desmantelamiento de los mecanismos de Control y Fiscalizaci\u00f3n pesquera, dejando vacante el cargo de Director, despidiendo a inspectores e inspectoras y dejando los muelles desiertos de la presencia de inspectores, atentando contra la salubridad de nuestro caladero y poniendo en jaque la certificaci\u00f3n de nuestras pesquer\u00edas\u201d.<\/p>\n\n\n\n<p>Las principales funciones del Director Nacional de Coordinaci\u00f3n y Fiscalizaci\u00f3n Pesquera, y de Control y Fiscalizaci\u00f3n, son clave para la seguridad y sostenibilidad del sector. Entre estas tareas se encuentran la fiscalizaci\u00f3n de las actividades de pesca comercial en el \u00e1mbito nacional, el monitoreo satelital de los buques, la coordinaci\u00f3n de actividades con las Fuerzas de Seguridad y las Fuerzas Armadas, la supervisi\u00f3n de los inspectores y el an\u00e1lisis de las infracciones a la normativa vigente.<\/p>\n\n\n\n<p>\u201cEl control de la pesca es fundamental para evitar la pesca ilegal y la sobreexplotaci\u00f3n de los recursos. Sin estos controles, no solo se pone en riesgo el presente, sino que se afectan las generaciones futuras. La falta de un organismo competente y operativo en el sector es una amenaza real para la industria pesquera y para las miles de familias que dependen de ella\u201d, destac\u00f3 el referente gremial.<\/p>\n\n\n\n<p>Finalmente, el capit\u00e1n hizo un llamado urgente a las autoridades: \u201cExigimos que se ponga en funcionamiento el andamiaje administrativo pesquero en su totalidad. Este estado de acefal\u00eda y anomia est\u00e1 perjudicando gravemente a todos los actores que forman parte del sector pesquero argentino. La actividad pesquera se desarrolla en base a la explotaci\u00f3n de recursos naturales finitos, y debe ser controlada de manera estricta. De lo contrario, los da\u00f1os pueden ser irreparables a largo plazo\u201d.<\/p>\n","protected":false},"excerpt":{"rendered":"<p>El Centro de Patrones y Oficiales Fluviales de Pesca y de Cabotaje Mar\u00edtimo, que conduce Mariano Moreno, expres\u00f3 su creciente preocupaci\u00f3n por lo que consideran un grave vaciamiento en la estructura organizativa de la Subsecretar\u00eda de Recursos Acu\u00e1ticos y Pesca de la Naci\u00f3n. Esta situaci\u00f3n se ve complementada por la derogaci\u00f3n de normas clave en&hellip;<\/p>\n","protected":false},"author":1,"featured_media":134477,"comment_status":"open","ping_status":"open","sticky":false,"template":"","format":"standard","meta":{"footnotes":""},"categories":[16,13],"tags":[42493,2450,3610,44196],"class_list":["post-134476","post","type-post","status-publish","format-standard","has-post-thumbnail","hentry","category-gremiales","category-politica","tag-centro-de-patrones-y-oficiales-fluviales","tag-diario-el-sindical","tag-mariano-moreno","tag-subsecretaria-de-recursos-acuaticos-y-pesca"],"_links":{"self":[{"href":"https:\/\/www.elsindical.com.ar\/notas\/wp-json\/wp\/v2\/posts\/134476","targetHints":{"allow":["GET"]}}],"collection":[{"href":"https:\/\/www.elsindical.com.ar\/notas\/wp-json\/wp\/v2\/posts"}],"about":[{"href":"https:\/\/www.elsindical.com.ar\/notas\/wp-json\/wp\/v2\/types\/post"}],"author":[{"embeddable":true,"href":"https:\/\/www.elsindical.com.ar\/notas\/wp-json\/wp\/v2\/users\/1"}],"replies":[{"embeddable":true,"href":"https:\/\/www.elsindical.com.ar\/notas\/wp-json\/wp\/v2\/comments?post=134476"}],"version-history":[{"count":1,"href":"https:\/\/www.elsindical.com.ar\/notas\/wp-json\/wp\/v2\/posts\/134476\/revisions"}],"predecessor-version":[{"id":134478,"href":"https:\/\/www.elsindical.com.ar\/notas\/wp-json\/wp\/v2\/posts\/134476\/revisions\/134478"}],"wp:featuredmedia":[{"embeddable":true,"href":"https:\/\/www.elsindical.com.ar\/notas\/wp-json\/wp\/v2\/media\/134477"}],"wp:attachment":[{"href":"https:\/\/www.elsindical.com.ar\/notas\/wp-json\/wp\/v2\/media?parent=134476"}],"wp:term":[{"taxonomy":"category","embeddable":true,"href":"https:\/\/www.elsindical.com.ar\/notas\/wp-json\/wp\/v2\/categories?post=134476"},{"taxonomy":"post_tag","embeddable":true,"href":"https:\/\/www.elsindical.com.ar\/notas\/wp-json\/wp\/v2\/tags?post=134476"}],"curies":[{"name":"wp","href":"https:\/\/api.w.org\/{rel}","templated":true}]}}