{"id":134470,"date":"2024-12-02T11:44:50","date_gmt":"2024-12-02T14:44:50","guid":{"rendered":"https:\/\/www.elsindical.com.ar\/notas\/?p=134470"},"modified":"2024-12-02T11:45:13","modified_gmt":"2024-12-02T14:45:13","slug":"vuelve-el-dolar-ahorro-quienes-podran-acceder-al-cupo-de-ud200","status":"publish","type":"post","link":"https:\/\/www.elsindical.com.ar\/notas\/vuelve-el-dolar-ahorro-quienes-podran-acceder-al-cupo-de-ud200\/","title":{"rendered":"Vuelve el d\u00f3lar ahorro: Quienes podr\u00e1n acceder al cupo de U$D200"},"content":{"rendered":"<div class=\"wp-block-image\">\n<figure class=\"aligncenter size-full is-resized\"><a href=\"https:\/\/www.elsindical.com.ar\/notas\/var\/www\/html\/notas\/wp-content\/uploads\/2012\/04\/cajero-autom\u00e1tico-d\u00f3lares.jpg\"><img loading=\"lazy\" decoding=\"async\" width=\"413\" height=\"198\" src=\"https:\/\/www.elsindical.com.ar\/notas\/var\/www\/html\/notas\/wp-content\/uploads\/2012\/04\/cajero-autom\u00e1tico-d\u00f3lares.jpg\" alt=\"\" class=\"wp-image-22687\" style=\"width:615px;height:auto\" srcset=\"https:\/\/www.elsindical.com.ar\/notas\/var\/www\/html\/notas\/wp-content\/uploads\/2012\/04\/cajero-autom\u00e1tico-d\u00f3lares.jpg 413w, https:\/\/www.elsindical.com.ar\/notas\/var\/www\/html\/notas\/wp-content\/uploads\/2012\/04\/cajero-autom\u00e1tico-d\u00f3lares-300x143.jpg 300w\" sizes=\"auto, (max-width: 413px) 100vw, 413px\" \/><\/a><\/figure>\n<\/div>\n\n\n<p class=\"wp-block-paragraph\">Comienza un nuevo mes y los ahorristas podr\u00e1n volver a hacer uso del cupo de u$s200 que el Banco Central (BCRA) permite adquirir por mes en el mercado oficial para aquellas operaciones no vinculadas con el comercio exterior. Se trata del llamado \u201c<strong>d\u00f3lar ahorro<\/strong>\u201c, que los usuarios esperan que se abarate a fin de mes con la eliminaci\u00f3n del Impuesto PAIS.<\/p>\n\n\n\n<p class=\"wp-block-paragraph\">La cotizaci\u00f3n de este tipo de cambio, tambi\u00e9n denominado d\u00f3lar \u201ctarjeta\u201d o \u201csolidario\u201d, es la del minorista, pero con un recargo del 60% en impuestos. En lo que va de noviembre el precio subi\u00f3 1,7% para alcanzar un valor de $1.644.<\/p>\n\n\n\n<p class=\"wp-block-paragraph\">En lo que va del a\u00f1o el d\u00f3lar minorista aument\u00f3 sostenidamente por debajo de la tasa de inflaci\u00f3n. Mientras el valor del primero creci\u00f3 24,1%, se estima que el \u00cdndice de Precios al Consumidor (IPC) registr\u00f3 en el mismo per\u00edodo una variaci\u00f3n cercana al 110%.<\/p>\n\n\n\n<p class=\"wp-block-paragraph\">Aun as\u00ed, vale remarcar que en noviembre volvi\u00f3 a incrementarse, en diez puntos porcentuales, la brecha entre \u201ctarjeta\u201d y el MEP, que es la otra alternativa legal que tienen los ahorristas para cubrirse en \u201cbillete verde\u201d. Esto se da debido a los mencionados impuestos que siguen vigentes.<\/p>\n\n\n\n<h2 class=\"wp-block-heading\">Eliminaci\u00f3n del Impuesto PAIS: \u00bfc\u00f3mo impacta en el d\u00f3lar ahorro?<\/h2>\n\n\n\n<p class=\"wp-block-paragraph\">El Impuesto PAIS es un tributo de emergencia que grava la compra de billetes y divisas en moneda extranjera y la adquisici\u00f3n de bienes y servicios en el exterior, que se cre\u00f3 durante los primeros d\u00edas del gobierno de Alberto Fern\u00e1ndez a trav\u00e9s de la Ley 27.541, para ser aplicado a nivel nacional durante cinco per\u00edodos fiscales. Gravaba con una al\u00edcuota del 15% a las importaciones, luego fue reducido al 7,5% en octubre de este a\u00f1o y dejar\u00e1 de estar vigente el 22 de diciembre.<\/p>\n\n\n\n<p class=\"wp-block-paragraph\">Para las operaciones de atesoramiento de d\u00f3lares estas medidas no corren, por lo que se espera que cuando se elimine definitivamente el Impuesto PAIS, el valor del d\u00f3lar \u201cahorro\u201d se reduzca un 30%, lo cual hoy dar\u00eda una cotizaci\u00f3n de $1.335,75, a\u00fan por encima de las cotizaciones paralelas.<\/p>\n\n\n\n<h2 class=\"wp-block-heading\">\u00bfQui\u00e9nes no pueden comprar d\u00f3lar ahorro?<\/h2>\n\n\n\n<p class=\"wp-block-paragraph\"><strong>No pueden comprar d\u00f3lar ahorro las siguientes personas:<\/strong><\/p>\n\n\n\n<ul class=\"wp-block-list\">\n<li>Quienes compraron d\u00f3lar MEP o CCL en los \u00faltimos 90 d\u00edas.<\/li>\n\n\n\n<li>Quienes cobraron salarios en 2020 a trav\u00e9s del programa de Asistencia a la Producci\u00f3n y el Trabajo (ATP).<\/li>\n\n\n\n<li>Quienes cobran planes sociales o ayudas estatales como la Asignaci\u00f3n Universal por Hijo (AUH).<\/li>\n\n\n\n<li>Monotributistas que tengan en curso cr\u00e9ditos a tasa subsidiada.<\/li>\n\n\n\n<li>Quienes no tienen sus ingresos declarados.<\/li>\n\n\n\n<li>Cotitulares de cuentas bancarias.<\/li>\n\n\n\n<li>Quienes gastaron con tarjeta su cupo de U$S200, lo que incluye el pago de servicios como Netflix o Spotify en d\u00f3lares.<\/li>\n\n\n\n<li>Aquellos que tienen un plan de pago a 12 cuotas por deudas con tarjeta de cr\u00e9dito.<\/li>\n\n\n\n<li>Quienes refinanciaron con bancos sus deudas por cr\u00e9ditos personales, prendarios o hipotecarios.<\/li>\n\n\n\n<li>Beneficiarios del refuerzo de ingresos que se pag\u00f3 en mayo y junio de 2022.<\/li>\n\n\n\n<li>Aquellos que reciben subsidios estatales para el pago de las tarifas de luz y gas desde septiembre de 2022.<\/li>\n\n\n\n<li>Personas que ingresen a la moratoria previsional para jubilarse sin contar con los 30 a\u00f1os de aportes obligatorios.<\/li>\n\n\n\n<li>Trabajadores registrados, jubilados y pensionados de la ANSES que accedan a los nuevos cr\u00e9ditos de hasta $400.000.<\/li>\n<\/ul>\n","protected":false},"excerpt":{"rendered":"<p>Comienza un nuevo mes y los ahorristas podr\u00e1n volver a hacer uso del cupo de u$s200 que el Banco Central (BCRA) permite adquirir por mes en el mercado oficial para aquellas operaciones no vinculadas con el comercio exterior. Se trata del llamado \u201cd\u00f3lar ahorro\u201c, que los usuarios esperan que se abarate a fin de mes&hellip;<\/p>\n","protected":false},"author":1,"featured_media":22687,"comment_status":"open","ping_status":"open","sticky":false,"template":"","format":"standard","meta":{"footnotes":""},"categories":[9],"tags":[],"class_list":["post-134470","post","type-post","status-publish","format-standard","has-post-thumbnail","hentry","category-economia"],"_links":{"self":[{"href":"https:\/\/www.elsindical.com.ar\/notas\/wp-json\/wp\/v2\/posts\/134470","targetHints":{"allow":["GET"]}}],"collection":[{"href":"https:\/\/www.elsindical.com.ar\/notas\/wp-json\/wp\/v2\/posts"}],"about":[{"href":"https:\/\/www.elsindical.com.ar\/notas\/wp-json\/wp\/v2\/types\/post"}],"author":[{"embeddable":true,"href":"https:\/\/www.elsindical.com.ar\/notas\/wp-json\/wp\/v2\/users\/1"}],"replies":[{"embeddable":true,"href":"https:\/\/www.elsindical.com.ar\/notas\/wp-json\/wp\/v2\/comments?post=134470"}],"version-history":[{"count":2,"href":"https:\/\/www.elsindical.com.ar\/notas\/wp-json\/wp\/v2\/posts\/134470\/revisions"}],"predecessor-version":[{"id":134472,"href":"https:\/\/www.elsindical.com.ar\/notas\/wp-json\/wp\/v2\/posts\/134470\/revisions\/134472"}],"wp:featuredmedia":[{"embeddable":true,"href":"https:\/\/www.elsindical.com.ar\/notas\/wp-json\/wp\/v2\/media\/22687"}],"wp:attachment":[{"href":"https:\/\/www.elsindical.com.ar\/notas\/wp-json\/wp\/v2\/media?parent=134470"}],"wp:term":[{"taxonomy":"category","embeddable":true,"href":"https:\/\/www.elsindical.com.ar\/notas\/wp-json\/wp\/v2\/categories?post=134470"},{"taxonomy":"post_tag","embeddable":true,"href":"https:\/\/www.elsindical.com.ar\/notas\/wp-json\/wp\/v2\/tags?post=134470"}],"curies":[{"name":"wp","href":"https:\/\/api.w.org\/{rel}","templated":true}]}}