{"id":134427,"date":"2024-11-29T18:05:28","date_gmt":"2024-11-29T21:05:28","guid":{"rendered":"https:\/\/www.elsindical.com.ar\/notas\/?p=134427"},"modified":"2024-11-29T18:05:53","modified_gmt":"2024-11-29T21:05:53","slug":"avanza-el-proyecto-de-creacion-de-un-laboratorio-publico-de-medicamentos-en-la-provincia-de-buenos-aires","status":"publish","type":"post","link":"https:\/\/www.elsindical.com.ar\/notas\/avanza-el-proyecto-de-creacion-de-un-laboratorio-publico-de-medicamentos-en-la-provincia-de-buenos-aires\/","title":{"rendered":"Avanza el proyecto de creaci\u00f3n de un laboratorio p\u00fablico de medicamentos en la Provincia de Buenos Aires"},"content":{"rendered":"<div class=\"wp-block-image\">\n<figure class=\"aligncenter size-full\"><a href=\"https:\/\/www.elsindical.com.ar\/notas\/var\/www\/html\/notas\/wp-content\/uploads\/2019\/09\/medicamentos-gen\u00e9ricos.jpg\"><img loading=\"lazy\" decoding=\"async\" width=\"645\" height=\"429\" src=\"https:\/\/www.elsindical.com.ar\/notas\/var\/www\/html\/notas\/wp-content\/uploads\/2019\/09\/medicamentos-gen\u00e9ricos.jpg\" alt=\"\" class=\"wp-image-90065\" srcset=\"https:\/\/www.elsindical.com.ar\/notas\/var\/www\/html\/notas\/wp-content\/uploads\/2019\/09\/medicamentos-gen\u00e9ricos.jpg 645w, https:\/\/www.elsindical.com.ar\/notas\/var\/www\/html\/notas\/wp-content\/uploads\/2019\/09\/medicamentos-gen\u00e9ricos-300x200.jpg 300w, https:\/\/www.elsindical.com.ar\/notas\/var\/www\/html\/notas\/wp-content\/uploads\/2019\/09\/medicamentos-gen\u00e9ricos-451x300.jpg 451w\" sizes=\"auto, (max-width: 645px) 100vw, 645px\" \/><\/a><\/figure>\n<\/div>\n\n\n<p>El proyecto de ley impulsado por el gobierno de Axel Kicillof para<strong> crear una empresa estatal de producci\u00f3n de medicamentos obtuvo hoy dictamen favorable en un plenario de comisiones de la C\u00e1mara de Diputados de la provincia de Buenos Aires. <\/strong>La propuesta, que busca establecer una sociedad an\u00f3nima con participaci\u00f3n estatal mayoritaria, qued\u00f3 habilitada para su tratamiento en el recinto durante el per\u00edodo extraordinario y fue respaldada por referentes de todos los sectores internos del oficialismo.<\/p>\n\n\n\n<p>La reuni\u00f3n conjunta de las comisiones de Salud, Presupuesto e Impuestos y Legislaci\u00f3n General se llev\u00f3 a cabo este viernes, \u00faltimo d\u00eda h\u00e1bil de noviembre. All\u00ed, <strong>los legisladores oficialistas de Uni\u00f3n por la Patria unificaron posiciones para emitir un despacho en mayor\u00eda que aconseja la aprobaci\u00f3n del expediente.<\/strong><\/p>\n\n\n\n<p>El proyecto busca crear el<strong> Centro de Industria Farmac\u00e9utica Bonaerense Sociedad An\u00f3nima con participaci\u00f3n estatal mayoritaria, <\/strong>cuyo prop\u00f3sito ser\u00e1 \u201cla producci\u00f3n de medicamentos, tareas de investigaci\u00f3n, compra y venta de insumos y todo elemento necesario para la salud\u201d. Entre sus facultades, se incluye la posibilidad de establecer acuerdos con entidades p\u00fablicas y privadas.<\/p>\n\n\n\n<p>El <strong>financiamiento del laboratorio provendr\u00e1 de los recursos gene<\/strong>rados por la comercializaci\u00f3n de sus productos, la prestaci\u00f3n de servicios y la invenci\u00f3n de patentes. Sin embargo, tambi\u00e9n se contempla que el Poder Ejecutivo pueda realizar aportes cuando los recursos propios sean insuficientes para su funcionamiento.<\/p>\n\n\n\n<p>El ministro de Salud bonaerense, Nicol\u00e1s Kreplak, destac\u00f3 la importancia del avance en Diputados a trav\u00e9s de su cuenta de X:<strong> \u201cHoy las comisiones de salud, presupuesto y legislaci\u00f3n de Diputados PBA emiti\u00f3 despacho favorable para la creaci\u00f3n del Laboratorio P\u00fablico de Medicamentos, y va a entrar al recinto\u201d.<\/strong><\/p>\n\n\n\n<h3 class=\"wp-block-heading\"><strong>Apoyo y oposici\u00f3n en el debate legislativo<\/strong><\/h3>\n\n\n\n<p>El apoyo al proyecto estuvo liderado por figuras clave del oficialismo y exhibi\u00f3 unidad en medio de una realidad pol\u00edtica atravesada por la internas en el peronismo. Mart\u00edn Rodr\u00edguez, de La C\u00e1mpora y presidente de la comisi\u00f3n de Salud, respald\u00f3 la propuesta junto a Rub\u00e9n Eslaiman, presidente de Legislaci\u00f3n General y representante del Frente Renovador, y Juan Pablo de Jes\u00fas, titular de Presupuesto e Impuestos, vinculado a los intendentes peronistas.<\/p>\n\n\n\n<p>Por otro lado, los diputados de Uni\u00f3n Renovaci\u00f3n y Fe rechazaron la iniciativa, emitiendo un dictamen en minor\u00eda que fue acompa\u00f1ado por el bloque de Acuerdo C\u00edvico-UCR + GEN.<\/p>\n","protected":false},"excerpt":{"rendered":"<p>El proyecto de ley impulsado por el gobierno de Axel Kicillof para crear una empresa estatal de producci\u00f3n de medicamentos obtuvo hoy dictamen favorable en un plenario de comisiones de la C\u00e1mara de Diputados de la provincia de Buenos Aires. La propuesta, que busca establecer una sociedad an\u00f3nima con participaci\u00f3n estatal mayoritaria, qued\u00f3 habilitada para&hellip;<\/p>\n","protected":false},"author":1,"featured_media":90065,"comment_status":"open","ping_status":"open","sticky":false,"template":"","format":"standard","meta":{"footnotes":""},"categories":[13],"tags":[2450,44176,44,22025,22031],"class_list":["post-134427","post","type-post","status-publish","format-standard","has-post-thumbnail","hentry","category-politica","tag-diario-el-sindical","tag-laboratorio-publico","tag-medicamentos","tag-politica","tag-salud"],"_links":{"self":[{"href":"https:\/\/www.elsindical.com.ar\/notas\/wp-json\/wp\/v2\/posts\/134427","targetHints":{"allow":["GET"]}}],"collection":[{"href":"https:\/\/www.elsindical.com.ar\/notas\/wp-json\/wp\/v2\/posts"}],"about":[{"href":"https:\/\/www.elsindical.com.ar\/notas\/wp-json\/wp\/v2\/types\/post"}],"author":[{"embeddable":true,"href":"https:\/\/www.elsindical.com.ar\/notas\/wp-json\/wp\/v2\/users\/1"}],"replies":[{"embeddable":true,"href":"https:\/\/www.elsindical.com.ar\/notas\/wp-json\/wp\/v2\/comments?post=134427"}],"version-history":[{"count":1,"href":"https:\/\/www.elsindical.com.ar\/notas\/wp-json\/wp\/v2\/posts\/134427\/revisions"}],"predecessor-version":[{"id":134428,"href":"https:\/\/www.elsindical.com.ar\/notas\/wp-json\/wp\/v2\/posts\/134427\/revisions\/134428"}],"wp:featuredmedia":[{"embeddable":true,"href":"https:\/\/www.elsindical.com.ar\/notas\/wp-json\/wp\/v2\/media\/90065"}],"wp:attachment":[{"href":"https:\/\/www.elsindical.com.ar\/notas\/wp-json\/wp\/v2\/media?parent=134427"}],"wp:term":[{"taxonomy":"category","embeddable":true,"href":"https:\/\/www.elsindical.com.ar\/notas\/wp-json\/wp\/v2\/categories?post=134427"},{"taxonomy":"post_tag","embeddable":true,"href":"https:\/\/www.elsindical.com.ar\/notas\/wp-json\/wp\/v2\/tags?post=134427"}],"curies":[{"name":"wp","href":"https:\/\/api.w.org\/{rel}","templated":true}]}}