{"id":134422,"date":"2024-11-29T10:03:53","date_gmt":"2024-11-29T13:03:53","guid":{"rendered":"https:\/\/www.elsindical.com.ar\/notas\/?p=134422"},"modified":"2024-11-29T10:03:58","modified_gmt":"2024-11-29T13:03:58","slug":"monotributistas-asociados-republica-argentina-m-a-r-a-denuncia-la-guerra-de-las-obras-sociales-contra-los-monotributistas","status":"publish","type":"post","link":"https:\/\/www.elsindical.com.ar\/notas\/monotributistas-asociados-republica-argentina-m-a-r-a-denuncia-la-guerra-de-las-obras-sociales-contra-los-monotributistas\/","title":{"rendered":"Monotributistas Asociados Rep\u00fablica Argentina (M.A.R.A) denuncia la guerra de las Obras Sociales contra los monotributistas"},"content":{"rendered":"\n<figure class=\"wp-block-image size-large\"><a href=\"https:\/\/www.elsindical.com.ar\/notas\/var\/www\/html\/notas\/wp-content\/uploads\/2024\/11\/Obra-social-y-Monotributo.webp\"><img loading=\"lazy\" decoding=\"async\" width=\"1024\" height=\"538\" src=\"https:\/\/www.elsindical.com.ar\/notas\/var\/www\/html\/notas\/wp-content\/uploads\/2024\/11\/Obra-social-y-Monotributo-1024x538.webp\" alt=\"\" class=\"wp-image-134423\" srcset=\"https:\/\/www.elsindical.com.ar\/notas\/var\/www\/html\/notas\/wp-content\/uploads\/2024\/11\/Obra-social-y-Monotributo-1024x538.webp 1024w, https:\/\/www.elsindical.com.ar\/notas\/var\/www\/html\/notas\/wp-content\/uploads\/2024\/11\/Obra-social-y-Monotributo-300x158.webp 300w, https:\/\/www.elsindical.com.ar\/notas\/var\/www\/html\/notas\/wp-content\/uploads\/2024\/11\/Obra-social-y-Monotributo-768x403.webp 768w, https:\/\/www.elsindical.com.ar\/notas\/var\/www\/html\/notas\/wp-content\/uploads\/2024\/11\/Obra-social-y-Monotributo-500x263.webp 500w, https:\/\/www.elsindical.com.ar\/notas\/var\/www\/html\/notas\/wp-content\/uploads\/2024\/11\/Obra-social-y-Monotributo.webp 1200w\" sizes=\"auto, (max-width: 1024px) 100vw, 1024px\" \/><\/a><\/figure>\n\n\n\n<p>La asociaci\u00f3n Monotributistas Asociados Rep\u00fablica Argentina (M.A.R.A) ha conseguido una reuni\u00f3n presencial con el Gerente General de la Superintendencia de Salud para el d\u00eda 02\/12\/2024, con el objetivo de elevar los reclamos de los monotributistas en materia de salud.<\/p>\n\n\n\n<p>Hechos destacados:<\/p>\n\n\n\n<p>Decreto 955\/2024: se elimin\u00f3 la obligatoriedad de que las Obras Sociales afilien monotributistas y s\u00f3lo aquellas que deseen hacerlo se han anotado en un Registro denominado AGENTES DEL SEGURO QUE ACEPTAN MONOTRIBUTISTAS.<\/p>\n\n\n\n<p>Relevamiento de Obras Sociales (anotadas en el Registro luego del decreto 955\/2024): M.A.R.A hizo un relevamiento desde Jujuy a Tierra del Fuego, con pruebas documentadas, donde el 90% de estas Obras Sociales NO AFILIAN monotributistas o los obligan a pagar planes superadores (de aproximadamente $ 96.000 por cada integrante).&nbsp;<\/p>\n\n\n\n<p>Reclamos ante suspensi\u00f3n o recortes en las prestaciones a monotributistas y\/o adherentes, en especial personas con discapacidad, enfermedades oncol\u00f3gicas, diab\u00e9ticas, etc: muchas Obras Sociales est\u00e1n utilizando artilugios para deshacerse de los monotributistas que tienen afiliados.<\/p>\n\n\n\n<p>Declaraciones:<\/p>\n\n\n\n<p>\u00abLa guerra de las Obras Sociales contra los monotributistas es un tema grave que afecta a miles de personas en Argentina. Es hora de que se tomen medidas para garantizar que los monotributistas tengan acceso a la cobertura m\u00e9dica que necesitan\u00bb, declararon desde M.A.R.A.<\/p>\n\n\n\n<p>La Contadora Noelia Villafa\u00f1e, Presidente de M.A.R.A expres\u00f3: \u00abSi las Obras Sociales no quer\u00edan afiliar monotributistas, pues no se hubiesen anotado. El anotarse al Registro, sabiendo que NO van a dar prestaci\u00f3n, ya que el monotributista no va a poder pagar plan superador, es una *ESTAFA* . Es por eso que le ofrecimos al Gerente General de la Superintendencia de Salud elevarle todo este trabajo de campo ya que es bochornoso el actuar de la mayor\u00eda de las Obras Sociales.\u00bb<\/p>\n\n\n\n<p>Desde M.A.R.A sugieren esperar al resultado de esta reuni\u00f3n para ver que acciones judiciales se tomar\u00e1n en el caso de que no se solucione el conflicto.<\/p>\n\n\n\n<p>&#x1f449;&#x1f3fb;Contacto para Prensa: solicitar entrevista al whatsapp 11-6225 3209&nbsp;<\/p>\n\n\n\n<p>&#x1f449;&#x1f3fb; Para ampliar informaci\u00f3n hacer clic aqu\u00ed: <a href=\"https:\/\/youtu.be\/k8H-RyZES6Y?si=Z9IMYHCMYXra-VHW\" target=\"_blank\" rel=\"noreferrer noopener\">https:\/\/youtu.be\/k8H-RyZES6Y?si=Z9IMYHCMYXra-VHW<\/a><\/p>\n\n\n\n<p>&#x1f449;&#x1f3fb;Contacto para monotributistas: <a href=\"http:\/\/www.monotributistasasociados.com.ar\" target=\"_blank\" rel=\"noreferrer noopener\">www.monotributistasasociados.com.ar<\/a><\/p>\n\n\n\n<p><\/p>\n","protected":false},"excerpt":{"rendered":"<p>La asociaci\u00f3n Monotributistas Asociados Rep\u00fablica Argentina (M.A.R.A) ha conseguido una reuni\u00f3n presencial con el Gerente General de la Superintendencia de Salud para el d\u00eda 02\/12\/2024, con el objetivo de elevar los reclamos de los monotributistas en materia de salud. Hechos destacados: Decreto 955\/2024: se elimin\u00f3 la obligatoriedad de que las Obras Sociales afilien monotributistas y&hellip;<\/p>\n","protected":false},"author":1,"featured_media":134423,"comment_status":"open","ping_status":"open","sticky":false,"template":"","format":"standard","meta":{"footnotes":""},"categories":[25],"tags":[2450,23867,11482,16842],"class_list":["post-134422","post","type-post","status-publish","format-standard","has-post-thumbnail","hentry","category-sociedad","tag-diario-el-sindical","tag-mara","tag-monotributistas","tag-superintendencia-de-salud"],"_links":{"self":[{"href":"https:\/\/www.elsindical.com.ar\/notas\/wp-json\/wp\/v2\/posts\/134422","targetHints":{"allow":["GET"]}}],"collection":[{"href":"https:\/\/www.elsindical.com.ar\/notas\/wp-json\/wp\/v2\/posts"}],"about":[{"href":"https:\/\/www.elsindical.com.ar\/notas\/wp-json\/wp\/v2\/types\/post"}],"author":[{"embeddable":true,"href":"https:\/\/www.elsindical.com.ar\/notas\/wp-json\/wp\/v2\/users\/1"}],"replies":[{"embeddable":true,"href":"https:\/\/www.elsindical.com.ar\/notas\/wp-json\/wp\/v2\/comments?post=134422"}],"version-history":[{"count":1,"href":"https:\/\/www.elsindical.com.ar\/notas\/wp-json\/wp\/v2\/posts\/134422\/revisions"}],"predecessor-version":[{"id":134424,"href":"https:\/\/www.elsindical.com.ar\/notas\/wp-json\/wp\/v2\/posts\/134422\/revisions\/134424"}],"wp:featuredmedia":[{"embeddable":true,"href":"https:\/\/www.elsindical.com.ar\/notas\/wp-json\/wp\/v2\/media\/134423"}],"wp:attachment":[{"href":"https:\/\/www.elsindical.com.ar\/notas\/wp-json\/wp\/v2\/media?parent=134422"}],"wp:term":[{"taxonomy":"category","embeddable":true,"href":"https:\/\/www.elsindical.com.ar\/notas\/wp-json\/wp\/v2\/categories?post=134422"},{"taxonomy":"post_tag","embeddable":true,"href":"https:\/\/www.elsindical.com.ar\/notas\/wp-json\/wp\/v2\/tags?post=134422"}],"curies":[{"name":"wp","href":"https:\/\/api.w.org\/{rel}","templated":true}]}}