{"id":134372,"date":"2024-11-27T16:54:17","date_gmt":"2024-11-27T19:54:17","guid":{"rendered":"https:\/\/www.elsindical.com.ar\/notas\/?p=134372"},"modified":"2024-11-27T16:54:22","modified_gmt":"2024-11-27T19:54:22","slug":"como-es-el-proyecto-que-pretende-castigar-la-falsa-denuncia-de-violencia-de-genero","status":"publish","type":"post","link":"https:\/\/www.elsindical.com.ar\/notas\/como-es-el-proyecto-que-pretende-castigar-la-falsa-denuncia-de-violencia-de-genero\/","title":{"rendered":"\u00bfC\u00f3mo es el proyecto que pretende castigar la falsa denuncia de violencia de g\u00e9nero?"},"content":{"rendered":"<div class=\"wp-block-image\">\n<figure class=\"aligncenter size-full is-resized\"><a href=\"https:\/\/www.elsindical.com.ar\/notas\/var\/www\/html\/notas\/wp-content\/uploads\/2020\/04\/mujeres-cuarentena-y-violencia-de-g\u00e9nero.jpg\"><img loading=\"lazy\" decoding=\"async\" width=\"604\" height=\"339\" src=\"https:\/\/www.elsindical.com.ar\/notas\/var\/www\/html\/notas\/wp-content\/uploads\/2020\/04\/mujeres-cuarentena-y-violencia-de-g\u00e9nero.jpg\" alt=\"\" class=\"wp-image-94741\" style=\"width:762px;height:auto\" srcset=\"https:\/\/www.elsindical.com.ar\/notas\/var\/www\/html\/notas\/wp-content\/uploads\/2020\/04\/mujeres-cuarentena-y-violencia-de-g\u00e9nero.jpg 604w, https:\/\/www.elsindical.com.ar\/notas\/var\/www\/html\/notas\/wp-content\/uploads\/2020\/04\/mujeres-cuarentena-y-violencia-de-g\u00e9nero-300x168.jpg 300w, https:\/\/www.elsindical.com.ar\/notas\/var\/www\/html\/notas\/wp-content\/uploads\/2020\/04\/mujeres-cuarentena-y-violencia-de-g\u00e9nero-500x281.jpg 500w\" sizes=\"auto, (max-width: 604px) 100vw, 604px\" \/><\/a><\/figure>\n<\/div>\n\n\n<p class=\"wp-block-paragraph\">Un proyecto de ley busca imponer penas por falsa denuncia de violencia de g\u00e9nero. El ministro Mariano C\u00faneo Libarona lo respald\u00f3.<\/p>\n\n\n\n<p class=\"wp-block-paragraph\"><strong>El proyecto fue presentado por la senadora de la Uni\u00f3n C\u00edvica Radical (UCR)&nbsp;Carolina Losada y propone modificaciones en el C\u00f3digo Penal<\/strong> en los art\u00edculos vinculados a los delitos al honor, imponiendo penas a quien \u201cdenunciare falsamente un delito\u201d ante la autoridad.<\/p>\n\n\n\n<p class=\"wp-block-paragraph\">Seg\u00fan indica la redacci\u00f3n, si una <strong>\u201cfalsa denuncia ante la autoridad fuera por delitos de violencia de g\u00e9nero, abuso o acoso sexual o violencia contra ni\u00f1os, ni\u00f1as y adolescentes, la pena ser\u00e1 de prisi\u00f3n de 3 a 6 a\u00f1os\u201d<\/strong>.<\/p>\n\n\n\n<p class=\"wp-block-paragraph\">Mientras que ser\u00eda reprimido con prisi\u00f3n de uno a cuatro a\u00f1os, el testigo, perito o int\u00e9rprete que afirmare una falsedad o negare o callare la verdad, en todo o en parte, en su deposici\u00f3n, informe, traducci\u00f3n o interpretaci\u00f3n, hecha ante la autoridad competente\u201d.<\/p>\n\n\n\n<p class=\"wp-block-paragraph\">Quedar\u00eda exentos de \u201cresponsabilidad criminal los que hubieren obrado en favor del c\u00f3nyuge, de un pariente cuyo v\u00ednculo no excediere del cuarto grado de consanguinidad o segundo de afinidad o de un amigo \u00edntimo o persona a la que se debiese especial gratitud\u201d.<\/p>\n\n\n\n<h2 class=\"wp-block-heading\">La defensa de C\u00faneo Libarona<\/h2>\n\n\n\n<p class=\"wp-block-paragraph\"><strong>El ministro de Justicia,&nbsp;Mariano C\u00faneo Libarona, defendi\u00f3 el proyecto que se propone imponer penas a quienes denuncian falsamente, entre ellas, las vinculadas a la violencia de g\u00e9nero.<\/strong><\/p>\n\n\n\n<p class=\"wp-block-paragraph\">Fue en la Comisi\u00f3n de Justicia y Asuntos Penales, que conduce el libertario Juan Carlos Pagotto (La Rioja), donde se trat\u00f3 la iniciativa que aspira a modificar el C\u00f3digo Penal en los art\u00edculos vinculados a los delitos al honor, imponiendo penas a quien&nbsp;\u201cdenunciare falsamente un delito\u201d&nbsp;ante la autoridad.<\/p>\n\n\n\n<p class=\"wp-block-paragraph\">En su alocuci\u00f3n, C\u00faneo Libarona asegur\u00f3 que \u201cuna denuncia de g\u00e9nero falsa destruye una persona\u201d y continu\u00f3: <strong>\u201cSe cre\u00f3 una concepci\u00f3n hip\u00f3crita que la mujer no miente, de \u2018hermana, te vamos a acompa\u00f1ar, ten\u00e9s que denunciar\u2019. Y eso no es siempre as\u00ed\u201d<\/strong>.<\/p>\n\n\n\n<p class=\"wp-block-paragraph\">Para el titular de la cartera, \u201c<strong>gran parte de las falsas denuncias son por violencia y producen da\u00f1os irreversibles<\/strong>\u201c.&nbsp;<\/p>\n","protected":false},"excerpt":{"rendered":"<p>Un proyecto de ley busca imponer penas por falsa denuncia de violencia de g\u00e9nero. El ministro Mariano C\u00faneo Libarona lo respald\u00f3. El proyecto fue presentado por la senadora de la Uni\u00f3n C\u00edvica Radical (UCR)&nbsp;Carolina Losada y propone modificaciones en el C\u00f3digo Penal en los art\u00edculos vinculados a los delitos al honor, imponiendo penas a quien&hellip;<\/p>\n","protected":false},"author":1,"featured_media":94741,"comment_status":"open","ping_status":"open","sticky":false,"template":"","format":"standard","meta":{"footnotes":""},"categories":[13],"tags":[36152,44158,1826],"class_list":["post-134372","post","type-post","status-publish","format-standard","has-post-thumbnail","hentry","category-politica","tag-carolina-losada","tag-falsa-denuncia-violencia-de-genero","tag-ucr"],"_links":{"self":[{"href":"https:\/\/www.elsindical.com.ar\/notas\/wp-json\/wp\/v2\/posts\/134372","targetHints":{"allow":["GET"]}}],"collection":[{"href":"https:\/\/www.elsindical.com.ar\/notas\/wp-json\/wp\/v2\/posts"}],"about":[{"href":"https:\/\/www.elsindical.com.ar\/notas\/wp-json\/wp\/v2\/types\/post"}],"author":[{"embeddable":true,"href":"https:\/\/www.elsindical.com.ar\/notas\/wp-json\/wp\/v2\/users\/1"}],"replies":[{"embeddable":true,"href":"https:\/\/www.elsindical.com.ar\/notas\/wp-json\/wp\/v2\/comments?post=134372"}],"version-history":[{"count":1,"href":"https:\/\/www.elsindical.com.ar\/notas\/wp-json\/wp\/v2\/posts\/134372\/revisions"}],"predecessor-version":[{"id":134373,"href":"https:\/\/www.elsindical.com.ar\/notas\/wp-json\/wp\/v2\/posts\/134372\/revisions\/134373"}],"wp:featuredmedia":[{"embeddable":true,"href":"https:\/\/www.elsindical.com.ar\/notas\/wp-json\/wp\/v2\/media\/94741"}],"wp:attachment":[{"href":"https:\/\/www.elsindical.com.ar\/notas\/wp-json\/wp\/v2\/media?parent=134372"}],"wp:term":[{"taxonomy":"category","embeddable":true,"href":"https:\/\/www.elsindical.com.ar\/notas\/wp-json\/wp\/v2\/categories?post=134372"},{"taxonomy":"post_tag","embeddable":true,"href":"https:\/\/www.elsindical.com.ar\/notas\/wp-json\/wp\/v2\/tags?post=134372"}],"curies":[{"name":"wp","href":"https:\/\/api.w.org\/{rel}","templated":true}]}}