{"id":134368,"date":"2024-11-27T14:32:09","date_gmt":"2024-11-27T17:32:09","guid":{"rendered":"https:\/\/www.elsindical.com.ar\/notas\/?p=134368"},"modified":"2024-11-27T14:40:43","modified_gmt":"2024-11-27T17:40:43","slug":"operativo-aliados-por-la-infancia-iv-desarticularon-una-red-que-producia-y-comercializaba-material-de-abuso-sexual-infantil","status":"publish","type":"post","link":"https:\/\/www.elsindical.com.ar\/notas\/operativo-aliados-por-la-infancia-iv-desarticularon-una-red-que-producia-y-comercializaba-material-de-abuso-sexual-infantil\/","title":{"rendered":"Operativo \u201cAliados por la Infancia IV\u201d: desarticularon una red que produc\u00eda y comercializaba material de abuso sexual infantil"},"content":{"rendered":"<div class=\"wp-block-image\">\n<figure class=\"aligncenter size-large\"><a href=\"https:\/\/www.elsindical.com.ar\/notas\/var\/www\/html\/notas\/wp-content\/uploads\/2024\/11\/PFA-allana-y-det-MASI-2.jpeg\"><img loading=\"lazy\" decoding=\"async\" width=\"1024\" height=\"768\" src=\"https:\/\/www.elsindical.com.ar\/notas\/var\/www\/html\/notas\/wp-content\/uploads\/2024\/11\/PFA-allana-y-det-MASI-2-1024x768.jpeg\" alt=\"\" class=\"wp-image-134369\" srcset=\"https:\/\/www.elsindical.com.ar\/notas\/var\/www\/html\/notas\/wp-content\/uploads\/2024\/11\/PFA-allana-y-det-MASI-2-1024x768.jpeg 1024w, https:\/\/www.elsindical.com.ar\/notas\/var\/www\/html\/notas\/wp-content\/uploads\/2024\/11\/PFA-allana-y-det-MASI-2-300x225.jpeg 300w, https:\/\/www.elsindical.com.ar\/notas\/var\/www\/html\/notas\/wp-content\/uploads\/2024\/11\/PFA-allana-y-det-MASI-2-768x576.jpeg 768w, https:\/\/www.elsindical.com.ar\/notas\/var\/www\/html\/notas\/wp-content\/uploads\/2024\/11\/PFA-allana-y-det-MASI-2-400x300.jpeg 400w, https:\/\/www.elsindical.com.ar\/notas\/var\/www\/html\/notas\/wp-content\/uploads\/2024\/11\/PFA-allana-y-det-MASI-2-1536x1152.jpeg 1536w, https:\/\/www.elsindical.com.ar\/notas\/var\/www\/html\/notas\/wp-content\/uploads\/2024\/11\/PFA-allana-y-det-MASI-2.jpeg 1600w\" sizes=\"auto, (max-width: 1024px) 100vw, 1024px\" \/><\/a><\/figure>\n<\/div>\n\n\n<p>En el marco de las operaciones internacionales \u201cAliados por la Infancia\u201d y como resultado de directivas dispuestas por el Ministerio de Seguridad, la Polic\u00eda Federal Argentina desbarat\u00f3 una estructura delictiva dedicada a la producci\u00f3n y comercializaci\u00f3n de representaciones de menores de edad en actividades sexuales.<\/p>\n\n\n\n<p>Este operativo internacional es la <a><\/a>continuaci\u00f3n de los efectuadas en agosto y diciembre de 2023 y en mayo de este a\u00f1o. En esta oportunidad, y tras largas tareas analiticas y de inteligencia a trav\u00e9s del uso del sistema \u201cInternet Crimes Against Children Child On-line Protection System (ICACCOPS)\u201d del Departamento de Seguridad Nacional de los Estados Unidos, cuya herramienta permite visualizar en directo informaci\u00f3n relacionada al tr\u00e1fico de im\u00e1genes MASI (Material Abuso Sexual Infantil) a trav\u00e9s de redes del tipo P2P (PEER TO PEER) y sus direcciones de IP, se pudo determinar con un alto grado de exactitud, que ciertas conexiones se encontraban en el \u00e1mbito capitalino y las ciudad bonaerenses de Ezeiza y Hurlinghan.<\/p>\n\n\n\n<p>En consecuencia, personal de la Divisi\u00f3n Delitos Cibern\u00e9ticos Contra la Ni\u00f1ez y Adolescencia, dependiente de la Superintendencia de Investigaciones Federales, realiz\u00f3 arduas y complejas tareas operativas y anal\u00edticas, determinando fehacientemente los objetivos aludidos, obteniendo adem\u00e1s la identificaci\u00f3n de los implicados. Intervino durante las pesquisas, la Unidad Fiscal Especializada en Delitos y Contravenciones Inform\u00e1ticas del Ministerio P\u00fablico de la Ciudad Aut\u00f3noma de Buenos Aires, a cargo de la Dra. Daniela Dupuy.<\/p>\n\n\n\n<p>Fue as\u00ed que con el total de las pruebas obtenidas, se allanaron cinco domicilios en CABA y las localidades mencionadas. Durante los procedimientos, fue detenido un hombre argentino de 35 a\u00f1os, mientras que seis mujeres y dos hombres, todos argentinos y mayores de edad, fueron notificados de la causa. Asimismo se secuestraron dos CPU, siete tel\u00e9fonos celulares, siete pendrive, cinco discos r\u00edgidos, cuatro tarjetas de memoria, tres notebook, dos chips de tel\u00e9fono y cuatro memorias de c\u00e1mara de fotos.<\/p>\n\n\n\n<p>Debido a la magnitud de los operativos, colabor\u00f3 personal del Cuerpo de Investigaciones Judiciales del Ministerio P\u00fablico de la Ciudad Aut\u00f3noma de Buenos Aires, del Departamento de Delitos Conexos a la Trata de Personas, Pornograf\u00eda Infantil y Grooming, dependiente de la Secretar\u00eda de Pol\u00edtica Criminal de la Procuraci\u00f3n General de la Provincia de Buenos Aires, junto con personal de la Divisi\u00f3n Delitos Tecnol\u00f3gicos y Divisi\u00f3n Ciberpatrullaje de PFA.<\/p>\n\n\n\n<p>El detenido qued\u00f3 a disposici\u00f3n del Juzgado de Garant\u00edas N\u00b02 de Esteban Echeverr\u00eda, a cargo del Dr. Javier Maffucci Moore.<\/p>\n\n\n\n<figure class=\"wp-block-embed is-type-video is-provider-youtube wp-block-embed-youtube wp-embed-aspect-16-9 wp-has-aspect-ratio\"><div class=\"wp-block-embed__wrapper\">\n<iframe loading=\"lazy\" title=\"PFA allanamiento y detenci\u00f3n por MASI\" width=\"700\" height=\"394\" src=\"https:\/\/www.youtube.com\/embed\/-99-6Qm0abI?feature=oembed\" frameborder=\"0\" allow=\"accelerometer; autoplay; clipboard-write; encrypted-media; gyroscope; picture-in-picture; web-share\" referrerpolicy=\"strict-origin-when-cross-origin\" allowfullscreen><\/iframe>\n<\/div><\/figure>\n","protected":false},"excerpt":{"rendered":"<p>En el marco de las operaciones internacionales \u201cAliados por la Infancia\u201d y como resultado de directivas dispuestas por el Ministerio de Seguridad, la Polic\u00eda Federal Argentina desbarat\u00f3 una estructura delictiva dedicada a la producci\u00f3n y comercializaci\u00f3n de representaciones de menores de edad en actividades sexuales. Este operativo internacional es la continuaci\u00f3n de los efectuadas en&hellip;<\/p>\n","protected":false},"author":1,"featured_media":134369,"comment_status":"open","ping_status":"open","sticky":false,"template":"","format":"standard","meta":{"footnotes":""},"categories":[22],"tags":[138,890,2450,38688,698,44157],"class_list":["post-134368","post","type-post","status-publish","format-standard","has-post-thumbnail","hentry","category-policiales","tag-allanamiento","tag-detencion","tag-diario-el-sindical","tag-icaccops","tag-pfa","tag-produccion-y-comercializacion-de-representaciones-de-menores-de-edad-en-actividades-sexuales"],"_links":{"self":[{"href":"https:\/\/www.elsindical.com.ar\/notas\/wp-json\/wp\/v2\/posts\/134368","targetHints":{"allow":["GET"]}}],"collection":[{"href":"https:\/\/www.elsindical.com.ar\/notas\/wp-json\/wp\/v2\/posts"}],"about":[{"href":"https:\/\/www.elsindical.com.ar\/notas\/wp-json\/wp\/v2\/types\/post"}],"author":[{"embeddable":true,"href":"https:\/\/www.elsindical.com.ar\/notas\/wp-json\/wp\/v2\/users\/1"}],"replies":[{"embeddable":true,"href":"https:\/\/www.elsindical.com.ar\/notas\/wp-json\/wp\/v2\/comments?post=134368"}],"version-history":[{"count":2,"href":"https:\/\/www.elsindical.com.ar\/notas\/wp-json\/wp\/v2\/posts\/134368\/revisions"}],"predecessor-version":[{"id":134371,"href":"https:\/\/www.elsindical.com.ar\/notas\/wp-json\/wp\/v2\/posts\/134368\/revisions\/134371"}],"wp:featuredmedia":[{"embeddable":true,"href":"https:\/\/www.elsindical.com.ar\/notas\/wp-json\/wp\/v2\/media\/134369"}],"wp:attachment":[{"href":"https:\/\/www.elsindical.com.ar\/notas\/wp-json\/wp\/v2\/media?parent=134368"}],"wp:term":[{"taxonomy":"category","embeddable":true,"href":"https:\/\/www.elsindical.com.ar\/notas\/wp-json\/wp\/v2\/categories?post=134368"},{"taxonomy":"post_tag","embeddable":true,"href":"https:\/\/www.elsindical.com.ar\/notas\/wp-json\/wp\/v2\/tags?post=134368"}],"curies":[{"name":"wp","href":"https:\/\/api.w.org\/{rel}","templated":true}]}}