{"id":134346,"date":"2024-11-26T17:21:09","date_gmt":"2024-11-26T20:21:09","guid":{"rendered":"https:\/\/www.elsindical.com.ar\/notas\/?p=134346"},"modified":"2024-11-26T17:21:15","modified_gmt":"2024-11-26T20:21:15","slug":"carta-abierta-de-horacio-rodriguez-larreta-al-presidente-javier-milei","status":"publish","type":"post","link":"https:\/\/www.elsindical.com.ar\/notas\/carta-abierta-de-horacio-rodriguez-larreta-al-presidente-javier-milei\/","title":{"rendered":"Carta abierta de Horacio Rodr\u00edguez Larreta al Presidente Javier Milei"},"content":{"rendered":"<div class=\"wp-block-image\">\n<figure class=\"aligncenter size-full\"><a href=\"https:\/\/www.elsindical.com.ar\/notas\/var\/www\/html\/notas\/wp-content\/uploads\/2024\/11\/analisis-del-discurso-violento-de-Milei.jpg\"><img loading=\"lazy\" decoding=\"async\" width=\"526\" height=\"526\" src=\"https:\/\/www.elsindical.com.ar\/notas\/var\/www\/html\/notas\/wp-content\/uploads\/2024\/11\/analisis-del-discurso-violento-de-Milei.jpg\" alt=\"\" class=\"wp-image-134347\" srcset=\"https:\/\/www.elsindical.com.ar\/notas\/var\/www\/html\/notas\/wp-content\/uploads\/2024\/11\/analisis-del-discurso-violento-de-Milei.jpg 526w, https:\/\/www.elsindical.com.ar\/notas\/var\/www\/html\/notas\/wp-content\/uploads\/2024\/11\/analisis-del-discurso-violento-de-Milei-300x300.jpg 300w, https:\/\/www.elsindical.com.ar\/notas\/var\/www\/html\/notas\/wp-content\/uploads\/2024\/11\/analisis-del-discurso-violento-de-Milei-150x150.jpg 150w, https:\/\/www.elsindical.com.ar\/notas\/var\/www\/html\/notas\/wp-content\/uploads\/2024\/11\/analisis-del-discurso-violento-de-Milei-50x50.jpg 50w\" sizes=\"auto, (max-width: 526px) 100vw, 526px\" \/><\/a><\/figure>\n<\/div>\n\n\n<p class=\"wp-block-paragraph\">Ha pasado un a\u00f1o ya de la elecci\u00f3n que lo convirti\u00f3 en Presidente de todos los argentinos. Fue una victoria contundente que puso de manifiesto la voluntad de cambio de la mayor\u00eda. En ese instante termin\u00f3 la campa\u00f1a electoral para todos. Excepto para usted.<\/p>\n\n\n\n<p class=\"wp-block-paragraph\">Nuestros compatriotas lo han elegido para gobernar el pa\u00eds. No para dividirnos. No para insultar a quien no est\u00e1 de acuerdo con sus ideas. No para <a><\/a>compartir mensajes de odio en las redes sociales. No para terminar con los consensos que tanto nos costaron como sociedad. No para llevarnos otra vez al resentimiento entre compatriotas.<\/p>\n\n\n\n<p class=\"wp-block-paragraph\">Comparto el informe que hemos elaborado desde el Movimiento al Desarrollo acerca de los efectos de su violencia discursiva y sus insultos sobre la convivencia democr\u00e1tica.<\/p>\n\n\n\n<p class=\"wp-block-paragraph\">Desde que asumi\u00f3 la presidencia de la naci\u00f3n, usted ha utilizado 32 t\u00e9rminos para insultar y descalificar a personas e instituciones\u2026 \u00a1en 2173 oportunidades! solo a trav\u00e9s de su cuenta en la red social X. Entre los t\u00e9rminos despectivos que m\u00e1s ha utilizado se cuentan \u201czurdos\u201d (301 veces), \u201cdegenerados\u201d (184) o \u201chijos de puta\u201d (110). Ojal\u00e1 que este tema le preocupe tanto como a m\u00ed.<\/p>\n\n\n\n<p class=\"wp-block-paragraph\">Somos muchos los argentinos que no pensamos como usted. Todos y cada uno merecemos respeto, paz y tolerancia. Usted tiene una enorme responsabilidad. Cada uno es lo que dice. No se trata de \u201cformas\u201d. En democracia las formas son el fondo. Las palabras son importantes. De hecho, todos sabemos que son el lugar donde siempre comienza la violencia.<\/p>\n\n\n\n<p class=\"wp-block-paragraph\">Respetuosamente, Horacio Rodr\u00edguez Larreta.<\/p>\n\n\n\n<p class=\"wp-block-paragraph\"><a href=\"https:\/\/l.facebook.com\/l.php?u=http%3A%2F%2Fmovimientoaldesarrollo.org%2Fblog%2Flas-palab%3Ffbclid%3DIwZXh0bgNhZW0CMTAAAR3V63k0ndR6kUHXjm8r2oDDlRQSRSZz2W_ykD7mIlKrzABEihTsbcPlyMI_aem_UXKU-qq-T1I0m0sSES1PRQ&amp;h=AT2jcnSAy4nk0yaLZXV3moQWFMbn6TPL5uxrEaWBabETqBGwnsjjHttqmPbR9irNqh8TPyKccfreP8X9Kay65HHvaA37Tgkw1h7LRhubYR1fdDDiiCTaews7hajWTWLa3g&amp;__tn__=-UK-R&amp;c[0]=AT2OZ5L11-OCQwm6bg0wKhYpk9-aRNZR070-xZ0_6HNbvJ3lZ7p71-jbmKIPGg61M7n1USJr7EJQfQMRQUYafnZMqpsrx7MvCalGR_hrOEQmelZ5pKEsGNsyOOcoFmZyE6_sJZ9-xz4xkdRZZlq_u05oCRE8QExLEFkg81727IUezXebg8wdd9e5dK9GFLbxyTbR-C_5VYGpSEIIUqF0uBN0GCo\" rel=\"noreferrer noopener\" target=\"_blank\">movimientoaldesarrollo.org\/blog\/las-palab<\/a>\u2026<\/p>\n","protected":false},"excerpt":{"rendered":"<p>Ha pasado un a\u00f1o ya de la elecci\u00f3n que lo convirti\u00f3 en Presidente de todos los argentinos. Fue una victoria contundente que puso de manifiesto la voluntad de cambio de la mayor\u00eda. En ese instante termin\u00f3 la campa\u00f1a electoral para todos. Excepto para usted. Nuestros compatriotas lo han elegido para gobernar el pa\u00eds. No para&hellip;<\/p>\n","protected":false},"author":1,"featured_media":134347,"comment_status":"open","ping_status":"open","sticky":false,"template":"","format":"standard","meta":{"footnotes":""},"categories":[13],"tags":[44150,2450,1943,28812,44151,22025],"class_list":["post-134346","post","type-post","status-publish","format-standard","has-post-thumbnail","hentry","category-politica","tag-carta-abierta-a-milei","tag-diario-el-sindical","tag-horacio-rodriguez-larreta","tag-javier-milei","tag-las-palabras-importan","tag-politica"],"_links":{"self":[{"href":"https:\/\/www.elsindical.com.ar\/notas\/wp-json\/wp\/v2\/posts\/134346","targetHints":{"allow":["GET"]}}],"collection":[{"href":"https:\/\/www.elsindical.com.ar\/notas\/wp-json\/wp\/v2\/posts"}],"about":[{"href":"https:\/\/www.elsindical.com.ar\/notas\/wp-json\/wp\/v2\/types\/post"}],"author":[{"embeddable":true,"href":"https:\/\/www.elsindical.com.ar\/notas\/wp-json\/wp\/v2\/users\/1"}],"replies":[{"embeddable":true,"href":"https:\/\/www.elsindical.com.ar\/notas\/wp-json\/wp\/v2\/comments?post=134346"}],"version-history":[{"count":1,"href":"https:\/\/www.elsindical.com.ar\/notas\/wp-json\/wp\/v2\/posts\/134346\/revisions"}],"predecessor-version":[{"id":134348,"href":"https:\/\/www.elsindical.com.ar\/notas\/wp-json\/wp\/v2\/posts\/134346\/revisions\/134348"}],"wp:featuredmedia":[{"embeddable":true,"href":"https:\/\/www.elsindical.com.ar\/notas\/wp-json\/wp\/v2\/media\/134347"}],"wp:attachment":[{"href":"https:\/\/www.elsindical.com.ar\/notas\/wp-json\/wp\/v2\/media?parent=134346"}],"wp:term":[{"taxonomy":"category","embeddable":true,"href":"https:\/\/www.elsindical.com.ar\/notas\/wp-json\/wp\/v2\/categories?post=134346"},{"taxonomy":"post_tag","embeddable":true,"href":"https:\/\/www.elsindical.com.ar\/notas\/wp-json\/wp\/v2\/tags?post=134346"}],"curies":[{"name":"wp","href":"https:\/\/api.w.org\/{rel}","templated":true}]}}