{"id":134289,"date":"2024-11-24T17:32:55","date_gmt":"2024-11-24T20:32:55","guid":{"rendered":"https:\/\/www.elsindical.com.ar\/notas\/?p=134289"},"modified":"2024-11-24T17:33:00","modified_gmt":"2024-11-24T20:33:00","slug":"san-nicolas-un-hombre-perdio-sus-piernas-en-una-operacion-y-un-perro-las-encontro-en-un-descampado","status":"publish","type":"post","link":"https:\/\/www.elsindical.com.ar\/notas\/san-nicolas-un-hombre-perdio-sus-piernas-en-una-operacion-y-un-perro-las-encontro-en-un-descampado\/","title":{"rendered":"San Nicol\u00e1s: Un hombre perdi\u00f3 sus piernas en una operaci\u00f3n y un perro las encontr\u00f3 en un descampado"},"content":{"rendered":"\n<figure class=\"wp-block-image size-full\"><a href=\"https:\/\/www.elsindical.com.ar\/notas\/var\/www\/html\/notas\/wp-content\/uploads\/2024\/11\/Clinica-San-Nicolas.avif\"><img loading=\"lazy\" decoding=\"async\" width=\"1440\" height=\"959\" src=\"https:\/\/www.elsindical.com.ar\/notas\/var\/www\/html\/notas\/wp-content\/uploads\/2024\/11\/Clinica-San-Nicolas.avif\" alt=\"\" class=\"wp-image-134290\"\/><\/a><\/figure>\n\n\n\n<p class=\"wp-block-paragraph\">Jos\u00e9 Luis Silva ten\u00eda 74 a\u00f1os y muri\u00f3 el domingo pasado. \u201cCuando su pap\u00e1 termina de morirse, usted junta todo\u201d, le dijeron a la hija desde la cl\u00ednica en la que le amputaron las extremidades al fallecido.<\/p>\n\n\n\n<p class=\"wp-block-paragraph\">Jos\u00e9 Luis Silva, de 74 a\u00f1os, muri\u00f3 el domingo pasado, pero antes<strong> le hab\u00edan amputado ambas piernas en una operaci\u00f3n<\/strong>. Su hija denunci\u00f3 que la cl\u00ednica de<strong> San Nicol\u00e1s<\/strong>, donde fue la intervenci\u00f3n, se comunic\u00f3 con la familia para pedirles que las retiren. Sin embargo, un perro encontr\u00f3 dos piernas en un basural y creen que podr\u00edan ser las del jubilado.<\/p>\n\n\n\n<p class=\"wp-block-paragraph\">Seg\u00fan informaron fuentes de la investigaci\u00f3n,<strong> el animal encontr\u00f3 restos de piernas humanas incineradas <\/strong>en un basural del barrio Plastiveral y los llev\u00f3 hasta el jard\u00edn de una casa cercana.<\/p>\n\n\n\n<p class=\"wp-block-paragraph\">El due\u00f1o de la propiedad, al observar el hallazgo, realiz\u00f3 la denuncia de inmediato y el caso qued\u00f3 en manos del fiscal Mart\u00edn Mariezcurrena, quien no descarta que las extremidades pertenezcan a Silva. Es por esto que<strong> mand\u00f3 a realizar el ADN<\/strong> a La Plata.<\/p>\n\n\n\n<figure class=\"wp-block-image size-full\"><a href=\"https:\/\/www.elsindical.com.ar\/notas\/var\/www\/html\/notas\/wp-content\/uploads\/2024\/11\/Jose-Luis-Silva.avif\"><img loading=\"lazy\" decoding=\"async\" width=\"1440\" height=\"807\" src=\"https:\/\/www.elsindical.com.ar\/notas\/var\/www\/html\/notas\/wp-content\/uploads\/2024\/11\/Jose-Luis-Silva.avif\" alt=\"\" class=\"wp-image-134291\"\/><\/a><\/figure>\n\n\n\n<h2 class=\"wp-block-heading\">Los \u00faltimos meses de Jos\u00e9 Luis<\/h2>\n\n\n\n<p class=\"wp-block-paragraph\">Liliana Silva, la hija del fallecido, expres\u00f3 que en diciembre<strong> \u201ccomenz\u00f3 la peor historia de la vida\u201d<\/strong> de su padre. Fueron meses donde el hombre debi\u00f3 esperar hasta enero para encontrar un m\u00e9dico de cabecera y ser atendido por PAMI.<\/p>\n\n\n\n<p class=\"wp-block-paragraph\">Sin embargo, el proceso se volvi\u00f3 muy lento, ya que los estudios que pidi\u00f3 el profesional reci\u00e9n pod\u00edan realizarse en febrero. Durante la \u00e9poca de carnaval, Silva qued\u00f3 internado \u201cporque se doblaba de dolor y<strong> no pod\u00eda caminar<\/strong>\u201d, seg\u00fan el relato de Liliana al portal<em> La Opini\u00f3n de San Nicol\u00e1s<\/em>.<\/p>\n\n\n\n<p class=\"wp-block-paragraph\">En marzo, PAMI consigui\u00f3 una internaci\u00f3n en terapia intensiva en una cl\u00ednica de San Nicol\u00e1s, con lo cual la familia debi\u00f3 trasladarlo. All\u00ed lleg\u00f3 la primera mala noticia: <strong>deb\u00edan amputarle una pierna<\/strong>, pero la otra podr\u00eda ser salvada. R\u00e1pidamente comenz\u00f3 la campa\u00f1a para conseguir dadores de sangre, pero hab\u00eda que pagarle $200.000 al anestesista.<\/p>\n\n\n\n<p class=\"wp-block-paragraph\">\u201cUsted me habla de plata a m\u00ed y yo soy una empleada dom\u00e9stica que gana $600 la hora. Mi hermano es alba\u00f1il y por estar ac\u00e1 conmigo lo dejaron sin trabajo, otros dos hermanos que tengo ni siquiera pueden venir a cuidar a mi pap\u00e1 porque no pueden costearse el micro y mi otra hermana est\u00e1 enferma. <strong>\u00bfDe d\u00f3nde quiere que saquemos el dinero?<\/strong>\u201d, le dijo Liliana al profesional.<\/p>\n\n\n\n<p class=\"wp-block-paragraph\">Finalmente, el jubilado<strong> logr\u00f3 ser operado sin costo<\/strong> tras varios reclamos. Silva fue amputado de ambas piernas y luego volvi\u00f3 a San Pedro, de donde era oriundo.<\/p>\n\n\n\n<h2 class=\"wp-block-heading\">El llamado de la cl\u00ednica y el misterio del basural<\/h2>\n\n\n\n<p class=\"wp-block-paragraph\">Luego de la operaci\u00f3n, Liliana Silva recibi\u00f3 un llamado de la cl\u00ednica. Le comunicaron que deb\u00eda hacerse cargo de las piernas que le hab\u00edan amputado a su padre e indicaron que no contaban con los recursos para hacerlo ellos.<\/p>\n\n\n\n<p class=\"wp-block-paragraph\">\u201cUna empleada de la cl\u00ednica me dijo: \u2018Eso se crema y se pone en una urna. Entonces, cuando su pap\u00e1 termina de morirse, usted junta todo. O se ponen las piernas en un ata\u00fad chiquito\u2019. Yo le dije: \u2018<strong>\u00bfUsted me est\u00e1 diciendo en serio?<\/strong>\u2019\u201d, relat\u00f3.<\/p>\n\n\n\n<p class=\"wp-block-paragraph\">Al igual que con el cobro del anestesista, el centro de salud retrotrajo su decisi\u00f3n y afirmaron que se har\u00edan cargo ellos. Ah\u00ed fue cuando comenz\u00f3 un nuevo calvario. Esta semana un perro <strong>encontr\u00f3 dos piernas humanas en un basural <\/strong>junto a jeringas, mangueritas y ampollas de remedios, todos elementos que podr\u00edan pertenecer a un hospital.<\/p>\n\n\n\n<p class=\"wp-block-paragraph\">El fiscal a cargo de la causa sostuvo que la hip\u00f3tesis m\u00e1s fuerte es que <strong>podr\u00edan tratarse de las piernas de Silva<\/strong>. \u201cVamos a tomar muestras de la familia para determinar la identidad de esos restos\u201d, dijo. Por su parte, la familia del hombre entiende que pudo existir un caso de mala praxis.<\/p>\n","protected":false},"excerpt":{"rendered":"<p>Jos\u00e9 Luis Silva ten\u00eda 74 a\u00f1os y muri\u00f3 el domingo pasado. \u201cCuando su pap\u00e1 termina de morirse, usted junta todo\u201d, le dijeron a la hija desde la cl\u00ednica en la que le amputaron las extremidades al fallecido. Jos\u00e9 Luis Silva, de 74 a\u00f1os, muri\u00f3 el domingo pasado, pero antes le hab\u00edan amputado ambas piernas en&hellip;<\/p>\n","protected":false},"author":1,"featured_media":134290,"comment_status":"open","ping_status":"open","sticky":false,"template":"","format":"standard","meta":{"footnotes":""},"categories":[22,25],"tags":[1334,44124,2450,44127,44125,3582,11388,1162],"class_list":["post-134289","post","type-post","status-publish","format-standard","has-post-thumbnail","hentry","category-policiales","category-sociedad","tag-amputacion","tag-clinica-san-nicolas","tag-diario-el-sindical","tag-fiscal-martin-mariezcurrena","tag-jose-luis-silva","tag-pami","tag-piernas","tag-san-nicolas"],"_links":{"self":[{"href":"https:\/\/www.elsindical.com.ar\/notas\/wp-json\/wp\/v2\/posts\/134289","targetHints":{"allow":["GET"]}}],"collection":[{"href":"https:\/\/www.elsindical.com.ar\/notas\/wp-json\/wp\/v2\/posts"}],"about":[{"href":"https:\/\/www.elsindical.com.ar\/notas\/wp-json\/wp\/v2\/types\/post"}],"author":[{"embeddable":true,"href":"https:\/\/www.elsindical.com.ar\/notas\/wp-json\/wp\/v2\/users\/1"}],"replies":[{"embeddable":true,"href":"https:\/\/www.elsindical.com.ar\/notas\/wp-json\/wp\/v2\/comments?post=134289"}],"version-history":[{"count":1,"href":"https:\/\/www.elsindical.com.ar\/notas\/wp-json\/wp\/v2\/posts\/134289\/revisions"}],"predecessor-version":[{"id":134292,"href":"https:\/\/www.elsindical.com.ar\/notas\/wp-json\/wp\/v2\/posts\/134289\/revisions\/134292"}],"wp:featuredmedia":[{"embeddable":true,"href":"https:\/\/www.elsindical.com.ar\/notas\/wp-json\/wp\/v2\/media\/134290"}],"wp:attachment":[{"href":"https:\/\/www.elsindical.com.ar\/notas\/wp-json\/wp\/v2\/media?parent=134289"}],"wp:term":[{"taxonomy":"category","embeddable":true,"href":"https:\/\/www.elsindical.com.ar\/notas\/wp-json\/wp\/v2\/categories?post=134289"},{"taxonomy":"post_tag","embeddable":true,"href":"https:\/\/www.elsindical.com.ar\/notas\/wp-json\/wp\/v2\/tags?post=134289"}],"curies":[{"name":"wp","href":"https:\/\/api.w.org\/{rel}","templated":true}]}}