{"id":134273,"date":"2024-11-23T12:14:57","date_gmt":"2024-11-23T15:14:57","guid":{"rendered":"https:\/\/www.elsindical.com.ar\/notas\/?p=134273"},"modified":"2024-11-23T12:15:04","modified_gmt":"2024-11-23T15:15:04","slug":"radio-abierta-por-sabrina","status":"publish","type":"post","link":"https:\/\/www.elsindical.com.ar\/notas\/radio-abierta-por-sabrina\/","title":{"rendered":"Radio abierta por Sabrina"},"content":{"rendered":"\n<figure class=\"wp-block-image size-large\"><a href=\"https:\/\/www.elsindical.com.ar\/notas\/var\/www\/html\/notas\/wp-content\/uploads\/2024\/11\/JUSTICIA-POR-SABRINA.jpeg\"><img loading=\"lazy\" decoding=\"async\" width=\"1024\" height=\"1024\" src=\"https:\/\/www.elsindical.com.ar\/notas\/var\/www\/html\/notas\/wp-content\/uploads\/2024\/11\/JUSTICIA-POR-SABRINA-1024x1024.jpeg\" alt=\"\" class=\"wp-image-134274\" srcset=\"https:\/\/www.elsindical.com.ar\/notas\/var\/www\/html\/notas\/wp-content\/uploads\/2024\/11\/JUSTICIA-POR-SABRINA-1024x1024.jpeg 1024w, https:\/\/www.elsindical.com.ar\/notas\/var\/www\/html\/notas\/wp-content\/uploads\/2024\/11\/JUSTICIA-POR-SABRINA-300x300.jpeg 300w, https:\/\/www.elsindical.com.ar\/notas\/var\/www\/html\/notas\/wp-content\/uploads\/2024\/11\/JUSTICIA-POR-SABRINA-150x150.jpeg 150w, https:\/\/www.elsindical.com.ar\/notas\/var\/www\/html\/notas\/wp-content\/uploads\/2024\/11\/JUSTICIA-POR-SABRINA-768x768.jpeg 768w, https:\/\/www.elsindical.com.ar\/notas\/var\/www\/html\/notas\/wp-content\/uploads\/2024\/11\/JUSTICIA-POR-SABRINA-50x50.jpeg 50w, https:\/\/www.elsindical.com.ar\/notas\/var\/www\/html\/notas\/wp-content\/uploads\/2024\/11\/JUSTICIA-POR-SABRINA.jpeg 1080w\" sizes=\"auto, (max-width: 1024px) 100vw, 1024px\" \/><\/a><\/figure>\n\n\n\n<p>Este 25 de noviembre comienza el juicio por el femicidio de Sabrina Gonz\u00e1lez Rojas, la CTA junto a las dem\u00e1s organizaciones que acompa\u00f1an a los familiares, realizar\u00e1n una radio abierta exigiendo justicia.<\/p>\n\n\n\n<p>LUGAR: Departamental Judicial, Mendoza 2417.<br>HORA: 9 hs.<\/p>\n\n\n\n<p>JUSTICIA POR SABRINA: \u00abJusticia es Perpetua\u00bb<\/p>\n","protected":false},"excerpt":{"rendered":"<p>Este 25 de noviembre comienza el juicio por el femicidio de Sabrina Gonz\u00e1lez Rojas, la CTA junto a las dem\u00e1s organizaciones que acompa\u00f1an a los familiares, realizar\u00e1n una radio abierta exigiendo justicia. LUGAR: Departamental Judicial, Mendoza 2417.HORA: 9 hs. JUSTICIA POR SABRINA: \u00abJusticia es Perpetua\u00bb<\/p>\n","protected":false},"author":1,"featured_media":134274,"comment_status":"open","ping_status":"open","sticky":false,"template":"","format":"standard","meta":{"footnotes":""},"categories":[25],"tags":[184,2450,44116,25289,44115],"class_list":["post-134273","post","type-post","status-publish","format-standard","has-post-thumbnail","hentry","category-sociedad","tag-cta","tag-diario-el-sindical","tag-justicia-por-sabrina","tag-radio-abierta","tag-sabrina-gonzalez-rojas"],"_links":{"self":[{"href":"https:\/\/www.elsindical.com.ar\/notas\/wp-json\/wp\/v2\/posts\/134273","targetHints":{"allow":["GET"]}}],"collection":[{"href":"https:\/\/www.elsindical.com.ar\/notas\/wp-json\/wp\/v2\/posts"}],"about":[{"href":"https:\/\/www.elsindical.com.ar\/notas\/wp-json\/wp\/v2\/types\/post"}],"author":[{"embeddable":true,"href":"https:\/\/www.elsindical.com.ar\/notas\/wp-json\/wp\/v2\/users\/1"}],"replies":[{"embeddable":true,"href":"https:\/\/www.elsindical.com.ar\/notas\/wp-json\/wp\/v2\/comments?post=134273"}],"version-history":[{"count":1,"href":"https:\/\/www.elsindical.com.ar\/notas\/wp-json\/wp\/v2\/posts\/134273\/revisions"}],"predecessor-version":[{"id":134275,"href":"https:\/\/www.elsindical.com.ar\/notas\/wp-json\/wp\/v2\/posts\/134273\/revisions\/134275"}],"wp:featuredmedia":[{"embeddable":true,"href":"https:\/\/www.elsindical.com.ar\/notas\/wp-json\/wp\/v2\/media\/134274"}],"wp:attachment":[{"href":"https:\/\/www.elsindical.com.ar\/notas\/wp-json\/wp\/v2\/media?parent=134273"}],"wp:term":[{"taxonomy":"category","embeddable":true,"href":"https:\/\/www.elsindical.com.ar\/notas\/wp-json\/wp\/v2\/categories?post=134273"},{"taxonomy":"post_tag","embeddable":true,"href":"https:\/\/www.elsindical.com.ar\/notas\/wp-json\/wp\/v2\/tags?post=134273"}],"curies":[{"name":"wp","href":"https:\/\/api.w.org\/{rel}","templated":true}]}}