{"id":134261,"date":"2024-11-22T18:59:57","date_gmt":"2024-11-22T21:59:57","guid":{"rendered":"https:\/\/www.elsindical.com.ar\/notas\/?p=134261"},"modified":"2024-11-22T19:00:15","modified_gmt":"2024-11-22T22:00:15","slug":"pablo-moyano-renuncio-a-la-cgt","status":"publish","type":"post","link":"https:\/\/www.elsindical.com.ar\/notas\/pablo-moyano-renuncio-a-la-cgt\/","title":{"rendered":"Pablo Moyano renunci\u00f3 a la CGT"},"content":{"rendered":"<div class=\"wp-block-image\">\n<figure class=\"aligncenter size-full is-resized\"><a href=\"https:\/\/www.elsindical.com.ar\/notas\/var\/www\/html\/notas\/wp-content\/uploads\/2024\/11\/Pablo-Moyano-discurso.jpg\"><img loading=\"lazy\" decoding=\"async\" width=\"550\" height=\"343\" src=\"https:\/\/www.elsindical.com.ar\/notas\/var\/www\/html\/notas\/wp-content\/uploads\/2024\/11\/Pablo-Moyano-discurso.jpg\" alt=\"\" class=\"wp-image-134262\" style=\"width:710px;height:auto\" srcset=\"https:\/\/www.elsindical.com.ar\/notas\/var\/www\/html\/notas\/wp-content\/uploads\/2024\/11\/Pablo-Moyano-discurso.jpg 550w, https:\/\/www.elsindical.com.ar\/notas\/var\/www\/html\/notas\/wp-content\/uploads\/2024\/11\/Pablo-Moyano-discurso-300x187.jpg 300w, https:\/\/www.elsindical.com.ar\/notas\/var\/www\/html\/notas\/wp-content\/uploads\/2024\/11\/Pablo-Moyano-discurso-481x300.jpg 481w\" sizes=\"auto, (max-width: 550px) 100vw, 550px\" \/><\/a><\/figure>\n<\/div>\n\n\n<p>El dirigente sindical <strong>Pablo Moyano renunci\u00f3 este viernes a su cargo como co-secretario general de la Confederaci\u00f3n General del Trabajo (CGT)<\/strong>, en medio de crecientes tensiones internas sobre el rumbo pol\u00edtico de la central. La decisi\u00f3n, anunciada mediante una breve nota dirigida al Consejo Directivo, marca un punto de inflexi\u00f3n en la conducci\u00f3n compartida de la organizaci\u00f3n y abre interrogantes sobre el futuro de la entidad.<\/p>\n\n\n\n<p>Moyano, referente del gremio de Camioneros, argument\u00f3 su renuncia al expresar su desacuerdo con las decisiones adoptadas por la llamada \u201cmesa chica\u201d de la CGT. Seg\u00fan el l\u00edder sindical, estas decisiones <strong>favorecieron una postura dialoguista con el Gobierno en un contexto que, seg\u00fan \u00e9l, requer\u00eda mayor dureza frente a lo que calific\u00f3 como \u201cel ajuste libertario\u201d.<\/strong><\/p>\n\n\n\n<h3 class=\"wp-block-heading\">Disidencias con la vertiente \u201cdialoguista\u201d<\/h3>\n\n\n\n<p>El jueves anterior, representantes del sector dialoguista, encabezados por Gerardo Mart\u00ednez (UOCRA), se reunieron con funcionarios del Gobierno y empresarios del Grupo de los 6 para tratar temas relacionados con la Ley de Bases. <strong>Esta reuni\u00f3n evidenci\u00f3 un acercamiento entre la central obrera y el oficialismo<\/strong>, y deriv\u00f3 en la decisi\u00f3n de desestimar un nuevo paro nacional, que era reclamado por el l\u00edder de Camioneros.<\/p>\n\n\n\n<p><strong>Moyano, en cambio, insisti\u00f3 en la necesidad de implementar un plan de lucha que priorizara el enfrentamiento con la administraci\u00f3n nacional.<\/strong> Sin embargo, esta postura fue desestimada por los sectores mayoritarios de la conducci\u00f3n de la CGT, quienes optaron por abrir una instancia de di\u00e1logo con el oficialismo.<\/p>\n\n\n\n<h3 class=\"wp-block-heading\">Impacto en la conducci\u00f3n de la CGT<\/h3>\n\n\n\n<p>La renuncia de Moyano desata una crisis en la estructura de la CGT, que ya enfrentaba tensiones entre los sectores dialoguistas y aquellos que proponen una estrategia m\u00e1s confrontativa. Desde el comienzo de la presidencia de Javier Milei, el l\u00edder camionero se mostr\u00f3 cr\u00edtico ante decisiones de la central sindical que, a su entender, no respond\u00edan a las necesidades urgentes del movimiento obrero.<\/p>\n\n\n\n<p>Ahora el Consejo Directivo reorganizar la conducci\u00f3n, lo que podr\u00eda derivar en una reformulaci\u00f3n de las estrategias sindicales frente al Gobierno y los empresarios. La relaci\u00f3n entre los sectores enfrentados dentro de la CGT tambi\u00e9n ser\u00e1 clave para determinar si esta decisi\u00f3n de Moyano se traduce en un quiebre mayor dentro de la central obrera.<\/p>\n","protected":false},"excerpt":{"rendered":"<p>El dirigente sindical Pablo Moyano renunci\u00f3 este viernes a su cargo como co-secretario general de la Confederaci\u00f3n General del Trabajo (CGT), en medio de crecientes tensiones internas sobre el rumbo pol\u00edtico de la central. La decisi\u00f3n, anunciada mediante una breve nota dirigida al Consejo Directivo, marca un punto de inflexi\u00f3n en la conducci\u00f3n compartida de&hellip;<\/p>\n","protected":false},"author":1,"featured_media":134262,"comment_status":"open","ping_status":"open","sticky":false,"template":"","format":"standard","meta":{"footnotes":""},"categories":[16],"tags":[910,2450,632,840,5411],"class_list":["post-134261","post","type-post","status-publish","format-standard","has-post-thumbnail","hentry","category-gremiales","tag-cgt","tag-diario-el-sindical","tag-pablo-moyano","tag-renuncia","tag-sindicalismo"],"_links":{"self":[{"href":"https:\/\/www.elsindical.com.ar\/notas\/wp-json\/wp\/v2\/posts\/134261","targetHints":{"allow":["GET"]}}],"collection":[{"href":"https:\/\/www.elsindical.com.ar\/notas\/wp-json\/wp\/v2\/posts"}],"about":[{"href":"https:\/\/www.elsindical.com.ar\/notas\/wp-json\/wp\/v2\/types\/post"}],"author":[{"embeddable":true,"href":"https:\/\/www.elsindical.com.ar\/notas\/wp-json\/wp\/v2\/users\/1"}],"replies":[{"embeddable":true,"href":"https:\/\/www.elsindical.com.ar\/notas\/wp-json\/wp\/v2\/comments?post=134261"}],"version-history":[{"count":1,"href":"https:\/\/www.elsindical.com.ar\/notas\/wp-json\/wp\/v2\/posts\/134261\/revisions"}],"predecessor-version":[{"id":134263,"href":"https:\/\/www.elsindical.com.ar\/notas\/wp-json\/wp\/v2\/posts\/134261\/revisions\/134263"}],"wp:featuredmedia":[{"embeddable":true,"href":"https:\/\/www.elsindical.com.ar\/notas\/wp-json\/wp\/v2\/media\/134262"}],"wp:attachment":[{"href":"https:\/\/www.elsindical.com.ar\/notas\/wp-json\/wp\/v2\/media?parent=134261"}],"wp:term":[{"taxonomy":"category","embeddable":true,"href":"https:\/\/www.elsindical.com.ar\/notas\/wp-json\/wp\/v2\/categories?post=134261"},{"taxonomy":"post_tag","embeddable":true,"href":"https:\/\/www.elsindical.com.ar\/notas\/wp-json\/wp\/v2\/tags?post=134261"}],"curies":[{"name":"wp","href":"https:\/\/api.w.org\/{rel}","templated":true}]}}