{"id":134230,"date":"2024-11-21T20:21:47","date_gmt":"2024-11-21T23:21:47","guid":{"rendered":"https:\/\/www.elsindical.com.ar\/notas\/?p=134230"},"modified":"2024-11-21T20:22:02","modified_gmt":"2024-11-21T23:22:02","slug":"berazategui-familiares-de-mujer-asesinada-reclaman-justicia-y-denuncian-corrupcion","status":"publish","type":"post","link":"https:\/\/www.elsindical.com.ar\/notas\/berazategui-familiares-de-mujer-asesinada-reclaman-justicia-y-denuncian-corrupcion\/","title":{"rendered":"Berazategui: Familiares de mujer asesinada reclaman justicia y denuncian corrupci\u00f3n"},"content":{"rendered":"<div class=\"wp-block-image\">\n<figure class=\"aligncenter size-full is-resized\"><a href=\"https:\/\/www.elsindical.com.ar\/notas\/var\/www\/html\/notas\/wp-content\/uploads\/2024\/11\/justicia-por-Andrea.jpg\"><img loading=\"lazy\" decoding=\"async\" width=\"700\" height=\"869\" src=\"https:\/\/www.elsindical.com.ar\/notas\/var\/www\/html\/notas\/wp-content\/uploads\/2024\/11\/justicia-por-Andrea.jpg\" alt=\"\" class=\"wp-image-134231\" style=\"width:510px;height:auto\" srcset=\"https:\/\/www.elsindical.com.ar\/notas\/var\/www\/html\/notas\/wp-content\/uploads\/2024\/11\/justicia-por-Andrea.jpg 700w, https:\/\/www.elsindical.com.ar\/notas\/var\/www\/html\/notas\/wp-content\/uploads\/2024\/11\/justicia-por-Andrea-242x300.jpg 242w\" sizes=\"auto, (max-width: 700px) 100vw, 700px\" \/><\/a><\/figure>\n<\/div>\n\n\n<p>   Familiares de una mujer que fue brutalmente asesinada a la que golpearon varios hombres y mujeres para terminar d\u00e1ndole muerte de un disparo, denuncian en los medios encubrimiento pol\u00edtico y policial, ya que los acusados del homicidio, son un clan familiar conocidos como los Gonz\u00e1lez con varias muertes anteriores.<\/p>\n\n\n\n<p>La mujer identificada como <strong>Andrea Alejandra Trinidad<\/strong>, de 40 a\u00f1os, fue baleada en la intersecci\u00f3n de las calles 2 y 141 del partido de Berazategui y seg\u00fan denuncian sus familiares ella intent\u00f3 hacer la denuncia para salvar su vida en la comisar\u00eda 1ra de Berazategui por los golpes y las amenazas de muerte donde no le tomaron la denuncia, aparentemente porque no era su jurisdicci\u00f3n.<\/p>\n\n\n\n<p>Finalmente la mujer fue asesinada de un disparo, los delincuentes en la comisar\u00eda acusaron a otro supuesto grupo de balearlos y de ser ellos los que dieron muerte a Trinidad.<\/p>\n\n\n\n<p>La causa es investigada por la Fiscal <strong>Silvia Noem\u00ed Borrone<\/strong>, titular de la Unidad Funcional Descentralizada N\u00b04 de Quilmes.<\/p>\n\n\n\n<p>Todos apuntan a que la instigadora del homicidio es una mujer <strong>Mirta Gonz\u00e1lez<\/strong>, quien posee dos panader\u00edas que se usan como pantalla para otros negocios turbios como lo son la venta de alimentos para asistencia social y la venta de drogas seg\u00fan lo que se denunci\u00f3 en Cr\u00f3nica TV por vecinos que dicen los asesinos tienen protecci\u00f3n pol\u00edtica y policial.<\/p>\n","protected":false},"excerpt":{"rendered":"<p>Familiares de una mujer que fue brutalmente asesinada a la que golpearon varios hombres y mujeres para terminar d\u00e1ndole muerte de un disparo, denuncian en los medios encubrimiento pol\u00edtico y policial, ya que los acusados del homicidio, son un clan familiar conocidos como los Gonz\u00e1lez con varias muertes anteriores. La mujer identificada como Andrea Alejandra&hellip;<\/p>\n","protected":false},"author":1,"featured_media":134231,"comment_status":"open","ping_status":"open","sticky":false,"template":"","format":"standard","meta":{"footnotes":""},"categories":[22,25],"tags":[44104,1277,44107,1451,44106,2329,44108,44105,30],"class_list":["post-134230","post","type-post","status-publish","format-standard","has-post-thumbnail","hentry","category-policiales","category-sociedad","tag-andrea-alejandra-trinidad","tag-berazategui","tag-clan-gonzalez","tag-corrupcion","tag-fiscal-silvia-noemi-borrone","tag-homicidio","tag-juan-jose-mussi-2","tag-mirta-gonzalez","tag-policia"],"_links":{"self":[{"href":"https:\/\/www.elsindical.com.ar\/notas\/wp-json\/wp\/v2\/posts\/134230","targetHints":{"allow":["GET"]}}],"collection":[{"href":"https:\/\/www.elsindical.com.ar\/notas\/wp-json\/wp\/v2\/posts"}],"about":[{"href":"https:\/\/www.elsindical.com.ar\/notas\/wp-json\/wp\/v2\/types\/post"}],"author":[{"embeddable":true,"href":"https:\/\/www.elsindical.com.ar\/notas\/wp-json\/wp\/v2\/users\/1"}],"replies":[{"embeddable":true,"href":"https:\/\/www.elsindical.com.ar\/notas\/wp-json\/wp\/v2\/comments?post=134230"}],"version-history":[{"count":1,"href":"https:\/\/www.elsindical.com.ar\/notas\/wp-json\/wp\/v2\/posts\/134230\/revisions"}],"predecessor-version":[{"id":134232,"href":"https:\/\/www.elsindical.com.ar\/notas\/wp-json\/wp\/v2\/posts\/134230\/revisions\/134232"}],"wp:featuredmedia":[{"embeddable":true,"href":"https:\/\/www.elsindical.com.ar\/notas\/wp-json\/wp\/v2\/media\/134231"}],"wp:attachment":[{"href":"https:\/\/www.elsindical.com.ar\/notas\/wp-json\/wp\/v2\/media?parent=134230"}],"wp:term":[{"taxonomy":"category","embeddable":true,"href":"https:\/\/www.elsindical.com.ar\/notas\/wp-json\/wp\/v2\/categories?post=134230"},{"taxonomy":"post_tag","embeddable":true,"href":"https:\/\/www.elsindical.com.ar\/notas\/wp-json\/wp\/v2\/tags?post=134230"}],"curies":[{"name":"wp","href":"https:\/\/api.w.org\/{rel}","templated":true}]}}