{"id":13422,"date":"2011-04-07T01:31:32","date_gmt":"2011-04-07T04:31:32","guid":{"rendered":"http:\/\/www.elsindical.com.ar\/notas\/?p=13422"},"modified":"2011-04-07T01:31:32","modified_gmt":"2011-04-07T04:31:32","slug":"medicos-bonaerenses-profundizaron-el-conflicto","status":"publish","type":"post","link":"https:\/\/www.elsindical.com.ar\/notas\/medicos-bonaerenses-profundizaron-el-conflicto\/","title":{"rendered":"M\u00e9dicos bonaerenses profundizaron el conflicto"},"content":{"rendered":"<p style=\"text-align: justify;\"><em><a href=\"http:\/\/www.elsindical.com.ar\/notas\/var\/www\/html\/notas\/wp-content\/uploads\/2010\/06\/Cicop-marcha.jpg\"><img loading=\"lazy\" decoding=\"async\" class=\"alignleft size-full wp-image-7034\" title=\"Cicop-marcha\" src=\"http:\/\/www.elsindical.com.ar\/notas\/var\/www\/html\/notas\/wp-content\/uploads\/2010\/06\/Cicop-marcha.jpg\" alt=\"\" width=\"269\" height=\"200\" \/><\/a>El conflicto salarial que mantienen m\u00e9dicos de hospitales p\u00fablicos bonaerenses se profundiz\u00f3 con el inicio de un paro de 72 horas, realizado pese a que rige la conciliaci\u00f3n obligatoria dispuesta por la cartera laboral, mientras el ministro de Salud, Alejandro Collia, consider\u00f3 bajo el acatamiento y reclam\u00f3 \u00abno descuidar\u00bb a los pacientes. <\/em><\/p>\n<p style=\"text-align: justify;\">Los afiliados de la Asociaci\u00f3n Sindical de Profesionales de la Salud de la Provincia de Buenos Aires (CICOP) resolvieron no concurrir a la reuni\u00f3n convocada para por el ministerio de Trabajo y afirmaron que se sentar\u00e1n \u00aba negociar cuando el gobierno est\u00e9 dispuesto a realizar una oferta superadora\u00bb.<\/p>\n<p style=\"text-align: justify;\">El gremio dispuso la medida, y otro paro de 72 horas para el 12, 13 y 14 de abril, tras rechazar el ofrecimiento del gobierno para un aumento salarial de 26,5 por ciento y ratificar el pedido inicial de 40 por ciento.<\/p>\n<p style=\"text-align: justify;\">El ministro de Salud bonaerense estim\u00f3 que el acatamiento al paro \u00abno supera el 20 por ciento\u00bb y sostuvo que la atenci\u00f3n en las guardias \u00abfuncionaron en todos los hospitales y en muchos de ellos se contin\u00faa la atenci\u00f3n por consultorios externos\u00bb. Collia, por otra parte, pidi\u00f3 a los m\u00e9dicos acatar la conciliaci\u00f3n obligatoria \u00abpara generar un espacio de di\u00e1logo y facilitar la soluci\u00f3n\u00bb. \u00abApelo a su responsabilidad, a su amor por lo que hacen y a la solidaridad hacia quienes no tienen otra alternativa a la hora de ser atendidos que el hospital p\u00fablico\u00bb, expres\u00f3 el ministro en declaraciones a radio Provincia. El funcionario explic\u00f3 que la provincia tiene \u00ab44 mil trabajadores de la salud, de los cuales 5 mil que est\u00e1n nucleados en CICOP llevan adelante el paro, ya que el resto ha aceptado el aumento en el marco de las paritarias y est\u00e1 trabajando en forma normal\u00bb. Collia, por otra parte, afirm\u00f3 que desde el inicio de la gesti\u00f3n el gobierno de Daniel Scioli \u00abnormaliz\u00f3 la situaci\u00f3n de estabilidad de los trabajadores de la salud, y hoy estamos llamando a concurso como lo establece la ley 10.471, algo que no se hac\u00eda desde hace 10 a\u00f1os\u00bb.El ministro, asimismo, apel\u00f3 a la resoluci\u00f3n del conflicto \u00abpor la v\u00eda del di\u00e1logo y el consenso, que es la manera en que se resolvieron todas las diferencias en 3 a\u00f1os de gesti\u00f3n en la provincia de Buenos Aires\u00bb y pidi\u00f3 que \u00abno descuiden a los pacientes del sector p\u00fablico\u00bb.<\/p>\n","protected":false},"excerpt":{"rendered":"<p>El conflicto salarial que mantienen m\u00e9dicos de hospitales p\u00fablicos bonaerenses se profundiz\u00f3 con el inicio de un paro de 72 horas, realizado pese a que rige la conciliaci\u00f3n obligatoria dispuesta por la cartera laboral, mientras el ministro de Salud, Alejandro Collia, consider\u00f3 bajo el acatamiento y reclam\u00f3 \u00abno descuidar\u00bb a los pacientes. Los afiliados de&hellip;<\/p>\n","protected":false},"author":1,"featured_media":0,"comment_status":"open","ping_status":"open","sticky":false,"template":"","format":"standard","meta":{"footnotes":""},"categories":[16],"tags":[291,436,6427,6426,67,514],"class_list":["post-13422","post","type-post","status-publish","format-standard","hentry","category-gremiales","tag-cicop","tag-conflicto","tag-medicos-bonaerenses","tag-ministro-de-salud","tag-paro","tag-reclamos"],"_links":{"self":[{"href":"https:\/\/www.elsindical.com.ar\/notas\/wp-json\/wp\/v2\/posts\/13422","targetHints":{"allow":["GET"]}}],"collection":[{"href":"https:\/\/www.elsindical.com.ar\/notas\/wp-json\/wp\/v2\/posts"}],"about":[{"href":"https:\/\/www.elsindical.com.ar\/notas\/wp-json\/wp\/v2\/types\/post"}],"author":[{"embeddable":true,"href":"https:\/\/www.elsindical.com.ar\/notas\/wp-json\/wp\/v2\/users\/1"}],"replies":[{"embeddable":true,"href":"https:\/\/www.elsindical.com.ar\/notas\/wp-json\/wp\/v2\/comments?post=13422"}],"version-history":[{"count":1,"href":"https:\/\/www.elsindical.com.ar\/notas\/wp-json\/wp\/v2\/posts\/13422\/revisions"}],"predecessor-version":[{"id":13423,"href":"https:\/\/www.elsindical.com.ar\/notas\/wp-json\/wp\/v2\/posts\/13422\/revisions\/13423"}],"wp:attachment":[{"href":"https:\/\/www.elsindical.com.ar\/notas\/wp-json\/wp\/v2\/media?parent=13422"}],"wp:term":[{"taxonomy":"category","embeddable":true,"href":"https:\/\/www.elsindical.com.ar\/notas\/wp-json\/wp\/v2\/categories?post=13422"},{"taxonomy":"post_tag","embeddable":true,"href":"https:\/\/www.elsindical.com.ar\/notas\/wp-json\/wp\/v2\/tags?post=13422"}],"curies":[{"name":"wp","href":"https:\/\/api.w.org\/{rel}","templated":true}]}}