{"id":134218,"date":"2024-11-21T14:34:48","date_gmt":"2024-11-21T17:34:48","guid":{"rendered":"https:\/\/www.elsindical.com.ar\/notas\/?p=134218"},"modified":"2024-11-21T14:34:54","modified_gmt":"2024-11-21T17:34:54","slug":"el-gobierno-despidio-al-jefe-de-la-fuerza-aerea-por-acoso-y-uso-indebido-de-las-aeronaves","status":"publish","type":"post","link":"https:\/\/www.elsindical.com.ar\/notas\/el-gobierno-despidio-al-jefe-de-la-fuerza-aerea-por-acoso-y-uso-indebido-de-las-aeronaves\/","title":{"rendered":"El Gobierno despidi\u00f3 al jefe de la Fuerza A\u00e9rea por \u00abacoso y uso indebido de las aeronaves\u00bb"},"content":{"rendered":"\n<figure class=\"wp-block-image size-full\"><a href=\"https:\/\/www.elsindical.com.ar\/notas\/var\/www\/html\/notas\/wp-content\/uploads\/2024\/11\/Fernando-Mengo-y-Luis-Petri.jpg\"><img loading=\"lazy\" decoding=\"async\" width=\"1022\" height=\"552\" src=\"https:\/\/www.elsindical.com.ar\/notas\/var\/www\/html\/notas\/wp-content\/uploads\/2024\/11\/Fernando-Mengo-y-Luis-Petri.jpg\" alt=\"\" class=\"wp-image-134219\" srcset=\"https:\/\/www.elsindical.com.ar\/notas\/var\/www\/html\/notas\/wp-content\/uploads\/2024\/11\/Fernando-Mengo-y-Luis-Petri.jpg 1022w, https:\/\/www.elsindical.com.ar\/notas\/var\/www\/html\/notas\/wp-content\/uploads\/2024\/11\/Fernando-Mengo-y-Luis-Petri-300x162.jpg 300w, https:\/\/www.elsindical.com.ar\/notas\/var\/www\/html\/notas\/wp-content\/uploads\/2024\/11\/Fernando-Mengo-y-Luis-Petri-768x415.jpg 768w, https:\/\/www.elsindical.com.ar\/notas\/var\/www\/html\/notas\/wp-content\/uploads\/2024\/11\/Fernando-Mengo-y-Luis-Petri-500x270.jpg 500w\" sizes=\"auto, (max-width: 1022px) 100vw, 1022px\" \/><\/a><\/figure>\n\n\n\n<p class=\"wp-block-paragraph\">El Ministerio de Defensa, a cargo de Luis Petri, public\u00f3 un comunicado donde explicaron la decisi\u00f3n, que fue tomada \u00aben cumplimiento del deber de garantizar la transparencia, la \u00e9tica y el respeto a la ley\u00bb.<\/p>\n\n\n\n<p class=\"wp-block-paragraph\"><strong>El Gobierno<\/strong> ech\u00f3 a <strong>Fernando Mengo<\/strong>, jefe de la Fuerza A\u00e9rea, producto <strong>de \u00abacoso y por uso indebido de las aeronaves\u00bb<\/strong>, seg\u00fan anunciaron en un comunicado. <strong>Luis Petri<\/strong>, ministro de Defensa, explic\u00f3 que <strong>la decisi\u00f3n fue \u00aben cumplimiento del deber de garantizar la transparencia, la \u00e9tica y el respeto a la ley<\/strong>\u00ab.<\/p>\n\n\n<div class=\"wp-block-image\">\n<figure class=\"aligncenter size-large\"><a href=\"https:\/\/www.elsindical.com.ar\/notas\/var\/www\/html\/notas\/wp-content\/uploads\/2024\/11\/Comunicado-de-prensa-Petri-despido-Jefe-Fuerza-Aerea.jpg\"><img loading=\"lazy\" decoding=\"async\" width=\"1024\" height=\"1024\" src=\"https:\/\/www.elsindical.com.ar\/notas\/var\/www\/html\/notas\/wp-content\/uploads\/2024\/11\/Comunicado-de-prensa-Petri-despido-Jefe-Fuerza-Aerea-1024x1024.jpg\" alt=\"\" class=\"wp-image-134220\" srcset=\"https:\/\/www.elsindical.com.ar\/notas\/var\/www\/html\/notas\/wp-content\/uploads\/2024\/11\/Comunicado-de-prensa-Petri-despido-Jefe-Fuerza-Aerea-1024x1024.jpg 1024w, https:\/\/www.elsindical.com.ar\/notas\/var\/www\/html\/notas\/wp-content\/uploads\/2024\/11\/Comunicado-de-prensa-Petri-despido-Jefe-Fuerza-Aerea-300x300.jpg 300w, https:\/\/www.elsindical.com.ar\/notas\/var\/www\/html\/notas\/wp-content\/uploads\/2024\/11\/Comunicado-de-prensa-Petri-despido-Jefe-Fuerza-Aerea-150x150.jpg 150w, https:\/\/www.elsindical.com.ar\/notas\/var\/www\/html\/notas\/wp-content\/uploads\/2024\/11\/Comunicado-de-prensa-Petri-despido-Jefe-Fuerza-Aerea-768x767.jpg 768w, https:\/\/www.elsindical.com.ar\/notas\/var\/www\/html\/notas\/wp-content\/uploads\/2024\/11\/Comunicado-de-prensa-Petri-despido-Jefe-Fuerza-Aerea-50x50.jpg 50w, https:\/\/www.elsindical.com.ar\/notas\/var\/www\/html\/notas\/wp-content\/uploads\/2024\/11\/Comunicado-de-prensa-Petri-despido-Jefe-Fuerza-Aerea.jpg 1280w\" sizes=\"auto, (max-width: 1024px) 100vw, 1024px\" \/><\/a><\/figure>\n<\/div>\n\n\n<p class=\"wp-block-paragraph\">El texto explica que decidi\u00f3 \u00abrelevar al Brigadier Fernando Mengo, Jefe de la Fuerza A\u00e9rea\u00bb. Y agreg\u00f3: \u00abEsta decisi\u00f3n responde a hechos que ponen de manifiesto el uso indebido de aeronaves de la instituci\u00f3n con fines particulares, lo que implica <strong>una grave violaci\u00f3n de la normativa que rige el manejo de los bienes p\u00fablicos<\/strong> y de las responsabilidades inherentes a su cargo\u00bb.<\/p>\n\n\n\n<h2 class=\"wp-block-heading\">El Gobierno ech\u00f3 al jefe de la Fuerza A\u00e9rea<\/h2>\n\n\n\n<p class=\"wp-block-paragraph\">El ministro mencion\u00f3 tambi\u00e9n en el comunicado que <strong>habr\u00edan existido&nbsp;\u00abpresuntos hechos de acoso y\/o abuso que habr\u00edan sido protagonizados por el Brigadier Mengo<\/strong>, lo que constituye una falta grav\u00edsima e inadmisible\u00bb.<\/p>\n\n\n\n<p class=\"wp-block-paragraph\">Adem\u00e1s, mencion\u00f3 los pasos a seguir tras las denuncias recibidas: \u00abHe instruido el inicio de todas las acciones legales y administrativas necesarias para que se investiguen estos hechos, determinen responsabilidades y garanticen que quienes hayan incurrido en ellas reciban las sanciones que corresponden por la gravedad de su accionar\u00bb.<\/p>\n\n\n\n<p class=\"wp-block-paragraph\">El funcionario apunt\u00f3 que durante su gesti\u00f3n \u00abni habr\u00e1 tolerancia para el abuso de poder, la corrupci\u00f3n ni las conductas que mancillen la integridad de las personas o la confianza de la ciudadan\u00eda en nuestras instituciones\u00bb. \u00abEste Ministerio de Defensa reafirma <strong>su compromiso con la transparencia, la austeridad, la protecci\u00f3n de los derechos de las v\u00edctimas y el respeto irrestricto a la ley<\/strong> como pilares fundamentales de su gesti\u00f3n\u00bb, culmin\u00f3 el texto que lleva su firma.<\/p>\n","protected":false},"excerpt":{"rendered":"<p>El Ministerio de Defensa, a cargo de Luis Petri, public\u00f3 un comunicado donde explicaron la decisi\u00f3n, que fue tomada \u00aben cumplimiento del deber de garantizar la transparencia, la \u00e9tica y el respeto a la ley\u00bb. El Gobierno ech\u00f3 a Fernando Mengo, jefe de la Fuerza A\u00e9rea, producto de \u00abacoso y por uso indebido de las&hellip;<\/p>\n","protected":false},"author":1,"featured_media":134219,"comment_status":"open","ping_status":"open","sticky":false,"template":"","format":"standard","meta":{"footnotes":""},"categories":[13],"tags":[7709,44098,2123,2450,42100,40475],"class_list":["post-134218","post","type-post","status-publish","format-standard","has-post-thumbnail","hentry","category-politica","tag-acoso","tag-brigadier-general-fernando-mengo","tag-comunicado","tag-diario-el-sindical","tag-fuerza-area-argentina","tag-luis-petri"],"_links":{"self":[{"href":"https:\/\/www.elsindical.com.ar\/notas\/wp-json\/wp\/v2\/posts\/134218","targetHints":{"allow":["GET"]}}],"collection":[{"href":"https:\/\/www.elsindical.com.ar\/notas\/wp-json\/wp\/v2\/posts"}],"about":[{"href":"https:\/\/www.elsindical.com.ar\/notas\/wp-json\/wp\/v2\/types\/post"}],"author":[{"embeddable":true,"href":"https:\/\/www.elsindical.com.ar\/notas\/wp-json\/wp\/v2\/users\/1"}],"replies":[{"embeddable":true,"href":"https:\/\/www.elsindical.com.ar\/notas\/wp-json\/wp\/v2\/comments?post=134218"}],"version-history":[{"count":1,"href":"https:\/\/www.elsindical.com.ar\/notas\/wp-json\/wp\/v2\/posts\/134218\/revisions"}],"predecessor-version":[{"id":134221,"href":"https:\/\/www.elsindical.com.ar\/notas\/wp-json\/wp\/v2\/posts\/134218\/revisions\/134221"}],"wp:featuredmedia":[{"embeddable":true,"href":"https:\/\/www.elsindical.com.ar\/notas\/wp-json\/wp\/v2\/media\/134219"}],"wp:attachment":[{"href":"https:\/\/www.elsindical.com.ar\/notas\/wp-json\/wp\/v2\/media?parent=134218"}],"wp:term":[{"taxonomy":"category","embeddable":true,"href":"https:\/\/www.elsindical.com.ar\/notas\/wp-json\/wp\/v2\/categories?post=134218"},{"taxonomy":"post_tag","embeddable":true,"href":"https:\/\/www.elsindical.com.ar\/notas\/wp-json\/wp\/v2\/tags?post=134218"}],"curies":[{"name":"wp","href":"https:\/\/api.w.org\/{rel}","templated":true}]}}