{"id":134109,"date":"2024-11-15T11:10:40","date_gmt":"2024-11-15T14:10:40","guid":{"rendered":"https:\/\/www.elsindical.com.ar\/notas\/?p=134109"},"modified":"2024-11-15T11:39:41","modified_gmt":"2024-11-15T14:39:41","slug":"milei-con-trump-los-vientos-de-libertad-soplan-muchisimo-mas-fuerte","status":"publish","type":"post","link":"https:\/\/www.elsindical.com.ar\/notas\/milei-con-trump-los-vientos-de-libertad-soplan-muchisimo-mas-fuerte\/","title":{"rendered":"Milei con Trump: \u201cLos vientos de libertad soplan much\u00edsimo m\u00e1s fuerte\u201d"},"content":{"rendered":"\n<figure class=\"wp-block-image size-large\"><a href=\"https:\/\/www.elsindical.com.ar\/notas\/var\/www\/html\/notas\/wp-content\/uploads\/2024\/11\/Milei-y-Trump.jpg\"><img loading=\"lazy\" decoding=\"async\" width=\"1024\" height=\"576\" src=\"https:\/\/www.elsindical.com.ar\/notas\/var\/www\/html\/notas\/wp-content\/uploads\/2024\/11\/Milei-y-Trump-1024x576.jpg\" alt=\"\" class=\"wp-image-134110\" srcset=\"https:\/\/www.elsindical.com.ar\/notas\/var\/www\/html\/notas\/wp-content\/uploads\/2024\/11\/Milei-y-Trump-1024x576.jpg 1024w, https:\/\/www.elsindical.com.ar\/notas\/var\/www\/html\/notas\/wp-content\/uploads\/2024\/11\/Milei-y-Trump-300x169.jpg 300w, https:\/\/www.elsindical.com.ar\/notas\/var\/www\/html\/notas\/wp-content\/uploads\/2024\/11\/Milei-y-Trump-768x432.jpg 768w, https:\/\/www.elsindical.com.ar\/notas\/var\/www\/html\/notas\/wp-content\/uploads\/2024\/11\/Milei-y-Trump-500x281.jpg 500w, https:\/\/www.elsindical.com.ar\/notas\/var\/www\/html\/notas\/wp-content\/uploads\/2024\/11\/Milei-y-Trump-460x260.jpg 460w, https:\/\/www.elsindical.com.ar\/notas\/var\/www\/html\/notas\/wp-content\/uploads\/2024\/11\/Milei-y-Trump.jpg 1200w\" sizes=\"auto, (max-width: 1024px) 100vw, 1024px\" \/><\/a><\/figure>\n\n\n\n<p>El presidente Javier Milei particip\u00f3 anoche de la convenci\u00f3n conservadora en Estados Unidos y se fotografi\u00f3 junto a Donald Trump.<\/p>\n\n\n\n<p>El presidente <strong>Javier Milei particip\u00f3 de la convenci\u00f3n conservadora <\/strong>que tuvo lugar anoche en el Estado de la Florida. Milei dio su discurso en castellano y fue fiel a sus apostolados de siempre.<\/p>\n\n\n\n<p>Milei tuvo palabras muy afectuosas para con el due\u00f1o de casa, el flamante presidente electo Donald Trump.<\/p>\n\n\n\n<p>\u201c<strong>Quiero comenzar primero felicitando al presidente electo Donald Trump por su contundente victoria, por la remontada pol\u00edtica m\u00e1s grande de la historia enfrentando a todo el establishment pol\u00edtico<\/strong> incluso poniendo en riesgo su propia vida y gracias a eso hoy el mundo es un mundo mucho mejor porque hoy los vientos de libertad soplan much\u00edsimo m\u00e1s fuerte\u201d, remarc\u00f3. Y agreg\u00f3: \u201cun verdadero milagro y prueba fehaciente de que las fuerzas del cielo est\u00e1n de nuestro lado\u201d.<\/p>\n\n\n\n<p>El comunismo, siempre una de las v\u00edctimas predilectas del actual ocupante de la Casa Rosada tambi\u00e9n tuvo su lugar en el discurso.<\/p>\n\n\n\n<p>\u201cEn 1848 Marx comenz\u00f3 aquel panfleto siniestro que fue su manifiesto comunista diciendo que un fantasma recorr\u00eda Europa, el fantasma del comunismo, <strong>hoy un fantasma distinto recorre el mundo, el fantasma de la libertad<\/strong>\u201d, enfatiz\u00f3.<\/p>\n\n\n\n<p>Javier Milei y su hermana siguen derrochando recursos del Estado en fiestas con intereses personales pero que NADA tienen que ver con actividades protocolares de representar intereses para la Argentina y s\u00ed disfrutar de la fama que da ejercer la presidencia para acceder a eventos de \u00e9lites.<\/p>\n\n\n\n<figure class=\"wp-block-embed is-type-video is-provider-youtube wp-block-embed-youtube wp-embed-aspect-16-9 wp-has-aspect-ratio\"><div class=\"wp-block-embed__wrapper\">\n<iframe loading=\"lazy\" title=\"EEUU Javier Milei y su hermana disfrutando de su momento\" width=\"700\" height=\"394\" src=\"https:\/\/www.youtube.com\/embed\/VhHdGSSBKEI?feature=oembed\" frameborder=\"0\" allow=\"accelerometer; autoplay; clipboard-write; encrypted-media; gyroscope; picture-in-picture; web-share\" referrerpolicy=\"strict-origin-when-cross-origin\" allowfullscreen><\/iframe>\n<\/div><\/figure>\n","protected":false},"excerpt":{"rendered":"<p>El presidente Javier Milei particip\u00f3 anoche de la convenci\u00f3n conservadora en Estados Unidos y se fotografi\u00f3 junto a Donald Trump. El presidente Javier Milei particip\u00f3 de la convenci\u00f3n conservadora que tuvo lugar anoche en el Estado de la Florida. Milei dio su discurso en castellano y fue fiel a sus apostolados de siempre. Milei tuvo&hellip;<\/p>\n","protected":false},"author":1,"featured_media":134110,"comment_status":"open","ping_status":"open","sticky":false,"template":"","format":"standard","meta":{"footnotes":""},"categories":[13],"tags":[44061,2450,24748,141,38678,40428],"class_list":["post-134109","post","type-post","status-publish","format-standard","has-post-thumbnail","hentry","category-politica","tag-convencion-conservadora","tag-diario-el-sindical","tag-donald-trump","tag-eeuu","tag-elon-musk","tag-karina-milei"],"_links":{"self":[{"href":"https:\/\/www.elsindical.com.ar\/notas\/wp-json\/wp\/v2\/posts\/134109","targetHints":{"allow":["GET"]}}],"collection":[{"href":"https:\/\/www.elsindical.com.ar\/notas\/wp-json\/wp\/v2\/posts"}],"about":[{"href":"https:\/\/www.elsindical.com.ar\/notas\/wp-json\/wp\/v2\/types\/post"}],"author":[{"embeddable":true,"href":"https:\/\/www.elsindical.com.ar\/notas\/wp-json\/wp\/v2\/users\/1"}],"replies":[{"embeddable":true,"href":"https:\/\/www.elsindical.com.ar\/notas\/wp-json\/wp\/v2\/comments?post=134109"}],"version-history":[{"count":2,"href":"https:\/\/www.elsindical.com.ar\/notas\/wp-json\/wp\/v2\/posts\/134109\/revisions"}],"predecessor-version":[{"id":134113,"href":"https:\/\/www.elsindical.com.ar\/notas\/wp-json\/wp\/v2\/posts\/134109\/revisions\/134113"}],"wp:featuredmedia":[{"embeddable":true,"href":"https:\/\/www.elsindical.com.ar\/notas\/wp-json\/wp\/v2\/media\/134110"}],"wp:attachment":[{"href":"https:\/\/www.elsindical.com.ar\/notas\/wp-json\/wp\/v2\/media?parent=134109"}],"wp:term":[{"taxonomy":"category","embeddable":true,"href":"https:\/\/www.elsindical.com.ar\/notas\/wp-json\/wp\/v2\/categories?post=134109"},{"taxonomy":"post_tag","embeddable":true,"href":"https:\/\/www.elsindical.com.ar\/notas\/wp-json\/wp\/v2\/tags?post=134109"}],"curies":[{"name":"wp","href":"https:\/\/api.w.org\/{rel}","templated":true}]}}