{"id":134093,"date":"2024-11-14T22:07:03","date_gmt":"2024-11-15T01:07:03","guid":{"rendered":"https:\/\/www.elsindical.com.ar\/notas\/?p=134093"},"modified":"2024-11-14T22:07:09","modified_gmt":"2024-11-15T01:07:09","slug":"robledo-puch-recupera-la-libertad-bajo-un-regimen-especial-abierto","status":"publish","type":"post","link":"https:\/\/www.elsindical.com.ar\/notas\/robledo-puch-recupera-la-libertad-bajo-un-regimen-especial-abierto\/","title":{"rendered":"Robledo Puch recupera la libertad bajo un r\u00e9gimen especial abierto"},"content":{"rendered":"<div class=\"wp-block-image\">\n<figure class=\"aligncenter size-full\"><a href=\"https:\/\/www.elsindical.com.ar\/notas\/var\/www\/html\/notas\/wp-content\/uploads\/2024\/11\/Robledo-Puch.png\"><img loading=\"lazy\" decoding=\"async\" width=\"750\" height=\"422\" src=\"https:\/\/www.elsindical.com.ar\/notas\/var\/www\/html\/notas\/wp-content\/uploads\/2024\/11\/Robledo-Puch.png\" alt=\"\" class=\"wp-image-134095\" srcset=\"https:\/\/www.elsindical.com.ar\/notas\/var\/www\/html\/notas\/wp-content\/uploads\/2024\/11\/Robledo-Puch.png 750w, https:\/\/www.elsindical.com.ar\/notas\/var\/www\/html\/notas\/wp-content\/uploads\/2024\/11\/Robledo-Puch-300x169.png 300w, https:\/\/www.elsindical.com.ar\/notas\/var\/www\/html\/notas\/wp-content\/uploads\/2024\/11\/Robledo-Puch-500x281.png 500w, https:\/\/www.elsindical.com.ar\/notas\/var\/www\/html\/notas\/wp-content\/uploads\/2024\/11\/Robledo-Puch-460x260.png 460w\" sizes=\"auto, (max-width: 750px) 100vw, 750px\" \/><\/a><\/figure>\n<\/div>\n\n\n<p>Seg\u00fan informaron fuentes judiciales, el famoso asesino en serie, Carlos Robledo Puch, que estuvo preso durante m\u00e1s de 50 a\u00f1os, acceder\u00e1 al beneficio una vez que se produzca el cupo correspondiente, siempre y cuando preste su consentimiento al efecto.<\/p>\n\n\n\n<p>En la actualidad est\u00e1 alojado en el Pabell\u00f3n 1 de la Unidad Penitenciaria (UP) 26 de Olmos del Servicio Penitenciario Bonaerense (SPB).<\/p>\n\n\n\n<p>En caso de incorporarse al r\u00e9gimen abierto de detenci\u00f3n pasar\u00eda a la UP 25, tambi\u00e9n de Olmos, que integra el programa \u201cCasas por C\u00e1rceles\u201d.<\/p>\n\n\n\n<p>El mismo prev\u00e9 un espacio habitacional con un adecuado nivel de privacidad sin guardia armada uniformada, ni muros perimetrales, rejas u otras formas de contenci\u00f3n.<\/p>\n\n\n<div class=\"wp-block-image\">\n<figure class=\"aligncenter size-full\"><a href=\"https:\/\/www.elsindical.com.ar\/notas\/var\/www\/html\/notas\/wp-content\/uploads\/2024\/11\/Carlos-Eduardo-Robledo-Puch.jpg\"><img loading=\"lazy\" decoding=\"async\" width=\"720\" height=\"457\" src=\"https:\/\/www.elsindical.com.ar\/notas\/var\/www\/html\/notas\/wp-content\/uploads\/2024\/11\/Carlos-Eduardo-Robledo-Puch.jpg\" alt=\"\" class=\"wp-image-134094\" srcset=\"https:\/\/www.elsindical.com.ar\/notas\/var\/www\/html\/notas\/wp-content\/uploads\/2024\/11\/Carlos-Eduardo-Robledo-Puch.jpg 720w, https:\/\/www.elsindical.com.ar\/notas\/var\/www\/html\/notas\/wp-content\/uploads\/2024\/11\/Carlos-Eduardo-Robledo-Puch-300x190.jpg 300w, https:\/\/www.elsindical.com.ar\/notas\/var\/www\/html\/notas\/wp-content\/uploads\/2024\/11\/Carlos-Eduardo-Robledo-Puch-473x300.jpg 473w\" sizes=\"auto, (max-width: 720px) 100vw, 720px\" \/><\/a><\/figure>\n<\/div>","protected":false},"excerpt":{"rendered":"<p>Seg\u00fan informaron fuentes judiciales, el famoso asesino en serie, Carlos Robledo Puch, que estuvo preso durante m\u00e1s de 50 a\u00f1os, acceder\u00e1 al beneficio una vez que se produzca el cupo correspondiente, siempre y cuando preste su consentimiento al efecto. En la actualidad est\u00e1 alojado en el Pabell\u00f3n 1 de la Unidad Penitenciaria (UP) 26 de&hellip;<\/p>\n","protected":false},"author":1,"featured_media":134095,"comment_status":"open","ping_status":"open","sticky":false,"template":"","format":"standard","meta":{"footnotes":""},"categories":[19,20,25],"tags":[914,17392,2450,1684,1544,44057],"class_list":["post-134093","post","type-post","status-publish","format-standard","has-post-thumbnail","hentry","category-intramuros","category-judiciales","category-sociedad","tag-asesino-serial","tag-carlos-robledo-puch","tag-diario-el-sindical","tag-libertad","tag-spb","tag-up-26-olmos"],"_links":{"self":[{"href":"https:\/\/www.elsindical.com.ar\/notas\/wp-json\/wp\/v2\/posts\/134093","targetHints":{"allow":["GET"]}}],"collection":[{"href":"https:\/\/www.elsindical.com.ar\/notas\/wp-json\/wp\/v2\/posts"}],"about":[{"href":"https:\/\/www.elsindical.com.ar\/notas\/wp-json\/wp\/v2\/types\/post"}],"author":[{"embeddable":true,"href":"https:\/\/www.elsindical.com.ar\/notas\/wp-json\/wp\/v2\/users\/1"}],"replies":[{"embeddable":true,"href":"https:\/\/www.elsindical.com.ar\/notas\/wp-json\/wp\/v2\/comments?post=134093"}],"version-history":[{"count":1,"href":"https:\/\/www.elsindical.com.ar\/notas\/wp-json\/wp\/v2\/posts\/134093\/revisions"}],"predecessor-version":[{"id":134096,"href":"https:\/\/www.elsindical.com.ar\/notas\/wp-json\/wp\/v2\/posts\/134093\/revisions\/134096"}],"wp:featuredmedia":[{"embeddable":true,"href":"https:\/\/www.elsindical.com.ar\/notas\/wp-json\/wp\/v2\/media\/134095"}],"wp:attachment":[{"href":"https:\/\/www.elsindical.com.ar\/notas\/wp-json\/wp\/v2\/media?parent=134093"}],"wp:term":[{"taxonomy":"category","embeddable":true,"href":"https:\/\/www.elsindical.com.ar\/notas\/wp-json\/wp\/v2\/categories?post=134093"},{"taxonomy":"post_tag","embeddable":true,"href":"https:\/\/www.elsindical.com.ar\/notas\/wp-json\/wp\/v2\/tags?post=134093"}],"curies":[{"name":"wp","href":"https:\/\/api.w.org\/{rel}","templated":true}]}}