{"id":134050,"date":"2024-11-12T08:53:58","date_gmt":"2024-11-12T11:53:58","guid":{"rendered":"https:\/\/www.elsindical.com.ar\/notas\/?p=134050"},"modified":"2024-11-12T08:54:03","modified_gmt":"2024-11-12T11:54:03","slug":"milei-cierra-el-procrear","status":"publish","type":"post","link":"https:\/\/www.elsindical.com.ar\/notas\/milei-cierra-el-procrear\/","title":{"rendered":"Milei cierra el Procrear"},"content":{"rendered":"<div class=\"wp-block-image\">\n<figure class=\"aligncenter size-full is-resized\"><a href=\"https:\/\/www.elsindical.com.ar\/notas\/var\/www\/html\/notas\/wp-content\/uploads\/2024\/11\/PROCREAR.jpeg\"><img loading=\"lazy\" decoding=\"async\" width=\"678\" height=\"381\" src=\"https:\/\/www.elsindical.com.ar\/notas\/var\/www\/html\/notas\/wp-content\/uploads\/2024\/11\/PROCREAR.jpeg\" alt=\"\" class=\"wp-image-134051\" style=\"width:726px;height:auto\" srcset=\"https:\/\/www.elsindical.com.ar\/notas\/var\/www\/html\/notas\/wp-content\/uploads\/2024\/11\/PROCREAR.jpeg 678w, https:\/\/www.elsindical.com.ar\/notas\/var\/www\/html\/notas\/wp-content\/uploads\/2024\/11\/PROCREAR-300x169.jpeg 300w, https:\/\/www.elsindical.com.ar\/notas\/var\/www\/html\/notas\/wp-content\/uploads\/2024\/11\/PROCREAR-500x281.jpeg 500w\" sizes=\"auto, (max-width: 678px) 100vw, 678px\" \/><\/a><\/figure>\n<\/div>\n\n\n<p class=\"wp-block-paragraph\"><strong>El Gobierno de\u00a0Javier Milei\u00a0anunci\u00f3 el final del\u00a0programa Procrear, uno de las principales iniciativas que tuvo el kirchnerismo<\/strong> y que permiti\u00f3 que miles de familias vieran concretado el sue\u00f1o de la casa propia.<\/p>\n\n\n\n<p class=\"wp-block-paragraph\">La noticia la dio anoche el vocero presidencial,&nbsp;Manuel Adorni,&nbsp;en su cuenta de X (antes Twitter), una forma ya habitual de brindar la informaci\u00f3n.<\/p>\n\n\n\n<p class=\"wp-block-paragraph\"><strong>\u201cDos novedades econ\u00f3micas: a partir de ma\u00f1ana (por hoy) el plan Procrear tal y como lo conocemos dejar\u00e1 de existir. Adem\u00e1s de esto, se comenzar\u00e1n a permitir las `hipotecas divisibles` para proyectos inmobiliarios en desarrollo\u201d<\/strong>, indic\u00f3 en su red social.<\/p>\n\n\n\n<p class=\"wp-block-paragraph\">Y destac\u00f3 la <strong>\u201cgran gesti\u00f3n de Luis Caputo (ministro de Econom\u00eda)\u201d.<\/strong><\/p>\n\n\n\n<p class=\"wp-block-paragraph\">El anuncio se realiz\u00f3 por redes sociales, lo mismo que hab\u00eda ocurrido con el cambio de nombre del ahora ex\u00a0Gasoducto N\u00e9stor Kirchner y con la desregulaci\u00f3n del servicio de correos y operadores postales. Ahora, se hizo lo mismo con el final del programa Procrear, uno de los principales anuncios que se llev\u00f3 a cabo durante el kirchnerismo.<\/p>\n\n\n\n<p class=\"wp-block-paragraph\"><strong>El programa, impulsado durante el kirchnerismo, impuls\u00f3 soluciones para atender a las demandas habitacionales, desde una pol\u00edtica de desarrollos urban\u00edsticos y nuevos espacios e infraestructura<\/strong> que permit\u00edan mejor conectividad.<\/p>\n\n\n\n<figure class=\"wp-block-embed is-type-rich is-provider-twitter wp-block-embed-twitter\"><div class=\"wp-block-embed__wrapper\">\n<blockquote class=\"twitter-tweet\" data-width=\"550\" data-dnt=\"true\"><p lang=\"es\" dir=\"ltr\">Dos novedades econ\u00f3micas: a partir de ma\u00f1ana el plan Procrear tal y como lo conocemos dejar\u00e1 de existir. Adem\u00e1s de esto, se comenzar\u00e1n a permitir las \u201chipotecas divisibles\u201d para proyectos inmobiliarios en desarrollo.<br><br>Gran gesti\u00f3n de Luis Caputo.<br><br>Fin.<\/p>&mdash; Manuel Adorni (@madorni) <a href=\"https:\/\/twitter.com\/madorni\/status\/1856148413336957090?ref_src=twsrc%5Etfw\">November 12, 2024<\/a><\/blockquote><script async src=\"https:\/\/platform.twitter.com\/widgets.js\" charset=\"utf-8\"><\/script>\n<\/div><\/figure>\n","protected":false},"excerpt":{"rendered":"<p>El Gobierno de\u00a0Javier Milei\u00a0anunci\u00f3 el final del\u00a0programa Procrear, uno de las principales iniciativas que tuvo el kirchnerismo y que permiti\u00f3 que miles de familias vieran concretado el sue\u00f1o de la casa propia. La noticia la dio anoche el vocero presidencial,&nbsp;Manuel Adorni,&nbsp;en su cuenta de X (antes Twitter), una forma ya habitual de brindar la informaci\u00f3n.&hellip;<\/p>\n","protected":false},"author":1,"featured_media":134051,"comment_status":"open","ping_status":"open","sticky":false,"template":"","format":"standard","meta":{"footnotes":""},"categories":[13],"tags":[2450,28812,41770,7139,2605],"class_list":["post-134050","post","type-post","status-publish","format-standard","has-post-thumbnail","hentry","category-politica","tag-diario-el-sindical","tag-javier-milei","tag-manuel-adorni","tag-procrear","tag-redes-sociales"],"_links":{"self":[{"href":"https:\/\/www.elsindical.com.ar\/notas\/wp-json\/wp\/v2\/posts\/134050","targetHints":{"allow":["GET"]}}],"collection":[{"href":"https:\/\/www.elsindical.com.ar\/notas\/wp-json\/wp\/v2\/posts"}],"about":[{"href":"https:\/\/www.elsindical.com.ar\/notas\/wp-json\/wp\/v2\/types\/post"}],"author":[{"embeddable":true,"href":"https:\/\/www.elsindical.com.ar\/notas\/wp-json\/wp\/v2\/users\/1"}],"replies":[{"embeddable":true,"href":"https:\/\/www.elsindical.com.ar\/notas\/wp-json\/wp\/v2\/comments?post=134050"}],"version-history":[{"count":1,"href":"https:\/\/www.elsindical.com.ar\/notas\/wp-json\/wp\/v2\/posts\/134050\/revisions"}],"predecessor-version":[{"id":134052,"href":"https:\/\/www.elsindical.com.ar\/notas\/wp-json\/wp\/v2\/posts\/134050\/revisions\/134052"}],"wp:featuredmedia":[{"embeddable":true,"href":"https:\/\/www.elsindical.com.ar\/notas\/wp-json\/wp\/v2\/media\/134051"}],"wp:attachment":[{"href":"https:\/\/www.elsindical.com.ar\/notas\/wp-json\/wp\/v2\/media?parent=134050"}],"wp:term":[{"taxonomy":"category","embeddable":true,"href":"https:\/\/www.elsindical.com.ar\/notas\/wp-json\/wp\/v2\/categories?post=134050"},{"taxonomy":"post_tag","embeddable":true,"href":"https:\/\/www.elsindical.com.ar\/notas\/wp-json\/wp\/v2\/tags?post=134050"}],"curies":[{"name":"wp","href":"https:\/\/api.w.org\/{rel}","templated":true}]}}