{"id":134019,"date":"2024-11-10T21:57:32","date_gmt":"2024-11-11T00:57:32","guid":{"rendered":"https:\/\/www.elsindical.com.ar\/notas\/?p=134019"},"modified":"2024-11-10T22:21:43","modified_gmt":"2024-11-11T01:21:43","slug":"victoria-villaruel-participa-activamente-de-las-actividades-militares","status":"publish","type":"post","link":"https:\/\/www.elsindical.com.ar\/notas\/victoria-villaruel-participa-activamente-de-las-actividades-militares\/","title":{"rendered":"Victoria Villaruel participa activamente de las actividades militares"},"content":{"rendered":"\n<figure class=\"wp-block-image size-full\"><a href=\"https:\/\/www.elsindical.com.ar\/notas\/var\/www\/html\/notas\/wp-content\/uploads\/2024\/11\/Victoria-Villaruel-armas.avif\"><img loading=\"lazy\" decoding=\"async\" width=\"992\" height=\"1323\" src=\"https:\/\/www.elsindical.com.ar\/notas\/var\/www\/html\/notas\/wp-content\/uploads\/2024\/11\/Victoria-Villaruel-armas.avif\" alt=\"\" class=\"wp-image-134020\"\/><\/a><\/figure>\n\n\n\n<p>   Primero se calz\u00f3 el casco. Se puso la ametralladora al hombro. Tir\u00f3 una puerta abajo. Y se subi\u00f3 al tanque. Victoria Villarruel volvi\u00f3 a buscar el centro de la escena pol\u00edtica desde un lugar que le gusta: la guarnici\u00f3n militar de Campo de Mayo, que fue noticia en las \u00faltimas semanas porque Javier Milei quiere lotearla y vender una porci\u00f3n. Lilia Lemoine, que funge como vocera extraoficial de los hermanos Milei, le sali\u00f3 al cruce. A una seguidora \u201cvillarruelina\u201d que amenaz\u00f3 con ir a buscarla, le pregunt\u00f3 si se la iban a llevar en Falcon verde \u2013emblema de la dictadura con la que simpatiza la vicepresidenta.<\/p>\n\n\n\n<p>Villarruel estuvo este s\u00e1bado en el Encuentro de Defensa y Seguridad 2024, que organiza la compa\u00f1\u00eda Bersa. Estaba tan contenta que le dedic\u00f3 alg\u00fan que otro tuit elogioso a la empresa de armas que tiene convenios hist\u00f3ricos con el Ej\u00e9rcito argentino \u2013fuerza a la que pertenec\u00edan el padre y el t\u00edo de la vicepresidenta.<\/p>\n\n\n\n<p>\u201cBersa es un ejemplo de industria nacional competitiva y recursos humanos de excelencia, eso somos los argentinos. Creemos en nosotros mismos, el Estado argentino acompa\u00f1ando al sector privado que crea riqueza y puestos de trabajo para nuestras familias, \u00e9ste es el camino a la prosperidad. Sigamos juntos (en) esta l\u00ednea\u201d, poste\u00f3 en su cuenta de X.<\/p>\n\n\n\n<p>El tuit de Villarruel no era solo un poco de propaganda para una empresa de armas, sino tambi\u00e9n un tiro por elevaci\u00f3n para Milei, que denosta al Estado y quiere ser el topo que lo destruya por dentro.<\/p>\n\n\n\n<p>Lemoine entendi\u00f3 r\u00e1pido por d\u00f3nde ven\u00eda la mano. Aprovech\u00f3 un posteo de Villarruel en el que comparti\u00f3 una foto en un Mcdonald&#8217;s despu\u00e9s de decir que, tras su paso por Campo de Mayo, hab\u00eda parado para comprarse un combo. \u201cPerdi\u00f3 a todos los asesores y se nota. La empresa que contrat\u00f3 es peor que la de (Horacio Rodr\u00edguez) Larreta\u201d, la fustig\u00f3.<\/p>\n\n\n\n<p>El domingo con motivo del D\u00eda de la Tradici\u00f3n volvi\u00f3 a mostrarse participando de actividades militares, en  el Festival de Bandas Militares en el Campo Argentino de Polo.<\/p>\n\n\n\n<figure class=\"wp-block-image size-large\"><a href=\"https:\/\/www.elsindical.com.ar\/notas\/var\/www\/html\/notas\/wp-content\/uploads\/2024\/11\/Victoria-Villaruel-dia-de-la-tradicion-2024.jpg\"><img loading=\"lazy\" decoding=\"async\" width=\"1024\" height=\"683\" src=\"https:\/\/www.elsindical.com.ar\/notas\/var\/www\/html\/notas\/wp-content\/uploads\/2024\/11\/Victoria-Villaruel-dia-de-la-tradicion-2024-1024x683.jpg\" alt=\"\" class=\"wp-image-134021\" srcset=\"https:\/\/www.elsindical.com.ar\/notas\/var\/www\/html\/notas\/wp-content\/uploads\/2024\/11\/Victoria-Villaruel-dia-de-la-tradicion-2024-1024x683.jpg 1024w, https:\/\/www.elsindical.com.ar\/notas\/var\/www\/html\/notas\/wp-content\/uploads\/2024\/11\/Victoria-Villaruel-dia-de-la-tradicion-2024-300x200.jpg 300w, https:\/\/www.elsindical.com.ar\/notas\/var\/www\/html\/notas\/wp-content\/uploads\/2024\/11\/Victoria-Villaruel-dia-de-la-tradicion-2024-768x512.jpg 768w, https:\/\/www.elsindical.com.ar\/notas\/var\/www\/html\/notas\/wp-content\/uploads\/2024\/11\/Victoria-Villaruel-dia-de-la-tradicion-2024-450x300.jpg 450w, https:\/\/www.elsindical.com.ar\/notas\/var\/www\/html\/notas\/wp-content\/uploads\/2024\/11\/Victoria-Villaruel-dia-de-la-tradicion-2024.jpg 1440w\" sizes=\"auto, (max-width: 1024px) 100vw, 1024px\" \/><\/a><\/figure>\n\n\n\n<figure class=\"wp-block-embed is-type-video is-provider-youtube wp-block-embed-youtube wp-embed-aspect-16-9 wp-has-aspect-ratio\"><div class=\"wp-block-embed__wrapper\">\n<iframe loading=\"lazy\" title=\"Victoria Villaruel particip\u00f3 del D\u00eda de la Tradici\u00f3n en el Campo Argentino de Polo\" width=\"700\" height=\"394\" src=\"https:\/\/www.youtube.com\/embed\/IJ6GQ874nb0?feature=oembed\" frameborder=\"0\" allow=\"accelerometer; autoplay; clipboard-write; encrypted-media; gyroscope; picture-in-picture; web-share\" referrerpolicy=\"strict-origin-when-cross-origin\" allowfullscreen><\/iframe>\n<\/div><\/figure>\n","protected":false},"excerpt":{"rendered":"<p>Primero se calz\u00f3 el casco. Se puso la ametralladora al hombro. Tir\u00f3 una puerta abajo. Y se subi\u00f3 al tanque. Victoria Villarruel volvi\u00f3 a buscar el centro de la escena pol\u00edtica desde un lugar que le gusta: la guarnici\u00f3n militar de Campo de Mayo, que fue noticia en las \u00faltimas semanas porque Javier Milei quiere&hellip;<\/p>\n","protected":false},"author":1,"featured_media":134020,"comment_status":"open","ping_status":"open","sticky":false,"template":"","format":"standard","meta":{"footnotes":""},"categories":[13],"tags":[44044,8968,44045,12089,20301,2450,40812],"class_list":["post-134019","post","type-post","status-publish","format-standard","has-post-thumbnail","hentry","category-politica","tag-actividades-militares","tag-bersa","tag-campo-argentino-de-polo","tag-campo-de-mayo","tag-dia-de-la-tradicion","tag-diario-el-sindical","tag-victoria-villaruel"],"_links":{"self":[{"href":"https:\/\/www.elsindical.com.ar\/notas\/wp-json\/wp\/v2\/posts\/134019","targetHints":{"allow":["GET"]}}],"collection":[{"href":"https:\/\/www.elsindical.com.ar\/notas\/wp-json\/wp\/v2\/posts"}],"about":[{"href":"https:\/\/www.elsindical.com.ar\/notas\/wp-json\/wp\/v2\/types\/post"}],"author":[{"embeddable":true,"href":"https:\/\/www.elsindical.com.ar\/notas\/wp-json\/wp\/v2\/users\/1"}],"replies":[{"embeddable":true,"href":"https:\/\/www.elsindical.com.ar\/notas\/wp-json\/wp\/v2\/comments?post=134019"}],"version-history":[{"count":2,"href":"https:\/\/www.elsindical.com.ar\/notas\/wp-json\/wp\/v2\/posts\/134019\/revisions"}],"predecessor-version":[{"id":134023,"href":"https:\/\/www.elsindical.com.ar\/notas\/wp-json\/wp\/v2\/posts\/134019\/revisions\/134023"}],"wp:featuredmedia":[{"embeddable":true,"href":"https:\/\/www.elsindical.com.ar\/notas\/wp-json\/wp\/v2\/media\/134020"}],"wp:attachment":[{"href":"https:\/\/www.elsindical.com.ar\/notas\/wp-json\/wp\/v2\/media?parent=134019"}],"wp:term":[{"taxonomy":"category","embeddable":true,"href":"https:\/\/www.elsindical.com.ar\/notas\/wp-json\/wp\/v2\/categories?post=134019"},{"taxonomy":"post_tag","embeddable":true,"href":"https:\/\/www.elsindical.com.ar\/notas\/wp-json\/wp\/v2\/tags?post=134019"}],"curies":[{"name":"wp","href":"https:\/\/api.w.org\/{rel}","templated":true}]}}