{"id":133982,"date":"2024-11-08T09:39:17","date_gmt":"2024-11-08T12:39:17","guid":{"rendered":"https:\/\/www.elsindical.com.ar\/notas\/?p=133982"},"modified":"2024-11-08T09:39:24","modified_gmt":"2024-11-08T12:39:24","slug":"femeba-advierte-con-profundizar-los-cortes-de-servicios-a-ioma-y-afectaria-a-2-millones-de-afiliados","status":"publish","type":"post","link":"https:\/\/www.elsindical.com.ar\/notas\/femeba-advierte-con-profundizar-los-cortes-de-servicios-a-ioma-y-afectaria-a-2-millones-de-afiliados\/","title":{"rendered":"FEMEBA advierte con profundizar los cortes de servicios a IOMA y afectar\u00eda a 2 millones de afiliados"},"content":{"rendered":"<div class=\"wp-block-image\">\n<figure class=\"aligncenter size-full is-resized\"><a href=\"https:\/\/www.elsindical.com.ar\/notas\/var\/www\/html\/notas\/wp-content\/uploads\/2020\/07\/Ioma.jpg\"><img loading=\"lazy\" decoding=\"async\" width=\"600\" height=\"271\" src=\"https:\/\/www.elsindical.com.ar\/notas\/var\/www\/html\/notas\/wp-content\/uploads\/2020\/07\/Ioma.jpg\" alt=\"\" class=\"wp-image-97212\" style=\"width:740px;height:auto\" srcset=\"https:\/\/www.elsindical.com.ar\/notas\/var\/www\/html\/notas\/wp-content\/uploads\/2020\/07\/Ioma.jpg 600w, https:\/\/www.elsindical.com.ar\/notas\/var\/www\/html\/notas\/wp-content\/uploads\/2020\/07\/Ioma-300x136.jpg 300w, https:\/\/www.elsindical.com.ar\/notas\/var\/www\/html\/notas\/wp-content\/uploads\/2020\/07\/Ioma-500x226.jpg 500w\" sizes=\"auto, (max-width: 600px) 100vw, 600px\" \/><\/a><\/figure>\n<\/div>\n\n\n<p>El Instituto Obra M\u00e9dico Asistencial (IOMA) sigue en conflicto con la Federaci\u00f3n M\u00e9dica de la Provincia de Buenos Aires (FEMEBA) por los problemas con los m\u00e9dicos y los afiliados. En este marco, <strong>la federaci\u00f3n advierte que podr\u00eda realizar cortes de atenci\u00f3n a m\u00e1s de 2 millones de afiliados <\/strong>de la obra social.<\/p>\n\n\n\n<p>Por otra parte, este mi\u00e9rcoles la federaci\u00f3n podr\u00eda realizar cortes de atenci\u00f3n adem\u00e1s de los programados para el pr\u00f3ximo viernes 8 de noviembre que confirm\u00f3 d\u00edas anteriores. En ese marco, <strong>FEMEBA denunci\u00f3 que la situaci\u00f3n se debe ante la \u201cfalta de pago\u201d por parte de IOMA.<\/strong><\/p>\n\n\n\n<p>En ese marco, FEMBA explic\u00f3: \u201cIOMA a\u00fan no ha pagado las prestaciones brindadas <strong>en el mes de mayo a sus afiliados, y estos 6 meses de deuda ponen en peligro la continuidad <\/strong>de la prestaci\u00f3n en todo el \u00e1mbito provincial para m\u00e1s de 2 millones de beneficiarios que no podr\u00e1n realizarse tomograf\u00edas, resonancias, y otras prestaciones de alta complejidad\u201d.<\/p>\n\n\n\n<p>Asimismo, advirtieron: \u201cSe suma a los m\u00e1s de 8 mil millones de pesos que el Instituto adeuda a los m\u00e9dicos de FEMEBA, y no hace m\u00e1s que sumar nuevas dificultades a los afiliados de IOMA\u201d. Con un condimento m\u00e1s pol\u00e9mico, <strong>la Federaci\u00f3n plantear\u00eda analizar cortar la atenci\u00f3n con IOMA por 30 d\u00edas y hasta denunciar el convenio.<\/strong><\/p>\n\n\n\n<p><strong>IOMA cort\u00f3 un convenio con la FEMEBA y viene cerrando acuerdos con distintos c\u00edrculos m\u00e9dicos locales <\/strong>por lo que Homero Giles, titular del Instituto qued\u00f3 en el ojo de la tormenta, sobre todo despu\u00e9s de visitar Navarro cuando tuvo irse escoltado por el enojo de los vecinos.<\/p>\n\n\n\n<p>En ese marco, la <strong>FEMEBA determin\u00f3 llevar distintas medidas de fuerza y paros que, por ahora, no llegaron a buen puerto <\/strong>y contrajo m\u00e1s perjudicados que beneficiados, espec\u00edficamente los m\u00e9dicos y afiliados.<\/p>\n","protected":false},"excerpt":{"rendered":"<p>El Instituto Obra M\u00e9dico Asistencial (IOMA) sigue en conflicto con la Federaci\u00f3n M\u00e9dica de la Provincia de Buenos Aires (FEMEBA) por los problemas con los m\u00e9dicos y los afiliados. En este marco, la federaci\u00f3n advierte que podr\u00eda realizar cortes de atenci\u00f3n a m\u00e1s de 2 millones de afiliados de la obra social. Por otra parte,&hellip;<\/p>\n","protected":false},"author":1,"featured_media":97212,"comment_status":"open","ping_status":"open","sticky":false,"template":"","format":"standard","meta":{"footnotes":""},"categories":[23],"tags":[3360,44036,2450,22005,5203,22031],"class_list":["post-133982","post","type-post","status-publish","format-standard","has-post-thumbnail","hentry","category-salud","tag-afiliados","tag-corte-de-servicios","tag-diario-el-sindical","tag-femeba","tag-ioma","tag-salud"],"_links":{"self":[{"href":"https:\/\/www.elsindical.com.ar\/notas\/wp-json\/wp\/v2\/posts\/133982","targetHints":{"allow":["GET"]}}],"collection":[{"href":"https:\/\/www.elsindical.com.ar\/notas\/wp-json\/wp\/v2\/posts"}],"about":[{"href":"https:\/\/www.elsindical.com.ar\/notas\/wp-json\/wp\/v2\/types\/post"}],"author":[{"embeddable":true,"href":"https:\/\/www.elsindical.com.ar\/notas\/wp-json\/wp\/v2\/users\/1"}],"replies":[{"embeddable":true,"href":"https:\/\/www.elsindical.com.ar\/notas\/wp-json\/wp\/v2\/comments?post=133982"}],"version-history":[{"count":1,"href":"https:\/\/www.elsindical.com.ar\/notas\/wp-json\/wp\/v2\/posts\/133982\/revisions"}],"predecessor-version":[{"id":133983,"href":"https:\/\/www.elsindical.com.ar\/notas\/wp-json\/wp\/v2\/posts\/133982\/revisions\/133983"}],"wp:featuredmedia":[{"embeddable":true,"href":"https:\/\/www.elsindical.com.ar\/notas\/wp-json\/wp\/v2\/media\/97212"}],"wp:attachment":[{"href":"https:\/\/www.elsindical.com.ar\/notas\/wp-json\/wp\/v2\/media?parent=133982"}],"wp:term":[{"taxonomy":"category","embeddable":true,"href":"https:\/\/www.elsindical.com.ar\/notas\/wp-json\/wp\/v2\/categories?post=133982"},{"taxonomy":"post_tag","embeddable":true,"href":"https:\/\/www.elsindical.com.ar\/notas\/wp-json\/wp\/v2\/tags?post=133982"}],"curies":[{"name":"wp","href":"https:\/\/api.w.org\/{rel}","templated":true}]}}