{"id":133917,"date":"2024-11-04T19:20:15","date_gmt":"2024-11-04T22:20:15","guid":{"rendered":"https:\/\/www.elsindical.com.ar\/notas\/?p=133917"},"modified":"2024-11-04T19:20:21","modified_gmt":"2024-11-04T22:20:21","slug":"la-plata-hallazgo-bebe-abandonado-via-publica","status":"publish","type":"post","link":"https:\/\/www.elsindical.com.ar\/notas\/la-plata-hallazgo-bebe-abandonado-via-publica\/","title":{"rendered":"La Plata: Hallazgo beb\u00e9 abandonado v\u00eda p\u00fablica"},"content":{"rendered":"\n<figure class=\"wp-block-image size-large\"><a href=\"https:\/\/www.elsindical.com.ar\/notas\/var\/www\/html\/notas\/wp-content\/uploads\/2024\/11\/La-Plata-bebe-abandonado-4-nov-24-1.jpeg\"><img loading=\"lazy\" decoding=\"async\" width=\"768\" height=\"1024\" src=\"https:\/\/www.elsindical.com.ar\/notas\/var\/www\/html\/notas\/wp-content\/uploads\/2024\/11\/La-Plata-bebe-abandonado-4-nov-24-1-768x1024.jpeg\" alt=\"\" class=\"wp-image-133918\" srcset=\"https:\/\/www.elsindical.com.ar\/notas\/var\/www\/html\/notas\/wp-content\/uploads\/2024\/11\/La-Plata-bebe-abandonado-4-nov-24-1-768x1024.jpeg 768w, https:\/\/www.elsindical.com.ar\/notas\/var\/www\/html\/notas\/wp-content\/uploads\/2024\/11\/La-Plata-bebe-abandonado-4-nov-24-1-225x300.jpeg 225w, https:\/\/www.elsindical.com.ar\/notas\/var\/www\/html\/notas\/wp-content\/uploads\/2024\/11\/La-Plata-bebe-abandonado-4-nov-24-1.jpeg 960w\" sizes=\"auto, (max-width: 768px) 100vw, 768px\" \/><\/a><\/figure>\n\n\n\n<p>Personal del Comando de Patrullas La Plata, son comisionados a las calles 65 e\/ 139 y 140., lugar donde presuntamente habr\u00eda un beb\u00e9 abandonado en v\u00eda p\u00fablica. Al arribo son entrevistados por masculino, quien transitaba por el lugar en bicicleta, el cual al llegar a intersecci\u00f3n 65 y 140, comienza a o\u00edr llanto de beb\u00e9, que inspeccionando el lugar justo debajo de \u00e1rbol envuelto entre mantas logra hallar a beb\u00e9, que de inmediato da aviso al sistema de emergencia 911. El beb\u00e9 pose\u00eda cord\u00f3n umbilical, este de sexo masculino, siendo asistido y amamantado en v\u00eda p\u00fablica por la <strong>Sargento Batista<\/strong> como as\u00ed tambi\u00e9n se procede en necesidad y urgencia en m\u00f3vil policial, al inmediato traslado del neonato al hospital de Ni\u00f1os Sor Mar\u00eda Ludovica (sito 66 e\/ 14 y 15) lugar donde es recepcionado por la Dra. Karina Bambin M.P 113501, estabilizando al beb\u00e9, hall\u00e1ndose fuera de peligro, inform\u00e1ndonos que no posee m\u00e1s de 6 d\u00edas de vida. Se labran actuaciones de Rigor.<\/p>\n\n\n\n<figure class=\"wp-block-image size-large\"><a href=\"https:\/\/www.elsindical.com.ar\/notas\/var\/www\/html\/notas\/wp-content\/uploads\/2024\/11\/La-Plata-bebe-abandonado-4-nov-24-2.jpeg\"><img loading=\"lazy\" decoding=\"async\" width=\"1024\" height=\"770\" src=\"https:\/\/www.elsindical.com.ar\/notas\/var\/www\/html\/notas\/wp-content\/uploads\/2024\/11\/La-Plata-bebe-abandonado-4-nov-24-2-1024x770.jpeg\" alt=\"\" class=\"wp-image-133919\" srcset=\"https:\/\/www.elsindical.com.ar\/notas\/var\/www\/html\/notas\/wp-content\/uploads\/2024\/11\/La-Plata-bebe-abandonado-4-nov-24-2-1024x770.jpeg 1024w, https:\/\/www.elsindical.com.ar\/notas\/var\/www\/html\/notas\/wp-content\/uploads\/2024\/11\/La-Plata-bebe-abandonado-4-nov-24-2-300x226.jpeg 300w, https:\/\/www.elsindical.com.ar\/notas\/var\/www\/html\/notas\/wp-content\/uploads\/2024\/11\/La-Plata-bebe-abandonado-4-nov-24-2-768x578.jpeg 768w, https:\/\/www.elsindical.com.ar\/notas\/var\/www\/html\/notas\/wp-content\/uploads\/2024\/11\/La-Plata-bebe-abandonado-4-nov-24-2-399x300.jpeg 399w, https:\/\/www.elsindical.com.ar\/notas\/var\/www\/html\/notas\/wp-content\/uploads\/2024\/11\/La-Plata-bebe-abandonado-4-nov-24-2.jpeg 1280w\" sizes=\"auto, (max-width: 1024px) 100vw, 1024px\" \/><\/a><\/figure>\n\n\n\n<p><strong>Fuente: <a href=\"https:\/\/losbonaerenses.com.ar\/\">Los Bonaerenses<\/a><\/strong><\/p>\n\n\n\n<p><\/p>\n","protected":false},"excerpt":{"rendered":"<p>Personal del Comando de Patrullas La Plata, son comisionados a las calles 65 e\/ 139 y 140., lugar donde presuntamente habr\u00eda un beb\u00e9 abandonado en v\u00eda p\u00fablica. Al arribo son entrevistados por masculino, quien transitaba por el lugar en bicicleta, el cual al llegar a intersecci\u00f3n 65 y 140, comienza a o\u00edr llanto de beb\u00e9,&hellip;<\/p>\n","protected":false},"author":1,"featured_media":133918,"comment_status":"open","ping_status":"open","sticky":false,"template":"","format":"standard","meta":{"footnotes":""},"categories":[22],"tags":[44021,2450,42799,239,42198,16396,44020],"class_list":["post-133917","post","type-post","status-publish","format-standard","has-post-thumbnail","hentry","category-policiales","tag-bebe-abandonado-via-publica","tag-diario-el-sindical","tag-jefe-de-policia-comisario-general-javier-carlos-villar","tag-la-plata","tag-los-bonaerenses","tag-pba","tag-sargento-batista"],"_links":{"self":[{"href":"https:\/\/www.elsindical.com.ar\/notas\/wp-json\/wp\/v2\/posts\/133917","targetHints":{"allow":["GET"]}}],"collection":[{"href":"https:\/\/www.elsindical.com.ar\/notas\/wp-json\/wp\/v2\/posts"}],"about":[{"href":"https:\/\/www.elsindical.com.ar\/notas\/wp-json\/wp\/v2\/types\/post"}],"author":[{"embeddable":true,"href":"https:\/\/www.elsindical.com.ar\/notas\/wp-json\/wp\/v2\/users\/1"}],"replies":[{"embeddable":true,"href":"https:\/\/www.elsindical.com.ar\/notas\/wp-json\/wp\/v2\/comments?post=133917"}],"version-history":[{"count":1,"href":"https:\/\/www.elsindical.com.ar\/notas\/wp-json\/wp\/v2\/posts\/133917\/revisions"}],"predecessor-version":[{"id":133920,"href":"https:\/\/www.elsindical.com.ar\/notas\/wp-json\/wp\/v2\/posts\/133917\/revisions\/133920"}],"wp:featuredmedia":[{"embeddable":true,"href":"https:\/\/www.elsindical.com.ar\/notas\/wp-json\/wp\/v2\/media\/133918"}],"wp:attachment":[{"href":"https:\/\/www.elsindical.com.ar\/notas\/wp-json\/wp\/v2\/media?parent=133917"}],"wp:term":[{"taxonomy":"category","embeddable":true,"href":"https:\/\/www.elsindical.com.ar\/notas\/wp-json\/wp\/v2\/categories?post=133917"},{"taxonomy":"post_tag","embeddable":true,"href":"https:\/\/www.elsindical.com.ar\/notas\/wp-json\/wp\/v2\/tags?post=133917"}],"curies":[{"name":"wp","href":"https:\/\/api.w.org\/{rel}","templated":true}]}}