{"id":133891,"date":"2024-11-03T14:17:20","date_gmt":"2024-11-03T17:17:20","guid":{"rendered":"https:\/\/www.elsindical.com.ar\/notas\/?p=133891"},"modified":"2024-11-03T14:17:25","modified_gmt":"2024-11-03T17:17:25","slug":"los-bancos-denunciaron-a-mercado-pago-con-sus-clientes-por-un-bloqueo-de-la-app","status":"publish","type":"post","link":"https:\/\/www.elsindical.com.ar\/notas\/los-bancos-denunciaron-a-mercado-pago-con-sus-clientes-por-un-bloqueo-de-la-app\/","title":{"rendered":"Los Bancos denunciaron a Mercado Pago con sus clientes por un bloqueo de la App"},"content":{"rendered":"<div class=\"wp-block-image\">\n<figure class=\"aligncenter size-full\"><a href=\"https:\/\/www.elsindical.com.ar\/notas\/var\/www\/html\/notas\/wp-content\/uploads\/2021\/06\/Mercado-Pago-logo.jpg\"><img loading=\"lazy\" decoding=\"async\" width=\"512\" height=\"250\" src=\"https:\/\/www.elsindical.com.ar\/notas\/var\/www\/html\/notas\/wp-content\/uploads\/2021\/06\/Mercado-Pago-logo.jpg\" alt=\"\" class=\"wp-image-105819\" srcset=\"https:\/\/www.elsindical.com.ar\/notas\/var\/www\/html\/notas\/wp-content\/uploads\/2021\/06\/Mercado-Pago-logo.jpg 512w, https:\/\/www.elsindical.com.ar\/notas\/var\/www\/html\/notas\/wp-content\/uploads\/2021\/06\/Mercado-Pago-logo-300x146.jpg 300w, https:\/\/www.elsindical.com.ar\/notas\/var\/www\/html\/notas\/wp-content\/uploads\/2021\/06\/Mercado-Pago-logo-500x244.jpg 500w\" sizes=\"auto, (max-width: 512px) 100vw, 512px\" \/><\/a><\/figure>\n<\/div>\n\n\n<p>La reciente decisi\u00f3n de Mercado Pago de restringir el uso de tarjetas Visa para pagos con QR de su plataforma ha generado un fuerte enfrentamiento con Modo, la billetera digital de m\u00e1s de 35 bancos.<\/p>\n\n\n\n<p>Desde el 1\u00b0 de noviembre, usuarios de Modo encontraron avisos en las aplicaciones de homebanking indicando problemas para procesar pagos con tarjeta Visa en QR generados por Mercado Pago.<br><br>Seg\u00fan un comunicado de Modo, esta medida de Mercado Pago interfiere en la libertad de los usuarios y desaf\u00eda las regulaciones de interoperabilidad que impulsa el Banco Central de la Rep\u00fablica Argentina (BCRA).<\/p>\n","protected":false},"excerpt":{"rendered":"<p>La reciente decisi\u00f3n de Mercado Pago de restringir el uso de tarjetas Visa para pagos con QR de su plataforma ha generado un fuerte enfrentamiento con Modo, la billetera digital de m\u00e1s de 35 bancos. Desde el 1\u00b0 de noviembre, usuarios de Modo encontraron avisos en las aplicaciones de homebanking indicando problemas para procesar pagos&hellip;<\/p>\n","protected":false},"author":1,"featured_media":105819,"comment_status":"open","ping_status":"open","sticky":false,"template":"","format":"standard","meta":{"footnotes":""},"categories":[9],"tags":[17711,1562,175,2450,22023,32822],"class_list":["post-133891","post","type-post","status-publish","format-standard","has-post-thumbnail","hentry","category-economia","tag-app","tag-bancos","tag-denuncia","tag-diario-el-sindical","tag-economia","tag-mercado-pago"],"_links":{"self":[{"href":"https:\/\/www.elsindical.com.ar\/notas\/wp-json\/wp\/v2\/posts\/133891","targetHints":{"allow":["GET"]}}],"collection":[{"href":"https:\/\/www.elsindical.com.ar\/notas\/wp-json\/wp\/v2\/posts"}],"about":[{"href":"https:\/\/www.elsindical.com.ar\/notas\/wp-json\/wp\/v2\/types\/post"}],"author":[{"embeddable":true,"href":"https:\/\/www.elsindical.com.ar\/notas\/wp-json\/wp\/v2\/users\/1"}],"replies":[{"embeddable":true,"href":"https:\/\/www.elsindical.com.ar\/notas\/wp-json\/wp\/v2\/comments?post=133891"}],"version-history":[{"count":1,"href":"https:\/\/www.elsindical.com.ar\/notas\/wp-json\/wp\/v2\/posts\/133891\/revisions"}],"predecessor-version":[{"id":133892,"href":"https:\/\/www.elsindical.com.ar\/notas\/wp-json\/wp\/v2\/posts\/133891\/revisions\/133892"}],"wp:featuredmedia":[{"embeddable":true,"href":"https:\/\/www.elsindical.com.ar\/notas\/wp-json\/wp\/v2\/media\/105819"}],"wp:attachment":[{"href":"https:\/\/www.elsindical.com.ar\/notas\/wp-json\/wp\/v2\/media?parent=133891"}],"wp:term":[{"taxonomy":"category","embeddable":true,"href":"https:\/\/www.elsindical.com.ar\/notas\/wp-json\/wp\/v2\/categories?post=133891"},{"taxonomy":"post_tag","embeddable":true,"href":"https:\/\/www.elsindical.com.ar\/notas\/wp-json\/wp\/v2\/tags?post=133891"}],"curies":[{"name":"wp","href":"https:\/\/api.w.org\/{rel}","templated":true}]}}