{"id":133869,"date":"2024-11-02T10:16:34","date_gmt":"2024-11-02T13:16:34","guid":{"rendered":"https:\/\/www.elsindical.com.ar\/notas\/?p=133869"},"modified":"2024-11-02T10:16:39","modified_gmt":"2024-11-02T13:16:39","slug":"nunez-peticion-y-protesta-contra-el-remate-de-las-tierras-del-centro-de-salud-mental-n-1","status":"publish","type":"post","link":"https:\/\/www.elsindical.com.ar\/notas\/nunez-peticion-y-protesta-contra-el-remate-de-las-tierras-del-centro-de-salud-mental-n-1\/","title":{"rendered":"N\u00fa\u00f1ez: petici\u00f3n y protesta contra el remate de las tierras del Centro de Salud Mental N\u00b0 1"},"content":{"rendered":"<div class=\"wp-block-image\">\n<figure class=\"aligncenter size-large is-resized\"><a href=\"https:\/\/www.elsindical.com.ar\/notas\/var\/www\/html\/notas\/wp-content\/uploads\/2024\/11\/centro-de-salud-mental-1.jpg\"><img loading=\"lazy\" decoding=\"async\" width=\"822\" height=\"1024\" src=\"https:\/\/www.elsindical.com.ar\/notas\/var\/www\/html\/notas\/wp-content\/uploads\/2024\/11\/centro-de-salud-mental-1-822x1024.jpg\" alt=\"\" class=\"wp-image-133870\" style=\"width:592px;height:auto\" srcset=\"https:\/\/www.elsindical.com.ar\/notas\/var\/www\/html\/notas\/wp-content\/uploads\/2024\/11\/centro-de-salud-mental-1-822x1024.jpg 822w, https:\/\/www.elsindical.com.ar\/notas\/var\/www\/html\/notas\/wp-content\/uploads\/2024\/11\/centro-de-salud-mental-1-241x300.jpg 241w, https:\/\/www.elsindical.com.ar\/notas\/var\/www\/html\/notas\/wp-content\/uploads\/2024\/11\/centro-de-salud-mental-1-768x957.jpg 768w, https:\/\/www.elsindical.com.ar\/notas\/var\/www\/html\/notas\/wp-content\/uploads\/2024\/11\/centro-de-salud-mental-1.jpg 1077w\" sizes=\"auto, (max-width: 822px) 100vw, 822px\" \/><\/a><\/figure>\n<\/div>\n\n\n<p>Pacientes, trabajadores y vecinos se manifestar\u00e1n este 6 de noviembre a las 10 frente a la instituci\u00f3n de Pedraza 1558 en contra de la intenci\u00f3n del Gobierno nacional de subastar el predio.<\/p>\n\n\n\n<p>Pacientes, trabajadores y vecinos rechazan la decisi\u00f3n del Gobierno nacional de <a href=\"https:\/\/www.argentina.gob.ar\/manuela-pedraza-no-1558-caba\">rematar<\/a> el terreno de Manuela Pedraza 1558, en N\u00fa\u00f1ez, donde funciona el Centro de Salud Mental N\u00b0 1 dependiente del Ministerio de Salud de la Ciudad de Buenos Aires. Para ello impulsan una <a href=\"https:\/\/www.change.org\/p\/la-salud-mental-no-se-subasta-no-a-la-venta-del-centro-n-1?recruiter=63845528&amp;recruited_by_id=d062711c-8012-4aa9-8894-3b1c2fe5c8bc&amp;utm_source=share_petition&amp;utm_campaign=psf_combo_share_initial&amp;utm_term=share_for_starters_page&amp;utm_medium=twitter\">petici\u00f3n<\/a> en la plataforma Change.org y adem\u00e1s convocan a una moviliaci\u00f3n frente a la instituci\u00f3n para este 6 de noviembre a las 10.<\/p>\n\n\n\n<p>el Gobierno nacional a trav\u00e9s de la Agencia de Administraci\u00f3n de Bienes del Estado subastar\u00e1 a futuro el terreno de Pedraza 1558. En la web de la AABE se informa que el terreno tiene 1.395,00 m\u00b2, pero no hay fecha cierta ni precio base hasta el momento.<\/p>\n\n\n\n<p>En el presente el centro de salud de N\u00fa\u00f1ez est\u00e1 activo, con pacientes y actividades de distinta \u00edndole.<\/p>\n\n\n\n<p>En 2016, el entonces presidente Mauricio Macri hab\u00eda firmado el <a href=\"https:\/\/servicios.infoleg.gob.ar\/infolegInternet\/anexos\/260000-264999\/264626\/norma.htm\">Decreto 952<\/a> que dispon\u00eda la venta de varias propiedades, entre ellas la de Pedraza 1558 ya que en ese momento estaba en manos de la AABE. Ante la situaci\u00f3n, los trabajadores de la salud se movilizaron y desde Naci\u00f3n reconocieron que no estaba en sus planes rematar el lugar donde funciona el centro de salud. En octubre de 2016, la AABE se hab\u00eda comprometido a firmar un convenio con el Gobierno porte\u00f1o con la intenci\u00f3n de transferirle o venderle el terreno.<\/p>\n\n\n\n<p>En el Decreto 952 figuraba como terreno a vender el de \u201cMANUELA PEDRAZA 1558\/1580 y CAMPOS SALLES 1565\u201d. En tanto, en 2017 la AABE <a href=\"https:\/\/www.argentina.gob.ar\/bienesdelestado\/ventasyconcesiones\/ventas-bienes-inmuebles\/arribenos-sno-esquina-campo-salles-no-1565-y-manuela-pedraza-no-1580-caba\">remat\u00f3<\/a> el terreno denominado \u201cArribe\u00f1os S\/N\u00ba esquina Campos Salles N\u00ba 1565 y Manuela Pedraza N\u00ba 1580\u201d con una base de USD$17.000.000,00. RAGHSA S.A. lo <a href=\"https:\/\/www.argentina.gob.ar\/sites\/default\/files\/decadmin_1702.pdf\">adquiri\u00f3<\/a> por el precio de U$S42.000.000.&nbsp;En el presente est\u00e1 en proceso la construcci\u00f3n de una torre de altura, acorde al C\u00f3digo Urban\u00edstico actual por su proximidad a la avenida Del Libertador.<\/p>\n\n\n\n<p>Con respecto a la petici\u00f3n, firmada por trabajadores del CSM1 \u201cDr Hugo Rosarios\u201d, se introduce: \u201cEl Centro de Salud Mental N\u00ba 1 es un efector de atenci\u00f3n ambulatoria en salud mental del Gobierno de la Ciudad de Buenos Aires, que funciona desde 1968 en el barrio de Nu\u00f1ez. Realiza un trabajo interdisciplinario e interinstitucional de atenci\u00f3n a problem\u00e1ticas complejas de salud mental\u201d.<\/p>\n\n\n\n<p>\u201cEste Centro est\u00e1 compuesto por m\u00e1s de 110 trabajadores y trabajadoras, profesionales de planta, concurrentes, residentes y administrativos. Se brinda atenci\u00f3n a Ni\u00f1os y Ni\u00f1as, Adolescentes, Adultos, Adultos Mayores y Familias. Se abordan problem\u00e1ticas de violencia, abuso infantil, vulneraci\u00f3n social y trastornos severos de salud mental. Cuenta con equipos especializados de Adicciones, Violencia de G\u00e9nero y Grupos. Adem\u00e1s tiene dos hospitales de d\u00eda, uno de adultos y otro infanto juvenil \u201cLa Cigarra\u201d especializado en autismo y psicosis. Posee un \u00c1rea de Comunitaria e Inclusi\u00f3n Social y tambi\u00e9n un espacio dedicado a docencia e investigaci\u00f3n. Se atienden m\u00e1s de 1000 personas por semana y el sector de Farmacia dispensa m\u00e1s de 500 recetas de medicaci\u00f3n por mes\u201d, se resalta.<\/p>\n\n\n\n<p>\u201cEl 24 de Octubre sali\u00f3 publicado en el bolet\u00edn oficial el decreto 950\/2024 que pone a la venta varios inmuebles del Estado Nacional, entre ellos el terreno del Centro Uno. Los y las trabajadoras nos encontramos en estado de alerta y movilizaci\u00f3n y exigimos al Gobierno de la Ciudad una pronta y clara soluci\u00f3n para asegurar la continuidad del funcionamiento del centro de salud\u201d, se explica sobre el proceso actual.<\/p>\n\n\n\n<p>En la misma petici\u00f3n se convoca a movilizarse frente al centro de salud este viernes 6 de noviembre a las 10.<\/p>\n\n\n\n<p>En julio de este a\u00f1o el legislador porte\u00f1o Juan Pablo O\u00b4Dezaille hab\u00eda presentado un pedido de informes dirigido al Poder Ejecutivo de la CABA sobre el posible traslado del centro de salud.<\/p>\n\n\n\n<p>En la defensa, sosten\u00eda: \u201cEl Centro de Salud Mental N1 \u201cDr. Hugo Rosario\u201d posee una larga historia \u201cen la elaboraci\u00f3n de respuestas a los padecimientos subjetivos. Los modos singulares en que los sujetos que sufren deben ubicarse social e hist\u00f3ricamente\u201d. Es un centro ambulatorio especializado en Salud Mental que brinda tratamientos individuales, grupales y\/o familiares para toda la comunidad. Con m\u00e1s de 50 a\u00f1os de existencia este Centro de Salud Mental se ha convertido en una referencia ineludible que alojo en esa instituci\u00f3n debates entre teor\u00edas y pr\u00e1cticas junto al entrecruzamiento disciplinar que le dieron una identidad desde su fundaci\u00f3n en 1968\u201d.<\/p>\n\n\n\n<p>\u201cEl Centro de Salud Mental N\u00b0 1 fue parte del primer Plan de Salud Mental de la Municipalidad de la Ciudad de Buenos Aires, promovidos por los Doctores Mauricio Goldemberg y Hugo Rosarios que fue el primer jefe de la instituci\u00f3n. Por eso, nos parece necesario que si hay una decisi\u00f3n por parte del Ministerio de Salud de modificar su lugar de trabajo se tengan en cuenta las distintas dimensiones que est\u00e1n en juego y se contemplen las mismas condiciones de funcionamiento sin prejuicio para trabajadores, usuarias y usuarios\u201d, agregaba el legislador.<\/p>\n\n\n\n<p>\u201c1. Indique si existe por parte del Ministerio de Salud la decisi\u00f3n de mudar el Centro de Salud Mental N\u00b0 1 en el corto o mediano plazo a otro predio o establecimiento. 2. En caso afirmativo mencione los motivos que prevalecieron para tomar esa decisi\u00f3n. 3. Si ese fuese el camino adoptado \u00bfSe contemplaron que no se va a resentir el funcionamiento espacial y operativo con las nuevas condiciones de trabajo de profesionales y administrativos? Explique la proyecci\u00f3n del futuro funcionamiento. 4. \u00bfEst\u00e1 estipulado dentro de la planificaci\u00f3n del Ministerio que esta decisi\u00f3n se va a comunicar formalmente a los gremios involucrados (M\u00e9dicos Municipales, \u00bfFederaci\u00f3n de Profesionales, SUTECBA, etc.)? 5. Indique si existe por parte del Ministerio de Salud la decisi\u00f3n de cambiar la dependencia de este Centro N 1 de la Direcci\u00f3n General de Salud Mental a la Direcci\u00f3n General de Atenci\u00f3n Primaria. 6. Si este fuese el camino \u00bfC\u00f3mo afecta en sus condiciones laborales a los profesionales que se desempe\u00f1an en ese establecimiento el traslado a Atenci\u00f3n Primaria?\u201d, solicitaba el parlamentario local.<\/p>\n","protected":false},"excerpt":{"rendered":"<p>Pacientes, trabajadores y vecinos se manifestar\u00e1n este 6 de noviembre a las 10 frente a la instituci\u00f3n de Pedraza 1558 en contra de la intenci\u00f3n del Gobierno nacional de subastar el predio. Pacientes, trabajadores y vecinos rechazan la decisi\u00f3n del Gobierno nacional de rematar el terreno de Manuela Pedraza 1558, en N\u00fa\u00f1ez, donde funciona el&hellip;<\/p>\n","protected":false},"author":1,"featured_media":133870,"comment_status":"open","ping_status":"open","sticky":false,"template":"","format":"standard","meta":{"footnotes":""},"categories":[25],"tags":[4284,44008,2450,761,44009,76,1210,553,798,808,125,986],"class_list":["post-133869","post","type-post","status-publish","format-standard","has-post-thumbnail","hentry","category-sociedad","tag-caba","tag-centro-de-salud-mental-1","tag-diario-el-sindical","tag-gobierno-nacional","tag-manuela-pedrazza-1558","tag-mauricio-macri","tag-nunez","tag-pacientes","tag-remate","tag-subasta","tag-trabajadores","tag-vecinos"],"_links":{"self":[{"href":"https:\/\/www.elsindical.com.ar\/notas\/wp-json\/wp\/v2\/posts\/133869","targetHints":{"allow":["GET"]}}],"collection":[{"href":"https:\/\/www.elsindical.com.ar\/notas\/wp-json\/wp\/v2\/posts"}],"about":[{"href":"https:\/\/www.elsindical.com.ar\/notas\/wp-json\/wp\/v2\/types\/post"}],"author":[{"embeddable":true,"href":"https:\/\/www.elsindical.com.ar\/notas\/wp-json\/wp\/v2\/users\/1"}],"replies":[{"embeddable":true,"href":"https:\/\/www.elsindical.com.ar\/notas\/wp-json\/wp\/v2\/comments?post=133869"}],"version-history":[{"count":1,"href":"https:\/\/www.elsindical.com.ar\/notas\/wp-json\/wp\/v2\/posts\/133869\/revisions"}],"predecessor-version":[{"id":133871,"href":"https:\/\/www.elsindical.com.ar\/notas\/wp-json\/wp\/v2\/posts\/133869\/revisions\/133871"}],"wp:featuredmedia":[{"embeddable":true,"href":"https:\/\/www.elsindical.com.ar\/notas\/wp-json\/wp\/v2\/media\/133870"}],"wp:attachment":[{"href":"https:\/\/www.elsindical.com.ar\/notas\/wp-json\/wp\/v2\/media?parent=133869"}],"wp:term":[{"taxonomy":"category","embeddable":true,"href":"https:\/\/www.elsindical.com.ar\/notas\/wp-json\/wp\/v2\/categories?post=133869"},{"taxonomy":"post_tag","embeddable":true,"href":"https:\/\/www.elsindical.com.ar\/notas\/wp-json\/wp\/v2\/tags?post=133869"}],"curies":[{"name":"wp","href":"https:\/\/api.w.org\/{rel}","templated":true}]}}