{"id":13381,"date":"2011-04-06T00:39:18","date_gmt":"2011-04-06T03:39:18","guid":{"rendered":"http:\/\/www.elsindical.com.ar\/notas\/?p=13381"},"modified":"2011-04-06T00:39:18","modified_gmt":"2011-04-06T03:39:18","slug":"trabajadores-de-frigorifico-cortaron-la-panamericana","status":"publish","type":"post","link":"https:\/\/www.elsindical.com.ar\/notas\/trabajadores-de-frigorifico-cortaron-la-panamericana\/","title":{"rendered":"Trabajadores de frigor\u00edfico cortaron la Panamericana"},"content":{"rendered":"<p style=\"text-align: justify;\"><em><a href=\"http:\/\/www.elsindical.com.ar\/notas\/var\/www\/html\/notas\/wp-content\/uploads\/2011\/04\/trabajadores-frigor\u00edfico-Pl.jpg\"><img loading=\"lazy\" decoding=\"async\" class=\"alignleft size-medium wp-image-13382\" title=\"trabajadores-frigor\u00edfico-Pl\" src=\"http:\/\/www.elsindical.com.ar\/notas\/var\/www\/html\/notas\/wp-content\/uploads\/2011\/04\/trabajadores-frigor\u00edfico-Pl-300x225.jpg\" alt=\"\" width=\"300\" height=\"225\" srcset=\"https:\/\/www.elsindical.com.ar\/notas\/var\/www\/html\/notas\/wp-content\/uploads\/2011\/04\/trabajadores-frigor\u00edfico-Pl-300x225.jpg 300w, https:\/\/www.elsindical.com.ar\/notas\/var\/www\/html\/notas\/wp-content\/uploads\/2011\/04\/trabajadores-frigor\u00edfico-Pl.jpg 325w\" sizes=\"auto, (max-width: 300px) 100vw, 300px\" \/><\/a>Trabajadores del Frigor\u00edfico Rioplatense bloquearon durante una hora y media la autopista Panamericana, a la altura de la localidad bonaerense de General Pacheco, partido de Tigre, donde reclamaron un aumento salarial y la reincorporaci\u00f3n de 14 despedidos. <\/em><\/p>\n<p style=\"text-align: justify;\">Fuentes policiales y voceros de la concesionaria Autopistas del Sol dijeron que la obstrucci\u00f3n vehicular fue concretada entre las 08:00 hs.\u00a0y las 09:38 hs.\u00a0en el kil\u00f3metro 35 de la autopista -a la altura del cruce con la avenida Henry Ford-, donde s\u00f3lo se permiti\u00f3 la circulaci\u00f3n en un carril de cada mano.<\/p>\n<p style=\"text-align: justify;\">\u00abNecesitamos una recomposici\u00f3n salarial urgente\u00bb, advirti\u00f3 en declaraciones al canal Cr\u00f3nica TV uno de los delegados, quien reclam\u00f3 que \u00abla hora del pe\u00f3n inicial sea de 20 pesos, no de 12 como ahora\u00bb.<\/p>\n","protected":false},"excerpt":{"rendered":"<p>Trabajadores del Frigor\u00edfico Rioplatense bloquearon durante una hora y media la autopista Panamericana, a la altura de la localidad bonaerense de General Pacheco, partido de Tigre, donde reclamaron un aumento salarial y la reincorporaci\u00f3n de 14 despedidos. Fuentes policiales y voceros de la concesionaria Autopistas del Sol dijeron que la obstrucci\u00f3n vehicular fue concretada entre&hellip;<\/p>\n","protected":false},"author":1,"featured_media":0,"comment_status":"open","ping_status":"open","sticky":false,"template":"","format":"standard","meta":{"footnotes":""},"categories":[16],"tags":[66,53,6400,6401,68,646],"class_list":["post-13381","post","type-post","status-publish","format-standard","hentry","category-gremiales","tag-corte","tag-despidos","tag-frigorifico-rioplatense","tag-general-pacheco","tag-panamericana","tag-tigre"],"_links":{"self":[{"href":"https:\/\/www.elsindical.com.ar\/notas\/wp-json\/wp\/v2\/posts\/13381","targetHints":{"allow":["GET"]}}],"collection":[{"href":"https:\/\/www.elsindical.com.ar\/notas\/wp-json\/wp\/v2\/posts"}],"about":[{"href":"https:\/\/www.elsindical.com.ar\/notas\/wp-json\/wp\/v2\/types\/post"}],"author":[{"embeddable":true,"href":"https:\/\/www.elsindical.com.ar\/notas\/wp-json\/wp\/v2\/users\/1"}],"replies":[{"embeddable":true,"href":"https:\/\/www.elsindical.com.ar\/notas\/wp-json\/wp\/v2\/comments?post=13381"}],"version-history":[{"count":1,"href":"https:\/\/www.elsindical.com.ar\/notas\/wp-json\/wp\/v2\/posts\/13381\/revisions"}],"predecessor-version":[{"id":13383,"href":"https:\/\/www.elsindical.com.ar\/notas\/wp-json\/wp\/v2\/posts\/13381\/revisions\/13383"}],"wp:attachment":[{"href":"https:\/\/www.elsindical.com.ar\/notas\/wp-json\/wp\/v2\/media?parent=13381"}],"wp:term":[{"taxonomy":"category","embeddable":true,"href":"https:\/\/www.elsindical.com.ar\/notas\/wp-json\/wp\/v2\/categories?post=13381"},{"taxonomy":"post_tag","embeddable":true,"href":"https:\/\/www.elsindical.com.ar\/notas\/wp-json\/wp\/v2\/tags?post=13381"}],"curies":[{"name":"wp","href":"https:\/\/api.w.org\/{rel}","templated":true}]}}