{"id":133808,"date":"2024-10-30T19:03:27","date_gmt":"2024-10-30T22:03:27","guid":{"rendered":"https:\/\/www.elsindical.com.ar\/notas\/?p=133808"},"modified":"2024-10-30T19:23:38","modified_gmt":"2024-10-30T22:23:38","slug":"la-ucr-apunto-contra-milei-quien-acuso-nuevamente-a-raul-alfonsin-de-provocar-el-golpe-de-estado-a-de-la-rua","status":"publish","type":"post","link":"https:\/\/www.elsindical.com.ar\/notas\/la-ucr-apunto-contra-milei-quien-acuso-nuevamente-a-raul-alfonsin-de-provocar-el-golpe-de-estado-a-de-la-rua\/","title":{"rendered":"La UCR apunt\u00f3 contra Milei qui\u00e9n acus\u00f3 nuevamente a Ra\u00fal Alfons\u00edn de provocar el golpe de estado a De la R\u00faa"},"content":{"rendered":"<div class=\"wp-block-image\">\n<figure class=\"aligncenter size-full is-resized\"><a href=\"https:\/\/www.elsindical.com.ar\/notas\/var\/www\/html\/notas\/wp-content\/uploads\/2024\/10\/golpe-de-Estado-2001-Duhalde-y-Alfonsin.jpg\"><img loading=\"lazy\" decoding=\"async\" width=\"750\" height=\"486\" src=\"https:\/\/www.elsindical.com.ar\/notas\/var\/www\/html\/notas\/wp-content\/uploads\/2024\/10\/golpe-de-Estado-2001-Duhalde-y-Alfonsin.jpg\" alt=\"\" class=\"wp-image-133809\" style=\"width:784px;height:auto\" srcset=\"https:\/\/www.elsindical.com.ar\/notas\/var\/www\/html\/notas\/wp-content\/uploads\/2024\/10\/golpe-de-Estado-2001-Duhalde-y-Alfonsin.jpg 750w, https:\/\/www.elsindical.com.ar\/notas\/var\/www\/html\/notas\/wp-content\/uploads\/2024\/10\/golpe-de-Estado-2001-Duhalde-y-Alfonsin-300x194.jpg 300w, https:\/\/www.elsindical.com.ar\/notas\/var\/www\/html\/notas\/wp-content\/uploads\/2024\/10\/golpe-de-Estado-2001-Duhalde-y-Alfonsin-463x300.jpg 463w\" sizes=\"auto, (max-width: 750px) 100vw, 750px\" \/><\/a><\/figure>\n<\/div>\n\n\n<p>En la fecha en que se cumplen 41 a\u00f1os del triunfo de la UCR en las elecciones de 1983, el libertario critic\u00f3 que el expresidente sea mostrado \u00abcomo un h\u00e9roe\u00bb y lo se\u00f1al\u00f3 como responsable del fracaso de la gesti\u00f3n de Fernando de la R\u00faa.<\/p>\n\n\n\n<p>Pese a la interna que atraviesa la Uni\u00f3n C\u00edvica Radical (UCR) en el Congreso, los legisladores se unieron para repudiar las declaraciones del presidente Javier Milei contra Ra\u00fal Alfons\u00edn, quien sostuvo este mi\u00e9rcoles que el exmandatario promovi\u00f3 el golpe contra Fernando de la R\u00faa y lo acus\u00f3 de \u201chuir\u201d del poder.<\/p>\n\n\n\n<p>Durante su visita a C\u00f3rdoba, donde particip\u00f3 del 47\u00b0 aniversario de la Fundaci\u00f3n Mediterr\u00e1nea, el libertario <strong>volvi\u00f3 a referirse a la \u201cherencia\u201d de la anterior gesti\u00f3n<\/strong> y asegur\u00f3 que la suya recibi\u00f3 indicadores sociales \u201cpeores que los que hab\u00eda en diciembre de 2001\u2033.<\/p>\n\n\n\n<p>En ese momento, mencion\u00f3 al radical y dispar\u00f3: \u201cPrevia ca\u00edda de la convertibilidad y el golpe de Estado impulsado por (Eduardo) Duhalde y (Ra\u00fal) Alfons\u00edn, <strong>que parad\u00f3jicamente a Alfons\u00edn lo muestran como el padre de la democracia, siendo que fue partidario de un golpe de Estado\u201d.<\/strong><\/p>\n\n\n\n<p>M\u00e1s adelante, apunt\u00f3 que Alfons\u00edn \u201chuy\u00f3 del poder seis meses antes\u201d y que es mostrado \u201ccomo un h\u00e9roe\u201d debido a que recurri\u00f3 a \u201cpesificarle la deuda a Clar\u00edn\u201d. Las declaraciones ocurren en el marco del aniversario N\u00b041 del triunfo de la UCR en la primera elecci\u00f3n realizada tras la cruenta dictadura militar de 1976-1983.<\/p>\n\n\n\n<p>R\u00e1pidamente, desde el radicalismo salieron al cruce del jefe de Estado a trav\u00e9s de las redes sociales. El exdiputado y exembajador en Espa\u00f1a,&nbsp;<strong>Ricardo Alfons\u00edn<\/strong>, manifest\u00f3 que <strong>Milei \u201ctiene escaso compromiso con los valores de la democracia\u201d y expres\u00f3 su preocupaci\u00f3n por la no reacci\u00f3n de la oposici\u00f3n.<\/strong><\/p>\n\n\n\n<h2 class=\"wp-block-heading\">El rotundo rechazo de la UCR<\/h2>\n\n\n\n<p>El presidente de la UCR y senador,<strong>&nbsp;Mart\u00edn Lousteau<\/strong>, fue uno de los primeros. \u201cNo debe llamar la atenci\u00f3n que&nbsp;<strong>el Presidente con menor compromiso democr\u00e1tico de nuestra historia reciente critique a quien refund\u00f3 la democracia argentina<\/strong>\u201c, escribi\u00f3 en su cuenta de X, junto al fragmento del video en cuesti\u00f3n.<\/p>\n\n\n\n<p>Actualmente enfrentado al titular del partido centenario, el jefe de bloque en la C\u00e1mara de Diputados,&nbsp;<strong>Rodrigo De Loredo<\/strong>, coincidi\u00f3 en la postura y se\u00f1al\u00f3: \u201c<strong>Repudio la afirmaci\u00f3n que acaba de realizar el presidente Javier Milei sobre Ra\u00fal Alfons\u00edn&nbsp;<\/strong>en la Fundaci\u00f3n Mediterr\u00e1nea. M\u00e1s a\u00fan en una fecha tan cara a todos los argentinos.&nbsp;<strong>Absolutamente disparatado<\/strong>\u201c.<\/p>\n\n\n\n<p>Por su parte, el senador&nbsp;<strong>Pablo Blanco<\/strong>&nbsp;<strong>afirm\u00f3 que Milei&nbsp;<\/strong>\u201c<strong>pretende desvirtuar la historia<\/strong>&nbsp;al acusar a Alfons\u00edn de haber impulsado un golpe de Estado\u201d. \u201cRa\u00fal Alfons\u00edn fue un pilar de la democracia y un defensor de los derechos humanos.&nbsp;<strong>No permitamos que la mentira opaque su legado.&nbsp;<\/strong>\u00a1La verdad siempre prevalecer\u00e1!\u201d, apunt\u00f3.<\/p>\n\n\n\n<p>Por su parte, el diputado&nbsp;<strong>Pablo Juliano,<\/strong>&nbsp;presidente del flamante bloque Democracia para Siempre, el sector enfrentado con De Loredo, tuite\u00f3: \u201cPresidente Milei usted no tiene estatura para hablar de Alfons\u00edn, menos para inventar desde un atril que impuls\u00f3 un golpe de Estado, su compromiso con la democracia fue absoluto. Algo que usted no puede mostrar ni un solo minuto\u201d.<\/p>\n\n\n\n<p>La diputada de Democracia para Siempre, bloque que responde a Lousteau,&nbsp;<strong>Mariela Coletta<\/strong>, sentenci\u00f3: \u201c<strong>\u00bfQu\u00e9 podemos esperar de alguien que dice no creer en la democracia?<\/strong>\u201c. \u201cAlfons\u00edn asegur\u00f3 la estabilidad democr\u00e1tica, la convivencia pac\u00edfica y el respeto entre ideolog\u00edas pol\u00edticas. Mucho m\u00e1s que lo que est\u00e1 haciendo este Gobierno, que despreciando el di\u00e1logo quiere imponer sus ideas y no acepta ninguna mirada distinta\u201d, coment\u00f3 tambi\u00e9n en X.<\/p>\n\n\n\n<p>\u201c<strong>Se equivoca Milei al agredir a Ra\u00fal Alfons\u00edn<\/strong>. La historia ha demostrado que fue el mejor presidente desde el retorno de la democracia\u201d, asegur\u00f3 la mendocina&nbsp;<strong>Pamela Verasay<\/strong>&nbsp;y a\u00f1adi\u00f3: \u201cOjal\u00e1 nuestro pa\u00eds, de una vez por todas, recupere en sus l\u00edderes la capacidad de di\u00e1logo, consensos y fortalecimiento de las instituciones como lo hizo Alfons\u00edn\u201d.<\/p>\n\n\n\n<p>Para la exlegisladora&nbsp;<strong>Brenda Austin<\/strong>, Milei es \u201c<strong>un provocador sesgado<\/strong>\u201c. \u201cEl transcurrir del tiempo s\u00f3lo pone a Alfons\u00edn en el enorme y justo lugar que tiene para la historia democr\u00e1tica de Argentina. Nadie tiene la estatura para quit\u00e1rselo\u201d, agreg\u00f3.<\/p>\n\n\n\n<figure class=\"wp-block-embed is-type-video is-provider-youtube wp-block-embed-youtube wp-embed-aspect-16-9 wp-has-aspect-ratio\"><div class=\"wp-block-embed__wrapper\">\n<iframe loading=\"lazy\" title=\"Milei volvi\u00f3 a acusar a Alfons\u00edn de promover el Golpe de Estado del 2001\" width=\"700\" height=\"394\" src=\"https:\/\/www.youtube.com\/embed\/431E4_bMn1c?feature=oembed\" frameborder=\"0\" allow=\"accelerometer; autoplay; clipboard-write; encrypted-media; gyroscope; picture-in-picture; web-share\" referrerpolicy=\"strict-origin-when-cross-origin\" allowfullscreen><\/iframe>\n<\/div><\/figure>\n","protected":false},"excerpt":{"rendered":"<p>En la fecha en que se cumplen 41 a\u00f1os del triunfo de la UCR en las elecciones de 1983, el libertario critic\u00f3 que el expresidente sea mostrado \u00abcomo un h\u00e9roe\u00bb y lo se\u00f1al\u00f3 como responsable del fracaso de la gesti\u00f3n de Fernando de la R\u00faa. Pese a la interna que atraviesa la Uni\u00f3n C\u00edvica Radical&hellip;<\/p>\n","protected":false},"author":1,"featured_media":133809,"comment_status":"open","ping_status":"open","sticky":false,"template":"","format":"standard","meta":{"footnotes":""},"categories":[13],"tags":[2450,1703,761,43986,28812,43987,43988,1890],"class_list":["post-133808","post","type-post","status-publish","format-standard","has-post-thumbnail","hentry","category-politica","tag-diario-el-sindical","tag-eduardo-duhalde","tag-gobierno-nacional","tag-golpe-de-estado-2001","tag-javier-milei","tag-pablo-blanco","tag-pamela-verasay","tag-raul-alfonsin"],"_links":{"self":[{"href":"https:\/\/www.elsindical.com.ar\/notas\/wp-json\/wp\/v2\/posts\/133808","targetHints":{"allow":["GET"]}}],"collection":[{"href":"https:\/\/www.elsindical.com.ar\/notas\/wp-json\/wp\/v2\/posts"}],"about":[{"href":"https:\/\/www.elsindical.com.ar\/notas\/wp-json\/wp\/v2\/types\/post"}],"author":[{"embeddable":true,"href":"https:\/\/www.elsindical.com.ar\/notas\/wp-json\/wp\/v2\/users\/1"}],"replies":[{"embeddable":true,"href":"https:\/\/www.elsindical.com.ar\/notas\/wp-json\/wp\/v2\/comments?post=133808"}],"version-history":[{"count":2,"href":"https:\/\/www.elsindical.com.ar\/notas\/wp-json\/wp\/v2\/posts\/133808\/revisions"}],"predecessor-version":[{"id":133811,"href":"https:\/\/www.elsindical.com.ar\/notas\/wp-json\/wp\/v2\/posts\/133808\/revisions\/133811"}],"wp:featuredmedia":[{"embeddable":true,"href":"https:\/\/www.elsindical.com.ar\/notas\/wp-json\/wp\/v2\/media\/133809"}],"wp:attachment":[{"href":"https:\/\/www.elsindical.com.ar\/notas\/wp-json\/wp\/v2\/media?parent=133808"}],"wp:term":[{"taxonomy":"category","embeddable":true,"href":"https:\/\/www.elsindical.com.ar\/notas\/wp-json\/wp\/v2\/categories?post=133808"},{"taxonomy":"post_tag","embeddable":true,"href":"https:\/\/www.elsindical.com.ar\/notas\/wp-json\/wp\/v2\/tags?post=133808"}],"curies":[{"name":"wp","href":"https:\/\/api.w.org\/{rel}","templated":true}]}}