{"id":133795,"date":"2024-10-30T11:50:56","date_gmt":"2024-10-30T14:50:56","guid":{"rendered":"https:\/\/www.elsindical.com.ar\/notas\/?p=133795"},"modified":"2024-10-30T12:01:53","modified_gmt":"2024-10-30T15:01:53","slug":"avellaneda-lanus-y-quilmes-la-pfa-realizo-allanamientos-y-detuvo-a-una-banda-narco","status":"publish","type":"post","link":"https:\/\/www.elsindical.com.ar\/notas\/avellaneda-lanus-y-quilmes-la-pfa-realizo-allanamientos-y-detuvo-a-una-banda-narco\/","title":{"rendered":"Avellaneda, Lan\u00fas y Quilmes, la PFA realiz\u00f3 allanamientos y detuvo a una banda narco"},"content":{"rendered":"\n<figure class=\"wp-block-image size-large\"><a href=\"https:\/\/www.elsindical.com.ar\/notas\/var\/www\/html\/notas\/wp-content\/uploads\/2024\/10\/PFA-allana-Avell-Lanus-narcos-1.jpeg\"><img loading=\"lazy\" decoding=\"async\" width=\"1024\" height=\"576\" src=\"https:\/\/www.elsindical.com.ar\/notas\/var\/www\/html\/notas\/wp-content\/uploads\/2024\/10\/PFA-allana-Avell-Lanus-narcos-1-1024x576.jpeg\" alt=\"\" class=\"wp-image-133796\" srcset=\"https:\/\/www.elsindical.com.ar\/notas\/var\/www\/html\/notas\/wp-content\/uploads\/2024\/10\/PFA-allana-Avell-Lanus-narcos-1-1024x576.jpeg 1024w, https:\/\/www.elsindical.com.ar\/notas\/var\/www\/html\/notas\/wp-content\/uploads\/2024\/10\/PFA-allana-Avell-Lanus-narcos-1-300x169.jpeg 300w, https:\/\/www.elsindical.com.ar\/notas\/var\/www\/html\/notas\/wp-content\/uploads\/2024\/10\/PFA-allana-Avell-Lanus-narcos-1-768x432.jpeg 768w, https:\/\/www.elsindical.com.ar\/notas\/var\/www\/html\/notas\/wp-content\/uploads\/2024\/10\/PFA-allana-Avell-Lanus-narcos-1-500x281.jpeg 500w, https:\/\/www.elsindical.com.ar\/notas\/var\/www\/html\/notas\/wp-content\/uploads\/2024\/10\/PFA-allana-Avell-Lanus-narcos-1-1536x864.jpeg 1536w, https:\/\/www.elsindical.com.ar\/notas\/var\/www\/html\/notas\/wp-content\/uploads\/2024\/10\/PFA-allana-Avell-Lanus-narcos-1-460x260.jpeg 460w, https:\/\/www.elsindical.com.ar\/notas\/var\/www\/html\/notas\/wp-content\/uploads\/2024\/10\/PFA-allana-Avell-Lanus-narcos-1.jpeg 1600w\" sizes=\"auto, (max-width: 1024px) 100vw, 1024px\" \/><\/a><\/figure>\n\n\n\n<p>Seis personas fueron detenidas, acusadas de integrar una banda narco, que operaba en la zona sur del Conurbano.<\/p>\n\n\n\n<p><strong>La Polic\u00eda Federal desarticul\u00f3 una banda narco<\/strong> y secuestr\u00f3 30 kilos de coca\u00edna y armas de fuego, en el marco de una serie de allanamientos, que se concretaron en la Ciudad de Buenos Aires, Avellaneda, Lan\u00fas y Quilmes.<\/p>\n\n\n\n<h2 class=\"wp-block-heading\">La investigaci\u00f3n<\/h2>\n\n\n\n<p><strong>Se inici\u00f3 en mayo del 2023<\/strong>, cuando los efectivos determinaron que en el Centro Universitario de la Unidad Penitenciaria Devoto, <strong>un funcionario del Servicio Penitenciario Federal que se desempe\u00f1aba como enfermero, suministraba coca\u00edna y benzodiacepinas a internos<\/strong>.<\/p>\n\n\n\n<p>As\u00ed, se inici\u00f3 un nuevo legajo de investigaci\u00f3n a ra\u00edz de comprobarse que <strong>uno de los detenidos, de nacionalidad peruana y condenado por integrar una peligrosa banda narcotraficante, distribu\u00eda coca\u00edna<\/strong> en la misma unidad penitenciaria. \u00bfC\u00f3mo lo hac\u00eda? Bajo la complicidad de su pareja, ocultaba la droga en el pa\u00f1al de su peque\u00f1a hija.<\/p>\n\n\n\n<p>\u201cCon el devenir de las pesquisas, se pudo identificar a dos <strong>hombres que se encargaban de transportar los narc\u00f3ticos<\/strong> a la nombrada unidad y la existencia de cuatro inmuebles vinculados a tales maniobras il\u00edcitas\u201d, informaron las fuentes.<\/p>\n\n\n\n<p>De esa manera, el juzgado actuante autoriz\u00f3 los correspondientes allanamientos, teniendo como saldo la captura de tres personas; dos hombres (uno de ellos oriundo de Per\u00fa) y una mujer.<\/p>\n\n\n\n<p>Sobre esta etapa investigativa, los federales determinaron que <strong>un grupo de tres mujeres, todas de origen peruano y vinculadas a uno de esos hombres, conformaban un grupo que se dedicaba al comercio de estupefacientes en la zona sur del conurbano.<\/strong><\/p>\n\n\n\n<p>Ampliados los trabajos de campo, pudo individualizarse a la pareja de una de estas imputadas; un sujeto sobre el cual pesaba una orden de captura y expulsi\u00f3n inmediata del pa\u00eds, por el mismo delito.<\/p>\n\n\n\n<p><strong>Fueron identificados diez domicilios<\/strong>, cuatro de ellos situados en la Ciudad Aut\u00f3noma de Buenos Aires y los restantes en las localidades de <strong>Bernal, Villa Dom\u00ednico y Monte Chingolo<\/strong>, de los partidos de Quilmes, Avellaneda y Lan\u00fas.<\/p>\n\n\n\n<figure class=\"wp-block-image size-large\"><a href=\"https:\/\/www.elsindical.com.ar\/notas\/var\/www\/html\/notas\/wp-content\/uploads\/2024\/10\/PFA-allana-Avell-Lanus-narcos-2.jpeg\"><img loading=\"lazy\" decoding=\"async\" width=\"1024\" height=\"768\" src=\"https:\/\/www.elsindical.com.ar\/notas\/var\/www\/html\/notas\/wp-content\/uploads\/2024\/10\/PFA-allana-Avell-Lanus-narcos-2-1024x768.jpeg\" alt=\"\" class=\"wp-image-133797\" srcset=\"https:\/\/www.elsindical.com.ar\/notas\/var\/www\/html\/notas\/wp-content\/uploads\/2024\/10\/PFA-allana-Avell-Lanus-narcos-2-1024x768.jpeg 1024w, https:\/\/www.elsindical.com.ar\/notas\/var\/www\/html\/notas\/wp-content\/uploads\/2024\/10\/PFA-allana-Avell-Lanus-narcos-2-300x225.jpeg 300w, https:\/\/www.elsindical.com.ar\/notas\/var\/www\/html\/notas\/wp-content\/uploads\/2024\/10\/PFA-allana-Avell-Lanus-narcos-2-768x576.jpeg 768w, https:\/\/www.elsindical.com.ar\/notas\/var\/www\/html\/notas\/wp-content\/uploads\/2024\/10\/PFA-allana-Avell-Lanus-narcos-2-400x300.jpeg 400w, https:\/\/www.elsindical.com.ar\/notas\/var\/www\/html\/notas\/wp-content\/uploads\/2024\/10\/PFA-allana-Avell-Lanus-narcos-2-1536x1152.jpeg 1536w, https:\/\/www.elsindical.com.ar\/notas\/var\/www\/html\/notas\/wp-content\/uploads\/2024\/10\/PFA-allana-Avell-Lanus-narcos-2.jpeg 1600w\" sizes=\"auto, (max-width: 1024px) 100vw, 1024px\" \/><\/a><\/figure>\n\n\n\n<h2 class=\"wp-block-heading\">Allanamientos<\/h2>\n\n\n\n<p>Como resultado, <strong>se logr\u00f3 la detenci\u00f3n de seis personas<\/strong>; tres hombres (entre ellos el \u00faltimo investigado) y tres mujeres.<\/p>\n\n\n\n<p>Durante los procedimientos se <strong>secuestraron 30 kilos de coca\u00edna, gran cantidad de marihuana, cinco armas de fuego<\/strong>, varias municiones de diferentes calibres, dinero en efectivo que ser\u00eda producto de la venta de estupefacientes, 23 tel\u00e9fonos celulares, una camioneta y un chaleco antibalas.<\/p>\n\n\n\n<figure class=\"wp-block-embed is-type-video is-provider-youtube wp-block-embed-youtube wp-embed-aspect-16-9 wp-has-aspect-ratio\"><div class=\"wp-block-embed__wrapper\">\n<iframe loading=\"lazy\" title=\"Allanamientos en Avellaneda, Lan\u00fas y Quilmes de la PFA desbarat\u00f3 banda narco\" width=\"700\" height=\"394\" src=\"https:\/\/www.youtube.com\/embed\/Jqhg3dsDnhc?feature=oembed\" frameborder=\"0\" allow=\"accelerometer; autoplay; clipboard-write; encrypted-media; gyroscope; picture-in-picture; web-share\" referrerpolicy=\"strict-origin-when-cross-origin\" allowfullscreen><\/iframe>\n<\/div><\/figure>\n","protected":false},"excerpt":{"rendered":"<p>Seis personas fueron detenidas, acusadas de integrar una banda narco, que operaba en la zona sur del Conurbano. La Polic\u00eda Federal desarticul\u00f3 una banda narco y secuestr\u00f3 30 kilos de coca\u00edna y armas de fuego, en el marco de una serie de allanamientos, que se concretaron en la Ciudad de Buenos Aires, Avellaneda, Lan\u00fas y&hellip;<\/p>\n","protected":false},"author":1,"featured_media":133796,"comment_status":"open","ping_status":"open","sticky":false,"template":"","format":"standard","meta":{"footnotes":""},"categories":[22],"tags":[461,10226,43,2450,209,664,698,684],"class_list":["post-133795","post","type-post","status-publish","format-standard","has-post-thumbnail","hentry","category-policiales","tag-avellaneda","tag-banda-narco","tag-cocaina","tag-diario-el-sindical","tag-lanus","tag-marihuana","tag-pfa","tag-quilmes"],"_links":{"self":[{"href":"https:\/\/www.elsindical.com.ar\/notas\/wp-json\/wp\/v2\/posts\/133795","targetHints":{"allow":["GET"]}}],"collection":[{"href":"https:\/\/www.elsindical.com.ar\/notas\/wp-json\/wp\/v2\/posts"}],"about":[{"href":"https:\/\/www.elsindical.com.ar\/notas\/wp-json\/wp\/v2\/types\/post"}],"author":[{"embeddable":true,"href":"https:\/\/www.elsindical.com.ar\/notas\/wp-json\/wp\/v2\/users\/1"}],"replies":[{"embeddable":true,"href":"https:\/\/www.elsindical.com.ar\/notas\/wp-json\/wp\/v2\/comments?post=133795"}],"version-history":[{"count":2,"href":"https:\/\/www.elsindical.com.ar\/notas\/wp-json\/wp\/v2\/posts\/133795\/revisions"}],"predecessor-version":[{"id":133799,"href":"https:\/\/www.elsindical.com.ar\/notas\/wp-json\/wp\/v2\/posts\/133795\/revisions\/133799"}],"wp:featuredmedia":[{"embeddable":true,"href":"https:\/\/www.elsindical.com.ar\/notas\/wp-json\/wp\/v2\/media\/133796"}],"wp:attachment":[{"href":"https:\/\/www.elsindical.com.ar\/notas\/wp-json\/wp\/v2\/media?parent=133795"}],"wp:term":[{"taxonomy":"category","embeddable":true,"href":"https:\/\/www.elsindical.com.ar\/notas\/wp-json\/wp\/v2\/categories?post=133795"},{"taxonomy":"post_tag","embeddable":true,"href":"https:\/\/www.elsindical.com.ar\/notas\/wp-json\/wp\/v2\/tags?post=133795"}],"curies":[{"name":"wp","href":"https:\/\/api.w.org\/{rel}","templated":true}]}}