{"id":133791,"date":"2024-10-30T11:37:57","date_gmt":"2024-10-30T14:37:57","guid":{"rendered":"https:\/\/www.elsindical.com.ar\/notas\/?p=133791"},"modified":"2024-10-30T11:38:02","modified_gmt":"2024-10-30T14:38:02","slug":"otro-escandalo-en-el-ministerio-de-sandra-pettovello-renuncio-constanza-cassino","status":"publish","type":"post","link":"https:\/\/www.elsindical.com.ar\/notas\/otro-escandalo-en-el-ministerio-de-sandra-pettovello-renuncio-constanza-cassino\/","title":{"rendered":"Otro esc\u00e1ndalo en el ministerio de Sandra Pettovello, renunci\u00f3 Constanza Cassino"},"content":{"rendered":"<div class=\"wp-block-image\">\n<figure class=\"aligncenter size-full\"><a href=\"https:\/\/www.elsindical.com.ar\/notas\/var\/www\/html\/notas\/wp-content\/uploads\/2024\/10\/Constanza-Cassino.jpg\"><img loading=\"lazy\" decoding=\"async\" width=\"680\" height=\"474\" src=\"https:\/\/www.elsindical.com.ar\/notas\/var\/www\/html\/notas\/wp-content\/uploads\/2024\/10\/Constanza-Cassino.jpg\" alt=\"\" class=\"wp-image-133792\" srcset=\"https:\/\/www.elsindical.com.ar\/notas\/var\/www\/html\/notas\/wp-content\/uploads\/2024\/10\/Constanza-Cassino.jpg 680w, https:\/\/www.elsindical.com.ar\/notas\/var\/www\/html\/notas\/wp-content\/uploads\/2024\/10\/Constanza-Cassino-300x209.jpg 300w, https:\/\/www.elsindical.com.ar\/notas\/var\/www\/html\/notas\/wp-content\/uploads\/2024\/10\/Constanza-Cassino-430x300.jpg 430w\" sizes=\"auto, (max-width: 680px) 100vw, 680px\" \/><\/a><\/figure>\n<\/div>\n\n\n<p class=\"wp-block-paragraph\">Es una subsecretaria que depend\u00eda de Yanina Nano Lembo, salpicada por el esc\u00e1ndalo de sobreprecios en la compra de la cafetera y contrataci\u00f3n de un catering.<\/p>\n\n\n\n<p class=\"wp-block-paragraph\">El ministerio de Capital Humano, que conduce Sandra Pettovello, qued\u00f3 envuelto en un nuevo esc\u00e1ndalo, esta vez por los sobreprecios en la compra de una cafetera y la contrataci\u00f3n de un catering.<\/p>\n\n\n\n<p class=\"wp-block-paragraph\">El caso fue denunciado por dirigentes de la oposici\u00f3n como Juan Grabois y Esteban Paulon, y deriv\u00f3 en la renuncia de la subsecretaria de Gesti\u00f3n Administrativa de la Secretar\u00eda de Ni\u00f1ez, Adolescencia y Familia, Constanza Cassino.<\/p>\n\n\n\n<p class=\"wp-block-paragraph\">La salida de Cassino busca frenar un esc\u00e1ndalo que estaba golpeando a su jefa en el organigrama, la secretaria de Ni\u00f1ez, Adolescencia y Familia,&nbsp;Yanina Nano Lembo, una funcionaria muy cercana a Pettovello.<\/p>\n\n\n\n<p class=\"wp-block-paragraph\">Es que la compra de la cafetera de dos millones de pesos y la contrataci\u00f3n de un catering de tres millones fueron para la Secretar\u00eda que conduce Nano Lembo, a quien en la oposici\u00f3n ya le estaban pidiendo la renuncia.<\/p>\n\n\n\n<p class=\"wp-block-paragraph\">La semana pasada, la Secretar\u00eda compr\u00f3 una cafetera autom\u00e1tica marca Philips por 1.917.000 pesos, seg\u00fan consta en la factura. El problema es que el precio del mercado es bastante m\u00e1s bajo: la misma cafetera se consigue por entre 1,35 y 1,5 millones.<\/p>\n\n\n\n<p class=\"wp-block-paragraph\">A principios de mes, en la misma \u00e1rea contrataron un servicio de catering por 3 millones de pesos, que inclu\u00eda&nbsp;50 \u00abcoffe AM\u00bb, 100 almuerzos, 50 \u00abcoffe PM\u00bb.<\/p>\n\n\n<div class=\"wp-block-image\">\n<figure class=\"aligncenter size-full\"><a href=\"https:\/\/www.elsindical.com.ar\/notas\/var\/www\/html\/notas\/wp-content\/uploads\/2024\/10\/cafetera-express.jpg\"><img loading=\"lazy\" decoding=\"async\" width=\"462\" height=\"680\" src=\"https:\/\/www.elsindical.com.ar\/notas\/var\/www\/html\/notas\/wp-content\/uploads\/2024\/10\/cafetera-express.jpg\" alt=\"\" class=\"wp-image-133793\" srcset=\"https:\/\/www.elsindical.com.ar\/notas\/var\/www\/html\/notas\/wp-content\/uploads\/2024\/10\/cafetera-express.jpg 462w, https:\/\/www.elsindical.com.ar\/notas\/var\/www\/html\/notas\/wp-content\/uploads\/2024\/10\/cafetera-express-204x300.jpg 204w\" sizes=\"auto, (max-width: 462px) 100vw, 462px\" \/><\/a><\/figure>\n<\/div>","protected":false},"excerpt":{"rendered":"<p>Es una subsecretaria que depend\u00eda de Yanina Nano Lembo, salpicada por el esc\u00e1ndalo de sobreprecios en la compra de la cafetera y contrataci\u00f3n de un catering. El ministerio de Capital Humano, que conduce Sandra Pettovello, qued\u00f3 envuelto en un nuevo esc\u00e1ndalo, esta vez por los sobreprecios en la compra de una cafetera y la contrataci\u00f3n&hellip;<\/p>\n","protected":false},"author":1,"featured_media":133792,"comment_status":"open","ping_status":"open","sticky":false,"template":"","format":"standard","meta":{"footnotes":""},"categories":[6,13],"tags":[43983,175,2450,2871,42202,41810,43056],"class_list":["post-133791","post","type-post","status-publish","format-standard","has-post-thumbnail","hentry","category-denuncias","category-politica","tag-constanza-cassino","tag-denuncia","tag-diario-el-sindical","tag-juan-grabois","tag-ministerio-de-capital-humano","tag-sandra-pettovello","tag-yanina-nano-lembo"],"_links":{"self":[{"href":"https:\/\/www.elsindical.com.ar\/notas\/wp-json\/wp\/v2\/posts\/133791","targetHints":{"allow":["GET"]}}],"collection":[{"href":"https:\/\/www.elsindical.com.ar\/notas\/wp-json\/wp\/v2\/posts"}],"about":[{"href":"https:\/\/www.elsindical.com.ar\/notas\/wp-json\/wp\/v2\/types\/post"}],"author":[{"embeddable":true,"href":"https:\/\/www.elsindical.com.ar\/notas\/wp-json\/wp\/v2\/users\/1"}],"replies":[{"embeddable":true,"href":"https:\/\/www.elsindical.com.ar\/notas\/wp-json\/wp\/v2\/comments?post=133791"}],"version-history":[{"count":1,"href":"https:\/\/www.elsindical.com.ar\/notas\/wp-json\/wp\/v2\/posts\/133791\/revisions"}],"predecessor-version":[{"id":133794,"href":"https:\/\/www.elsindical.com.ar\/notas\/wp-json\/wp\/v2\/posts\/133791\/revisions\/133794"}],"wp:featuredmedia":[{"embeddable":true,"href":"https:\/\/www.elsindical.com.ar\/notas\/wp-json\/wp\/v2\/media\/133792"}],"wp:attachment":[{"href":"https:\/\/www.elsindical.com.ar\/notas\/wp-json\/wp\/v2\/media?parent=133791"}],"wp:term":[{"taxonomy":"category","embeddable":true,"href":"https:\/\/www.elsindical.com.ar\/notas\/wp-json\/wp\/v2\/categories?post=133791"},{"taxonomy":"post_tag","embeddable":true,"href":"https:\/\/www.elsindical.com.ar\/notas\/wp-json\/wp\/v2\/tags?post=133791"}],"curies":[{"name":"wp","href":"https:\/\/api.w.org\/{rel}","templated":true}]}}