{"id":133755,"date":"2024-10-28T15:56:52","date_gmt":"2024-10-28T18:56:52","guid":{"rendered":"https:\/\/www.elsindical.com.ar\/notas\/?p=133755"},"modified":"2024-10-28T15:57:01","modified_gmt":"2024-10-28T18:57:01","slug":"el-centro-de-patrones-se-suma-al-paro-de-transporte-vamos-a-defender-el-trabajo-argentino","status":"publish","type":"post","link":"https:\/\/www.elsindical.com.ar\/notas\/el-centro-de-patrones-se-suma-al-paro-de-transporte-vamos-a-defender-el-trabajo-argentino\/","title":{"rendered":"El Centro de Patrones se suma al paro de transporte: \u00abVamos a defender el trabajo argentino\u00bb"},"content":{"rendered":"\n<figure class=\"wp-block-image size-large\"><a href=\"https:\/\/www.elsindical.com.ar\/notas\/var\/www\/html\/notas\/wp-content\/uploads\/2024\/10\/Centro-de-Patrones-octubre-24-1.jpeg\"><img loading=\"lazy\" decoding=\"async\" width=\"1024\" height=\"576\" src=\"https:\/\/www.elsindical.com.ar\/notas\/var\/www\/html\/notas\/wp-content\/uploads\/2024\/10\/Centro-de-Patrones-octubre-24-1-1024x576.jpeg\" alt=\"\" class=\"wp-image-133756\" srcset=\"https:\/\/www.elsindical.com.ar\/notas\/var\/www\/html\/notas\/wp-content\/uploads\/2024\/10\/Centro-de-Patrones-octubre-24-1-1024x576.jpeg 1024w, https:\/\/www.elsindical.com.ar\/notas\/var\/www\/html\/notas\/wp-content\/uploads\/2024\/10\/Centro-de-Patrones-octubre-24-1-300x169.jpeg 300w, https:\/\/www.elsindical.com.ar\/notas\/var\/www\/html\/notas\/wp-content\/uploads\/2024\/10\/Centro-de-Patrones-octubre-24-1-768x432.jpeg 768w, https:\/\/www.elsindical.com.ar\/notas\/var\/www\/html\/notas\/wp-content\/uploads\/2024\/10\/Centro-de-Patrones-octubre-24-1-500x281.jpeg 500w, https:\/\/www.elsindical.com.ar\/notas\/var\/www\/html\/notas\/wp-content\/uploads\/2024\/10\/Centro-de-Patrones-octubre-24-1-1536x864.jpeg 1536w, https:\/\/www.elsindical.com.ar\/notas\/var\/www\/html\/notas\/wp-content\/uploads\/2024\/10\/Centro-de-Patrones-octubre-24-1-460x260.jpeg 460w, https:\/\/www.elsindical.com.ar\/notas\/var\/www\/html\/notas\/wp-content\/uploads\/2024\/10\/Centro-de-Patrones-octubre-24-1.jpeg 1600w\" sizes=\"auto, (max-width: 1024px) 100vw, 1024px\" \/><\/a><\/figure>\n\n\n\n<p>El secretario general del Centro de Patrones, Capit\u00e1n Mariano Moreno, confirm\u00f3 la adhesi\u00f3n al paro de transporte y expres\u00f3 su rechazo a la desregulaci\u00f3n que Federico Sturzenegger busca implementar en la actividad mar\u00edtima y fluvial. \u00abNos vamos a quedar sin trabajo para los argentinos\u00bb, advirti\u00f3.<\/p>\n\n\n\n<p>La organizaci\u00f3n anunci\u00f3 su participaci\u00f3n y movilizaci\u00f3n en el paro de transporte convocado por la Mesa Nacional del Transporte para el 30 de octubre, en oposici\u00f3n a las pol\u00edticas de ajuste del gobierno de Javier Milei. Desde el Centro de Patrones y Oficiales Fluviales de Pesca y de Cabotaje Mar\u00edtimo mantienen reclamos vigentes como el intento de privatizar y cerrar la Escuela Nacional de Pesca, la intenci\u00f3n de la apertura de la pesca a flotas extranjeras, y posible eliminaci\u00f3n de la Ley de Cabotaje Nacional entre otros.<\/p>\n\n\n\n<p>\u00abVenimos alertando sobre las intenciones del gobierno de reemplazar el trabajo argentino por mano de obra precarizada de otros pa\u00edses\u00bb, resalt\u00f3 el Capit\u00e1n Moreno, quien critic\u00f3 las declaraciones de Sturzenegger confirmando la intenci\u00f3n de desregular el sector.<\/p>\n\n\n\n<p>\u00abDicen que buscan reducir costos, pero el costo real lo pagar\u00e1n miles de trabajadores argentinos cuando las banderas de conveniencia reemplacen nuestro trabajo en nuestras aguas\u00bb, explic\u00f3 Moreno. \u00abCuando hablan de una industria -excesivamente regulada-, se refieren a las garant\u00edas que protegen el empleo local y a la Marina Mercante, que ya sufri\u00f3 devastadores retrocesos en los a\u00f1os 90. Otro golpe al sector dejar\u00eda al pa\u00eds sin la capacidad de transporte fluvial, perdiendo por completo esta herramienta estrat\u00e9gica\u00bb.<\/p>\n\n\n\n<figure class=\"wp-block-gallery has-nested-images columns-default is-cropped wp-block-gallery-1 is-layout-flex wp-block-gallery-is-layout-flex\">\n<figure class=\"wp-block-image size-large\"><a href=\"https:\/\/www.elsindical.com.ar\/notas\/var\/www\/html\/notas\/wp-content\/uploads\/2024\/10\/Centro-de-Patrones-octubre-24-3.jpeg\"><img loading=\"lazy\" decoding=\"async\" width=\"1024\" height=\"613\" data-id=\"133757\" src=\"https:\/\/www.elsindical.com.ar\/notas\/var\/www\/html\/notas\/wp-content\/uploads\/2024\/10\/Centro-de-Patrones-octubre-24-3-1024x613.jpeg\" alt=\"\" class=\"wp-image-133757\" srcset=\"https:\/\/www.elsindical.com.ar\/notas\/var\/www\/html\/notas\/wp-content\/uploads\/2024\/10\/Centro-de-Patrones-octubre-24-3-1024x613.jpeg 1024w, https:\/\/www.elsindical.com.ar\/notas\/var\/www\/html\/notas\/wp-content\/uploads\/2024\/10\/Centro-de-Patrones-octubre-24-3-300x180.jpeg 300w, https:\/\/www.elsindical.com.ar\/notas\/var\/www\/html\/notas\/wp-content\/uploads\/2024\/10\/Centro-de-Patrones-octubre-24-3-768x460.jpeg 768w, https:\/\/www.elsindical.com.ar\/notas\/var\/www\/html\/notas\/wp-content\/uploads\/2024\/10\/Centro-de-Patrones-octubre-24-3-500x300.jpeg 500w, https:\/\/www.elsindical.com.ar\/notas\/var\/www\/html\/notas\/wp-content\/uploads\/2024\/10\/Centro-de-Patrones-octubre-24-3.jpeg 1483w\" sizes=\"auto, (max-width: 1024px) 100vw, 1024px\" \/><\/a><\/figure>\n\n\n\n<figure class=\"wp-block-image size-large\"><a href=\"https:\/\/www.elsindical.com.ar\/notas\/var\/www\/html\/notas\/wp-content\/uploads\/2024\/10\/Centro-de-Patrones-octubre-24-2.jpeg\"><img loading=\"lazy\" decoding=\"async\" width=\"1024\" height=\"595\" data-id=\"133758\" src=\"https:\/\/www.elsindical.com.ar\/notas\/var\/www\/html\/notas\/wp-content\/uploads\/2024\/10\/Centro-de-Patrones-octubre-24-2-1024x595.jpeg\" alt=\"\" class=\"wp-image-133758\" srcset=\"https:\/\/www.elsindical.com.ar\/notas\/var\/www\/html\/notas\/wp-content\/uploads\/2024\/10\/Centro-de-Patrones-octubre-24-2-1024x595.jpeg 1024w, https:\/\/www.elsindical.com.ar\/notas\/var\/www\/html\/notas\/wp-content\/uploads\/2024\/10\/Centro-de-Patrones-octubre-24-2-300x174.jpeg 300w, https:\/\/www.elsindical.com.ar\/notas\/var\/www\/html\/notas\/wp-content\/uploads\/2024\/10\/Centro-de-Patrones-octubre-24-2-768x446.jpeg 768w, https:\/\/www.elsindical.com.ar\/notas\/var\/www\/html\/notas\/wp-content\/uploads\/2024\/10\/Centro-de-Patrones-octubre-24-2-500x290.jpeg 500w, https:\/\/www.elsindical.com.ar\/notas\/var\/www\/html\/notas\/wp-content\/uploads\/2024\/10\/Centro-de-Patrones-octubre-24-2.jpeg 1396w\" sizes=\"auto, (max-width: 1024px) 100vw, 1024px\" \/><\/a><\/figure>\n<\/figure>\n","protected":false},"excerpt":{"rendered":"<p>El secretario general del Centro de Patrones, Capit\u00e1n Mariano Moreno, confirm\u00f3 la adhesi\u00f3n al paro de transporte y expres\u00f3 su rechazo a la desregulaci\u00f3n que Federico Sturzenegger busca implementar en la actividad mar\u00edtima y fluvial. \u00abNos vamos a quedar sin trabajo para los argentinos\u00bb, advirti\u00f3. La organizaci\u00f3n anunci\u00f3 su participaci\u00f3n y movilizaci\u00f3n en el paro&hellip;<\/p>\n","protected":false},"author":1,"featured_media":133756,"comment_status":"open","ping_status":"open","sticky":false,"template":"","format":"standard","meta":{"footnotes":""},"categories":[16],"tags":[43972,43971,2450,37,3355],"class_list":["post-133755","post","type-post","status-publish","format-standard","has-post-thumbnail","hentry","category-gremiales","tag-capitan-mariano-moreno","tag-centro-de-patrones","tag-diario-el-sindical","tag-federico-sturzenegger","tag-paro-nacional"],"_links":{"self":[{"href":"https:\/\/www.elsindical.com.ar\/notas\/wp-json\/wp\/v2\/posts\/133755","targetHints":{"allow":["GET"]}}],"collection":[{"href":"https:\/\/www.elsindical.com.ar\/notas\/wp-json\/wp\/v2\/posts"}],"about":[{"href":"https:\/\/www.elsindical.com.ar\/notas\/wp-json\/wp\/v2\/types\/post"}],"author":[{"embeddable":true,"href":"https:\/\/www.elsindical.com.ar\/notas\/wp-json\/wp\/v2\/users\/1"}],"replies":[{"embeddable":true,"href":"https:\/\/www.elsindical.com.ar\/notas\/wp-json\/wp\/v2\/comments?post=133755"}],"version-history":[{"count":1,"href":"https:\/\/www.elsindical.com.ar\/notas\/wp-json\/wp\/v2\/posts\/133755\/revisions"}],"predecessor-version":[{"id":133759,"href":"https:\/\/www.elsindical.com.ar\/notas\/wp-json\/wp\/v2\/posts\/133755\/revisions\/133759"}],"wp:featuredmedia":[{"embeddable":true,"href":"https:\/\/www.elsindical.com.ar\/notas\/wp-json\/wp\/v2\/media\/133756"}],"wp:attachment":[{"href":"https:\/\/www.elsindical.com.ar\/notas\/wp-json\/wp\/v2\/media?parent=133755"}],"wp:term":[{"taxonomy":"category","embeddable":true,"href":"https:\/\/www.elsindical.com.ar\/notas\/wp-json\/wp\/v2\/categories?post=133755"},{"taxonomy":"post_tag","embeddable":true,"href":"https:\/\/www.elsindical.com.ar\/notas\/wp-json\/wp\/v2\/tags?post=133755"}],"curies":[{"name":"wp","href":"https:\/\/api.w.org\/{rel}","templated":true}]}}