{"id":133735,"date":"2024-10-28T00:02:27","date_gmt":"2024-10-28T03:02:27","guid":{"rendered":"https:\/\/www.elsindical.com.ar\/notas\/?p=133735"},"modified":"2024-10-28T00:02:32","modified_gmt":"2024-10-28T03:02:32","slug":"edesur-y-edenor-aplicaran-multas-a-mas-de-700-000-hogares-por-que-y-como-evitar-las-sanciones","status":"publish","type":"post","link":"https:\/\/www.elsindical.com.ar\/notas\/edesur-y-edenor-aplicaran-multas-a-mas-de-700-000-hogares-por-que-y-como-evitar-las-sanciones\/","title":{"rendered":"Edesur y Edenor aplicar\u00e1n multas a m\u00e1s de 700.000 hogares: por qu\u00e9 y c\u00f3mo evitar las sanciones"},"content":{"rendered":"<div class=\"wp-block-image\">\n<figure class=\"aligncenter size-full is-resized\"><a href=\"https:\/\/www.elsindical.com.ar\/notas\/var\/www\/html\/notas\/wp-content\/uploads\/2024\/10\/factor-potencia-en-factura-de-luz.jpg\"><img loading=\"lazy\" decoding=\"async\" width=\"500\" height=\"500\" src=\"https:\/\/www.elsindical.com.ar\/notas\/var\/www\/html\/notas\/wp-content\/uploads\/2024\/10\/factor-potencia-en-factura-de-luz.jpg\" alt=\"\" class=\"wp-image-133736\" style=\"width:552px;height:auto\" srcset=\"https:\/\/www.elsindical.com.ar\/notas\/var\/www\/html\/notas\/wp-content\/uploads\/2024\/10\/factor-potencia-en-factura-de-luz.jpg 500w, https:\/\/www.elsindical.com.ar\/notas\/var\/www\/html\/notas\/wp-content\/uploads\/2024\/10\/factor-potencia-en-factura-de-luz-300x300.jpg 300w, https:\/\/www.elsindical.com.ar\/notas\/var\/www\/html\/notas\/wp-content\/uploads\/2024\/10\/factor-potencia-en-factura-de-luz-150x150.jpg 150w, https:\/\/www.elsindical.com.ar\/notas\/var\/www\/html\/notas\/wp-content\/uploads\/2024\/10\/factor-potencia-en-factura-de-luz-50x50.jpg 50w\" sizes=\"auto, (max-width: 500px) 100vw, 500px\" \/><\/a><\/figure>\n<\/div>\n\n\n<p>La medida tiene como objetivo promover el uso eficiente de energ\u00eda y evitar la sobrecarga el\u00e9ctrica a partir del mes de octubre. Qu\u00e9 es el factor de potencia.<\/p>\n\n\n\n<p>Las empresas distribuidoras de energ\u00eda,<strong> Edesur y Edenor<\/strong>, comenzar\u00e1n a <strong>aplicar multas a m\u00e1s de 700 mil hogares a partir del primero de octubre de 2024 en el AMBA.<\/strong> Ser\u00e1 para quienes no hayan adaptado sus instalaciones el\u00e9ctricas al nuevo <strong>factor de potencia<\/strong> establecido por el Ente Nacional Regulador de la Electricidad (ENRE).<\/p>\n\n\n\n<p><strong>Esta medida<\/strong> (que fue anunciada por la resoluci\u00f3n 85\/2024), <strong>tiene como objetivo promover un uso m\u00e1s eficiente de la energ\u00eda <\/strong>y evitar la sobrecarga en la red el\u00e9ctrica a partir del pr\u00f3ximo mes, en especial en los momentos de mayor demanda, como sucede frecuentemente en el verano.<\/p>\n\n\n\n<p>El factor de potencia es un indicador que<strong> mide cu\u00e1n eficientemente se usa la energ\u00eda el\u00e9ctrica en una instalaci\u00f3n<\/strong>, con un par\u00e1metro expresado mediante un valor entre 0 y 1, en donde el 1 representa su uso \u00f3ptimo de energ\u00eda.<\/p>\n\n\n\n<p>Por otro lado, <strong>el valor m\u00e1s bajo expresa que se est\u00e1 utilizando energ\u00eda de manera ineficiente, lo que puede generar sobrecarga en la red el\u00e9ctrica<\/strong> y aumentar el riesgo de fallas en el suministro.<\/p>\n\n\n\n<p>Hasta el momento, <strong>el factor de potencia m\u00ednimo aceptable era de 0,85, pero el ENRE estableci\u00f3 un nuevo umbral de 0,95<\/strong>, un est\u00e1ndar que ya se utiliza en otras provincias de Argentina y a nivel internacional. En consecuencia, aquellas personas que tengan un factor de potencia por debajo de este n\u00famero podr\u00e1n ser multadas por<strong> Edesur y Edenor.<\/strong><\/p>\n\n\n\n<h2 class=\"wp-block-heading\">C\u00f3mo calcular el factor de potencia y evitar las multas de Edesur y Edenor<\/h2>\n\n\n\n<p>El factor de potencia se calcula a partir de la relaci\u00f3n entre dos tipos de energ\u00eda: <strong>la energ\u00eda activa<\/strong> (que se usa para realizar trabajo \u00fatil como encender las luces y hacer funcionar electrodom\u00e9sticos)<strong>y la reactiva <\/strong>(aquellas utilizadas por los motores, como las lavadoras y bombas de agua).<\/p>\n\n\n\n<p>Este n\u00famero se obtiene dividiendo la energ\u00eda activa por la suma de la energ\u00eda activa y reactiva.<strong> Si su valor es menor a 0,95, la instalaci\u00f3n el\u00e9ctrica no est\u00e1 aprovechando adecuadamente la energ\u00eda suministrada <\/strong>y el usuario podr\u00eda ser sancionado por Edesur o Edenor.<\/p>\n\n\n\n<p>Para evitar multas, <strong>los usuarios deber\u00e1n adaptar todas sus instalaciones al nuevo factor de potencia<\/strong>, lo que incluye una instalaci\u00f3n de medidores que registren la energ\u00eda reactiva. Este medidor puede solicitarse de la siguiente manera:<\/p>\n\n\n\n<ul class=\"wp-block-list\">\n<li><strong>Para propietarios: <\/strong>Presentar la escritura del inmueble o la declaratoria de herederos. Si el t\u00edtulo no incluye la direcci\u00f3n, debe acompa\u00f1arse de la plancheta catastral.<\/li>\n\n\n\n<li><strong>Para inquilinos: <\/strong>Presentar uno de los siguientes documentos: contrato de locaci\u00f3n, comodato, boleto de compraventa, fideicomiso o certificado de domicilio.<\/li>\n<\/ul>\n\n\n\n<p>En el caso de que el tr\u00e1mite lo realice otra persona debe llevar el DNI del autorizado o apoderado. Como as\u00ed tambi\u00e9n una nota de autorizaci\u00f3n o poder firmada por el titular.<\/p>\n\n\n\n<p>Edesur asegur\u00f3 en su p\u00e1gina oficial que el cronograma de aplicaci\u00f3n de multas es el siguiente:<\/p>\n\n\n\n<ul class=\"wp-block-list\">\n<li><strong>1\u00ba de octubre de 2024:<\/strong> se aplicar\u00e1 un recargo del 30% del valor total.<\/li>\n\n\n\n<li><strong>1\u00ba de mayo de 2025: <\/strong>el recargo aumentar\u00e1 al 60%.<\/li>\n\n\n\n<li><strong>1\u00ba de diciembre de 2025:<\/strong> se comenzar\u00e1 a cobrar el 100% del recargo.<\/li>\n<\/ul>\n\n\n\n<p><strong>Los fondos recaudados a trav\u00e9s de estas multas se destinar\u00e1n a un fondo fiduciario para financiar el Programa de Medici\u00f3n Inteligente (PMI)<\/strong>. Este programa tiene como objetivo reemplazar los medidores anal\u00f3gicos con medidores digitales, que permitir\u00e1n una lectura m\u00e1s precisa del consumo el\u00e9ctrico y contribuir\u00e1n al ahorro de energ\u00eda.<\/p>\n\n\n\n<p>Por \u00faltimo,<strong> el ENRE determin\u00f3 que los edificios bajo r\u00e9gimen de propiedad horizontal o conjuntos inmobiliarios no recibir\u00e1n multas hasta que se instalen medidores <\/strong>que registren tanto la energ\u00eda activa como la reactiva en la acometida general.<\/p>\n","protected":false},"excerpt":{"rendered":"<p>La medida tiene como objetivo promover el uso eficiente de energ\u00eda y evitar la sobrecarga el\u00e9ctrica a partir del mes de octubre. Qu\u00e9 es el factor de potencia. Las empresas distribuidoras de energ\u00eda, Edesur y Edenor, comenzar\u00e1n a aplicar multas a m\u00e1s de 700 mil hogares a partir del primero de octubre de 2024 en&hellip;<\/p>\n","protected":false},"author":1,"featured_media":133736,"comment_status":"open","ping_status":"open","sticky":false,"template":"","format":"standard","meta":{"footnotes":""},"categories":[28,25],"tags":[2450,2973,374,43967,1319,1436,1537],"class_list":["post-133735","post","type-post","status-publish","format-standard","has-post-thumbnail","hentry","category-empresariales","category-sociedad","tag-diario-el-sindical","tag-edenor","tag-edesur","tag-factor-de-potencia","tag-facturas","tag-hogares","tag-multas"],"_links":{"self":[{"href":"https:\/\/www.elsindical.com.ar\/notas\/wp-json\/wp\/v2\/posts\/133735","targetHints":{"allow":["GET"]}}],"collection":[{"href":"https:\/\/www.elsindical.com.ar\/notas\/wp-json\/wp\/v2\/posts"}],"about":[{"href":"https:\/\/www.elsindical.com.ar\/notas\/wp-json\/wp\/v2\/types\/post"}],"author":[{"embeddable":true,"href":"https:\/\/www.elsindical.com.ar\/notas\/wp-json\/wp\/v2\/users\/1"}],"replies":[{"embeddable":true,"href":"https:\/\/www.elsindical.com.ar\/notas\/wp-json\/wp\/v2\/comments?post=133735"}],"version-history":[{"count":1,"href":"https:\/\/www.elsindical.com.ar\/notas\/wp-json\/wp\/v2\/posts\/133735\/revisions"}],"predecessor-version":[{"id":133737,"href":"https:\/\/www.elsindical.com.ar\/notas\/wp-json\/wp\/v2\/posts\/133735\/revisions\/133737"}],"wp:featuredmedia":[{"embeddable":true,"href":"https:\/\/www.elsindical.com.ar\/notas\/wp-json\/wp\/v2\/media\/133736"}],"wp:attachment":[{"href":"https:\/\/www.elsindical.com.ar\/notas\/wp-json\/wp\/v2\/media?parent=133735"}],"wp:term":[{"taxonomy":"category","embeddable":true,"href":"https:\/\/www.elsindical.com.ar\/notas\/wp-json\/wp\/v2\/categories?post=133735"},{"taxonomy":"post_tag","embeddable":true,"href":"https:\/\/www.elsindical.com.ar\/notas\/wp-json\/wp\/v2\/tags?post=133735"}],"curies":[{"name":"wp","href":"https:\/\/api.w.org\/{rel}","templated":true}]}}