{"id":133730,"date":"2024-10-27T19:42:40","date_gmt":"2024-10-27T22:42:40","guid":{"rendered":"https:\/\/www.elsindical.com.ar\/notas\/?p=133730"},"modified":"2024-10-27T19:42:45","modified_gmt":"2024-10-27T22:42:45","slug":"la-asamblea-de-interfacultades-confirmo-la-tercera-marcha-federal-universitaria-en-el-2024","status":"publish","type":"post","link":"https:\/\/www.elsindical.com.ar\/notas\/la-asamblea-de-interfacultades-confirmo-la-tercera-marcha-federal-universitaria-en-el-2024\/","title":{"rendered":"La Asamblea de Interfacultades confirm\u00f3 la tercera Marcha Federal Universitaria en el 2024"},"content":{"rendered":"\n<figure class=\"wp-block-image size-full\"><a href=\"https:\/\/www.elsindical.com.ar\/notas\/var\/www\/html\/notas\/wp-content\/uploads\/2024\/10\/marcha-interfacultades.jpg\"><img loading=\"lazy\" decoding=\"async\" width=\"800\" height=\"450\" src=\"https:\/\/www.elsindical.com.ar\/notas\/var\/www\/html\/notas\/wp-content\/uploads\/2024\/10\/marcha-interfacultades.jpg\" alt=\"\" class=\"wp-image-133731\" srcset=\"https:\/\/www.elsindical.com.ar\/notas\/var\/www\/html\/notas\/wp-content\/uploads\/2024\/10\/marcha-interfacultades.jpg 800w, https:\/\/www.elsindical.com.ar\/notas\/var\/www\/html\/notas\/wp-content\/uploads\/2024\/10\/marcha-interfacultades-300x169.jpg 300w, https:\/\/www.elsindical.com.ar\/notas\/var\/www\/html\/notas\/wp-content\/uploads\/2024\/10\/marcha-interfacultades-768x432.jpg 768w, https:\/\/www.elsindical.com.ar\/notas\/var\/www\/html\/notas\/wp-content\/uploads\/2024\/10\/marcha-interfacultades-500x281.jpg 500w, https:\/\/www.elsindical.com.ar\/notas\/var\/www\/html\/notas\/wp-content\/uploads\/2024\/10\/marcha-interfacultades-460x260.jpg 460w\" sizes=\"auto, (max-width: 800px) 100vw, 800px\" \/><\/a><\/figure>\n\n\n\n<p>Ayer por la tarde en Plaza de Mayo resolvieron convocar a una tercera Marcha Federal Universitaria para el 12 de noviembre. La medida ahora deber\u00e1 ser debatida y aprobada por universidades de todo el pa\u00eds.<\/p>\n\n\n\n<p>Centros de estudiantes y agrupaciones de la Universidad de Buenos Aires (UBA), la Universidad Tecnol\u00f3gica Nacional (UTN) y la Universidad Nacional de las Artes (UNA) realizaron Asamblea Interfacultades este s\u00e1bado en Plaza de Mayo donde <strong>resolvieron convocar a una tercera Marcha Federal Universitaria para el 12 de noviembre.<\/strong><\/p>\n\n\n\n<p>La medida ahora deber\u00e1 ser debatida y aprobada por universidades de todo el pa\u00eds. Adem\u00e1s, tambi\u00e9n se decidieron otras acciones en el marco del plan de lucha contra el veto a la Ley de Financiamiento Universitario que firm\u00f3 el presidente Javier Milei, quien insisti\u00f3 en avanzar con las auditor\u00edas de la Sindicatura General de la Naci\u00f3n (SIGEN).<\/p>\n\n\n\n<p><strong>\u201cLa Asamblea Interfacultades en Plaza de Mayo acaba de votar impulsar un corte de todas las Universidades del AMBA el viernes 1\u00b0 de noviembre en el Obelisco.<\/strong> Tambi\u00e9n se le puso fecha a la Tercera Marcha Federal Educativa para que se discuta en todo el pa\u00eds: 12 de noviembre\u201d, anunci\u00f3 el secretario general del Centro de Estudiantes de la Facultad de Filosof\u00eda y Letras de la UBA (CeFyL), Luca Bonfante, en su cuenta de X (antes Twitter).<\/p>\n\n\n\n<p>Seg\u00fan se decidi\u00f3, la Marcha Federal ser\u00e1 organizada en una reuni\u00f3n que se realizar\u00e1 el martes 5 de noviembre a las 17 en la Facultad de Ciencias Sociales de la UBA. Participar\u00e1n centros de estudiantes y gremios docentes y no docentes de todo el pa\u00eds.<\/p>\n\n\n\n<p>\u201cLa Asamblea Interfacultades en Plaza de Mayo acaba de votar impulsar un corte de todas las Universidades del AMBA el viernes 1\u00b0 de noviembre en el Obelisco. Tambi\u00e9n se le puso fecha a la Tercera Marcha Federal Educativa para que se discuta en todo el pa\u00eds: 12 de noviembre\u201d, anunci\u00f3 el secretario general del Centro de Estudiantes de la Facultad de Filosof\u00eda y Letras de la UBA (CeFyL), Luca Bonfante, en su cuenta de X (antes Twitter).<\/p>\n\n\n\n<p>Seg\u00fan se decidi\u00f3, la Marcha Federal ser\u00e1 organizada en una reuni\u00f3n que se realizar\u00e1 el martes 5 de noviembre a las 17 en la Facultad de Ciencias Sociales de la UBA. Participar\u00e1n centros de estudiantes y gremios docentes y no docentes de todo el pa\u00eds.<\/p>\n","protected":false},"excerpt":{"rendered":"<p>Ayer por la tarde en Plaza de Mayo resolvieron convocar a una tercera Marcha Federal Universitaria para el 12 de noviembre. La medida ahora deber\u00e1 ser debatida y aprobada por universidades de todo el pa\u00eds. Centros de estudiantes y agrupaciones de la Universidad de Buenos Aires (UBA), la Universidad Tecnol\u00f3gica Nacional (UTN) y la Universidad&hellip;<\/p>\n","protected":false},"author":1,"featured_media":133731,"comment_status":"open","ping_status":"open","sticky":false,"template":"","format":"standard","meta":{"footnotes":""},"categories":[25],"tags":[43965,43966,2450,42745,5752,1885,40702],"class_list":["post-133730","post","type-post","status-publish","format-standard","has-post-thumbnail","hentry","category-sociedad","tag-asamblea-interfacultades","tag-cefyl","tag-diario-el-sindical","tag-marcha-federal-universitaria","tag-sigen","tag-uba","tag-x"],"_links":{"self":[{"href":"https:\/\/www.elsindical.com.ar\/notas\/wp-json\/wp\/v2\/posts\/133730","targetHints":{"allow":["GET"]}}],"collection":[{"href":"https:\/\/www.elsindical.com.ar\/notas\/wp-json\/wp\/v2\/posts"}],"about":[{"href":"https:\/\/www.elsindical.com.ar\/notas\/wp-json\/wp\/v2\/types\/post"}],"author":[{"embeddable":true,"href":"https:\/\/www.elsindical.com.ar\/notas\/wp-json\/wp\/v2\/users\/1"}],"replies":[{"embeddable":true,"href":"https:\/\/www.elsindical.com.ar\/notas\/wp-json\/wp\/v2\/comments?post=133730"}],"version-history":[{"count":1,"href":"https:\/\/www.elsindical.com.ar\/notas\/wp-json\/wp\/v2\/posts\/133730\/revisions"}],"predecessor-version":[{"id":133732,"href":"https:\/\/www.elsindical.com.ar\/notas\/wp-json\/wp\/v2\/posts\/133730\/revisions\/133732"}],"wp:featuredmedia":[{"embeddable":true,"href":"https:\/\/www.elsindical.com.ar\/notas\/wp-json\/wp\/v2\/media\/133731"}],"wp:attachment":[{"href":"https:\/\/www.elsindical.com.ar\/notas\/wp-json\/wp\/v2\/media?parent=133730"}],"wp:term":[{"taxonomy":"category","embeddable":true,"href":"https:\/\/www.elsindical.com.ar\/notas\/wp-json\/wp\/v2\/categories?post=133730"},{"taxonomy":"post_tag","embeddable":true,"href":"https:\/\/www.elsindical.com.ar\/notas\/wp-json\/wp\/v2\/tags?post=133730"}],"curies":[{"name":"wp","href":"https:\/\/api.w.org\/{rel}","templated":true}]}}