{"id":133720,"date":"2024-10-27T11:53:52","date_gmt":"2024-10-27T14:53:52","guid":{"rendered":"https:\/\/www.elsindical.com.ar\/notas\/?p=133720"},"modified":"2024-10-27T11:53:59","modified_gmt":"2024-10-27T14:53:59","slug":"herreria-sarmiento-garcas-o-picaros","status":"publish","type":"post","link":"https:\/\/www.elsindical.com.ar\/notas\/herreria-sarmiento-garcas-o-picaros\/","title":{"rendered":"Herrer\u00eda Sarmiento, \u00bfgarcas o p\u00edcaros?"},"content":{"rendered":"\n<figure class=\"wp-block-image size-large\"><a href=\"https:\/\/www.elsindical.com.ar\/notas\/var\/www\/html\/notas\/wp-content\/uploads\/2024\/10\/Herreria-Sarmiento.jpg\"><img loading=\"lazy\" decoding=\"async\" width=\"1024\" height=\"390\" src=\"https:\/\/www.elsindical.com.ar\/notas\/var\/www\/html\/notas\/wp-content\/uploads\/2024\/10\/Herreria-Sarmiento-1024x390.jpg\" alt=\"\" class=\"wp-image-133721\" srcset=\"https:\/\/www.elsindical.com.ar\/notas\/var\/www\/html\/notas\/wp-content\/uploads\/2024\/10\/Herreria-Sarmiento-1024x390.jpg 1024w, https:\/\/www.elsindical.com.ar\/notas\/var\/www\/html\/notas\/wp-content\/uploads\/2024\/10\/Herreria-Sarmiento-300x114.jpg 300w, https:\/\/www.elsindical.com.ar\/notas\/var\/www\/html\/notas\/wp-content\/uploads\/2024\/10\/Herreria-Sarmiento-768x292.jpg 768w, https:\/\/www.elsindical.com.ar\/notas\/var\/www\/html\/notas\/wp-content\/uploads\/2024\/10\/Herreria-Sarmiento-500x190.jpg 500w, https:\/\/www.elsindical.com.ar\/notas\/var\/www\/html\/notas\/wp-content\/uploads\/2024\/10\/Herreria-Sarmiento-1536x584.jpg 1536w, https:\/\/www.elsindical.com.ar\/notas\/var\/www\/html\/notas\/wp-content\/uploads\/2024\/10\/Herreria-Sarmiento.jpg 1656w\" sizes=\"auto, (max-width: 1024px) 100vw, 1024px\" \/><\/a><\/figure>\n\n\n\n<p class=\"wp-block-paragraph\">   Si llegaste a esta nota buscando informaci\u00f3n sobre este taller de herrer\u00eda, hay algunas cosas a tener en cuenta, si los vas a contratar mi consejo es que les pidas un presupuesto por escrito y factura del trabajo realizado para evitar problemas posteriores.<\/p>\n\n\n\n<p class=\"wp-block-paragraph\">Uno suele confiar en la gente que tiene un buen trato, que parece cumplir en cuanto al d\u00eda de trabajo y la rapidez del mismo, pero uno como cliente ignora algunas cuestiones, ejemplo uno desconoce las medidas de los perfiles recomendados seg\u00fan la estructura, uno no est\u00e1 midiendo que la estructura este nivelada y menos observa las soldaduras que realizan.<\/p>\n\n\n\n<p class=\"wp-block-paragraph\">Este tipo de obras hogare\u00f1as no requieren de mayores complicaciones y salvo alguna tormenta fuerte, pueden pasar meses hasta que surjan los problemas y es ah\u00ed donde uno empieza a dudar del trabajo, cuando pasan meses sin que vengan a reparar los da\u00f1os, que taller no sumar\u00eda trabajo e ingresos?.<\/p>\n\n\n\n<p class=\"wp-block-paragraph\">La respuesta vino cuando consultados otros herreros para un presupuesto y descripci\u00f3n de los trabajos a realizar comienzan a mostrar coincidiendo todos que la medida de los ca\u00f1os usados en la estructura no es la correcta, que la estructura se mont\u00f3 sin tomar medidas en cuanto a nivelar, quedando esta poco firme al no estar correctamente montada y obviamente elevando el monto de una reparaci\u00f3n al de tener que realizar una nueva estructura, es decir, arrancar de cero.<\/p>\n\n\n\n<p class=\"wp-block-paragraph\">As\u00ed que antes de contratar que te aclaren las cosas, que te digan por escrito qu\u00e9 materiales van a usar y as\u00ed puedas consultar que est\u00e9 todo bien, porque es obvio que reci\u00e9n los problemas vienen con el tiempo y uno no paga por algo que sea descartable.<\/p>\n\n\n\n<figure class=\"wp-block-image size-full\"><a href=\"https:\/\/www.elsindical.com.ar\/notas\/var\/www\/html\/notas\/wp-content\/uploads\/2024\/10\/Herreria-Sarmiento-1.jpg\"><img loading=\"lazy\" decoding=\"async\" width=\"961\" height=\"768\" src=\"https:\/\/www.elsindical.com.ar\/notas\/var\/www\/html\/notas\/wp-content\/uploads\/2024\/10\/Herreria-Sarmiento-1.jpg\" alt=\"\" class=\"wp-image-133722\" srcset=\"https:\/\/www.elsindical.com.ar\/notas\/var\/www\/html\/notas\/wp-content\/uploads\/2024\/10\/Herreria-Sarmiento-1.jpg 961w, https:\/\/www.elsindical.com.ar\/notas\/var\/www\/html\/notas\/wp-content\/uploads\/2024\/10\/Herreria-Sarmiento-1-300x240.jpg 300w, https:\/\/www.elsindical.com.ar\/notas\/var\/www\/html\/notas\/wp-content\/uploads\/2024\/10\/Herreria-Sarmiento-1-768x614.jpg 768w, https:\/\/www.elsindical.com.ar\/notas\/var\/www\/html\/notas\/wp-content\/uploads\/2024\/10\/Herreria-Sarmiento-1-375x300.jpg 375w\" sizes=\"auto, (max-width: 961px) 100vw, 961px\" \/><\/a><\/figure>\n","protected":false},"excerpt":{"rendered":"<p>Si llegaste a esta nota buscando informaci\u00f3n sobre este taller de herrer\u00eda, hay algunas cosas a tener en cuenta, si los vas a contratar mi consejo es que les pidas un presupuesto por escrito y factura del trabajo realizado para evitar problemas posteriores. Uno suele confiar en la gente que tiene un buen trato, que&hellip;<\/p>\n","protected":false},"author":1,"featured_media":133721,"comment_status":"open","ping_status":"open","sticky":false,"template":"","format":"standard","meta":{"footnotes":""},"categories":[6],"tags":[43962,461,2450,1662,43960,6999,43961,514],"class_list":["post-133720","post","type-post","status-publish","format-standard","has-post-thumbnail","hentry","category-denuncias","tag-11-5632-2010","tag-avellaneda","tag-diario-el-sindical","tag-gerli","tag-herreria-sarmiento","tag-materiales","tag-pte-sarmiento-1930","tag-reclamos"],"_links":{"self":[{"href":"https:\/\/www.elsindical.com.ar\/notas\/wp-json\/wp\/v2\/posts\/133720","targetHints":{"allow":["GET"]}}],"collection":[{"href":"https:\/\/www.elsindical.com.ar\/notas\/wp-json\/wp\/v2\/posts"}],"about":[{"href":"https:\/\/www.elsindical.com.ar\/notas\/wp-json\/wp\/v2\/types\/post"}],"author":[{"embeddable":true,"href":"https:\/\/www.elsindical.com.ar\/notas\/wp-json\/wp\/v2\/users\/1"}],"replies":[{"embeddable":true,"href":"https:\/\/www.elsindical.com.ar\/notas\/wp-json\/wp\/v2\/comments?post=133720"}],"version-history":[{"count":1,"href":"https:\/\/www.elsindical.com.ar\/notas\/wp-json\/wp\/v2\/posts\/133720\/revisions"}],"predecessor-version":[{"id":133723,"href":"https:\/\/www.elsindical.com.ar\/notas\/wp-json\/wp\/v2\/posts\/133720\/revisions\/133723"}],"wp:featuredmedia":[{"embeddable":true,"href":"https:\/\/www.elsindical.com.ar\/notas\/wp-json\/wp\/v2\/media\/133721"}],"wp:attachment":[{"href":"https:\/\/www.elsindical.com.ar\/notas\/wp-json\/wp\/v2\/media?parent=133720"}],"wp:term":[{"taxonomy":"category","embeddable":true,"href":"https:\/\/www.elsindical.com.ar\/notas\/wp-json\/wp\/v2\/categories?post=133720"},{"taxonomy":"post_tag","embeddable":true,"href":"https:\/\/www.elsindical.com.ar\/notas\/wp-json\/wp\/v2\/tags?post=133720"}],"curies":[{"name":"wp","href":"https:\/\/api.w.org\/{rel}","templated":true}]}}