{"id":133716,"date":"2024-10-27T11:15:54","date_gmt":"2024-10-27T14:15:54","guid":{"rendered":"https:\/\/www.elsindical.com.ar\/notas\/?p=133716"},"modified":"2024-10-27T11:15:59","modified_gmt":"2024-10-27T14:15:59","slug":"panama-johanna-perez-se-despediran-de-la-fisiculturista-el-lunes-28-de-octubre","status":"publish","type":"post","link":"https:\/\/www.elsindical.com.ar\/notas\/panama-johanna-perez-se-despediran-de-la-fisiculturista-el-lunes-28-de-octubre\/","title":{"rendered":"Panam\u00e1: Johanna P\u00e9rez: se despedir\u00e1n de la fisiculturista el lunes 28 de octubre"},"content":{"rendered":"\n<figure class=\"wp-block-image size-full\"><a href=\"https:\/\/www.elsindical.com.ar\/notas\/var\/www\/html\/notas\/wp-content\/uploads\/2024\/10\/Johana-Perez.jpg\"><img loading=\"lazy\" decoding=\"async\" width=\"850\" height=\"540\" src=\"https:\/\/www.elsindical.com.ar\/notas\/var\/www\/html\/notas\/wp-content\/uploads\/2024\/10\/Johana-Perez.jpg\" alt=\"\" class=\"wp-image-133717\" srcset=\"https:\/\/www.elsindical.com.ar\/notas\/var\/www\/html\/notas\/wp-content\/uploads\/2024\/10\/Johana-Perez.jpg 850w, https:\/\/www.elsindical.com.ar\/notas\/var\/www\/html\/notas\/wp-content\/uploads\/2024\/10\/Johana-Perez-300x191.jpg 300w, https:\/\/www.elsindical.com.ar\/notas\/var\/www\/html\/notas\/wp-content\/uploads\/2024\/10\/Johana-Perez-768x488.jpg 768w, https:\/\/www.elsindical.com.ar\/notas\/var\/www\/html\/notas\/wp-content\/uploads\/2024\/10\/Johana-Perez-472x300.jpg 472w\" sizes=\"auto, (max-width: 850px) 100vw, 850px\" \/><\/a><\/figure>\n\n\n\n<p class=\"wp-block-paragraph\">Fue una de las primeras mujeres en competir en el fisiculturismo en el a\u00f1o 2015 y su \u00faltima competencia fue en M\u00e9xico, donde domin\u00f3 dos categor\u00edas.<\/p>\n\n\n\n<p class=\"wp-block-paragraph\"><strong>Johanna P\u00e9rez<\/strong>, nutricionista y entrenadora personal, falleci\u00f3 a los 35 a\u00f1os, sin embargo, la causa de la <strong>prematura partida<\/strong> a\u00fan no se ha revelado.<\/p>\n\n\n\n<p class=\"wp-block-paragraph\">A trav\u00e9s del perfil de Instagram, con m\u00e1s de 45,3 mil seguidores, de la <strong>fisiculturista <\/strong>se inform\u00f3 la lamentable noticia y no se entr\u00f3 en detalles relacionados con la muerte.<\/p>\n\n\n\n<p class=\"wp-block-paragraph\">Han pasado 24 horas desde que se public\u00f3 el comunicado y sus seguidores a\u00fan no conciben la idea de que P\u00e9rez ha partido.<\/p>\n\n\n\n<p class=\"wp-block-paragraph\">\u201cNo puedo creer la historia. \u00bfEs en serio?\u201d, \u201cEstoy en <em>shock<\/em> con lo que le\u00ed en su historia\u201d, \u201cNo creo la noticia, d\u00edganme que es mentira\u201d, \u201cDios m\u00edo, alguien que me ayude. \u00bfQu\u00e9 ha pasado con Johanna?\u201d, \u201cNo puedo creerlo Joha, no entiendo nada\u201d y \u201cYo tampoco s\u00e9 qu\u00e9 le ha pasado, le\u00ed el comunicado de la familia y me dej\u00f3 helada\u201d, son algunos de los comentarios que se pueden leer en su \u00faltima publicaci\u00f3n en la red social.<\/p>\n\n\n\n<p class=\"wp-block-paragraph\">Se comunic\u00f3 que el pr\u00f3ximo 28 de octubre, se recordar\u00e1 la vida de P\u00e9rez en una <strong>misa<\/strong>, a las 10:30 a.m., en el <strong>Santuario Nacional del Coraz\u00f3n de Mar\u00eda<\/strong>.<br><br>Se solicit\u00f3 asistir con <strong>ropa de color<\/strong> como s\u00edmbolo de su vibrante <strong>esp\u00edritu<\/strong>.<\/p>\n\n\n\n<p class=\"wp-block-paragraph\"><strong>\u00bfQui\u00e9n es Johanna P\u00e9rez?<\/strong><\/p>\n\n\n\n<p class=\"wp-block-paragraph\">La nutricionista, egresada de la <strong>Universidad Americana<\/strong>, fue una de las primeras mujeres en competir en el fisiculturismo en el a\u00f1o 2015.<\/p>\n\n\n\n<p class=\"wp-block-paragraph\">En 2018, gan\u00f3 en la categor\u00eda de Bikini en el <strong>Mr. Olympia Amateur<\/strong> en Colombia y obtuvo el cuarto puesto en el <strong>NPC Diamond Classic<\/strong> en Miami.<\/p>\n\n\n\n<p class=\"wp-block-paragraph\">Ven\u00eda de competir este a\u00f1o en el <strong>Lion Heart Classic <\/strong>en M\u00e9xico, llev\u00e1ndose el primer lugar en las categor\u00edas \u201c<strong>Wellness Novice<\/strong>\u201d y \u201c<strong>Open Wellness<\/strong>\u201d.<\/p>\n\n\n\n<p class=\"wp-block-paragraph\">En su perfil de Instagram y en canal de <strong>Youtube <\/strong>compart\u00eda consejos para mantenerse <strong>saludable<\/strong>, raz\u00f3n por la que tambi\u00e9n la invitaban a los medios de comunicaci\u00f3n.<\/p>\n\n\n\n<p class=\"wp-block-paragraph\">Por otra parte, P\u00e9rez reci\u00e9n hab\u00eda cumplido <strong>35 a\u00f1os<\/strong>. Public\u00f3 una <strong>sesi\u00f3n de fotograf\u00edas<\/strong> para celebrar la fecha y la acompa\u00f1\u00f3 con la frase \u201cHappy B-Day 35 to me. Oficialmente categor\u00eda master\u201d.<\/p>\n\n\n\n<p class=\"wp-block-paragraph\">\u201cGracias Dios mio por regalarme otro maravilloso y m\u00e1gico a\u00f1o m\u00e1s de vida, que venga colmado de amor, salud, ganas, dinero, felicidad, fuerza y paz. Gracias por permitirme vivir cada d\u00eda haciendo lo que amo, rodeada de seres maravillosos, sumando experiencias incre\u00edbles y cumpliendo de a poco todas mis metas\u201d, se lee en la publicaci\u00f3n.<\/p>\n\n\n\n<figure class=\"wp-block-image size-full\"><a href=\"https:\/\/www.elsindical.com.ar\/notas\/var\/www\/html\/notas\/wp-content\/uploads\/2024\/10\/Johana-Perez-2.jpg\"><img loading=\"lazy\" decoding=\"async\" width=\"935\" height=\"662\" src=\"https:\/\/www.elsindical.com.ar\/notas\/var\/www\/html\/notas\/wp-content\/uploads\/2024\/10\/Johana-Perez-2.jpg\" alt=\"\" class=\"wp-image-133718\" srcset=\"https:\/\/www.elsindical.com.ar\/notas\/var\/www\/html\/notas\/wp-content\/uploads\/2024\/10\/Johana-Perez-2.jpg 935w, https:\/\/www.elsindical.com.ar\/notas\/var\/www\/html\/notas\/wp-content\/uploads\/2024\/10\/Johana-Perez-2-300x212.jpg 300w, https:\/\/www.elsindical.com.ar\/notas\/var\/www\/html\/notas\/wp-content\/uploads\/2024\/10\/Johana-Perez-2-768x544.jpg 768w, https:\/\/www.elsindical.com.ar\/notas\/var\/www\/html\/notas\/wp-content\/uploads\/2024\/10\/Johana-Perez-2-424x300.jpg 424w\" sizes=\"auto, (max-width: 935px) 100vw, 935px\" \/><\/a><\/figure>\n","protected":false},"excerpt":{"rendered":"<p>Fue una de las primeras mujeres en competir en el fisiculturismo en el a\u00f1o 2015 y su \u00faltima competencia fue en M\u00e9xico, donde domin\u00f3 dos categor\u00edas. Johanna P\u00e9rez, nutricionista y entrenadora personal, falleci\u00f3 a los 35 a\u00f1os, sin embargo, la causa de la prematura partida a\u00fan no se ha revelado. A trav\u00e9s del perfil de&hellip;<\/p>\n","protected":false},"author":1,"featured_media":133717,"comment_status":"open","ping_status":"open","sticky":false,"template":"","format":"standard","meta":{"footnotes":""},"categories":[7,18],"tags":[2450,2059,43958,43959,9886],"class_list":["post-133716","post","type-post","status-publish","format-standard","has-post-thumbnail","hentry","category-deportes","category-internacionales","tag-diario-el-sindical","tag-entrenadora","tag-johana-perez","tag-nutricionista","tag-panama"],"_links":{"self":[{"href":"https:\/\/www.elsindical.com.ar\/notas\/wp-json\/wp\/v2\/posts\/133716","targetHints":{"allow":["GET"]}}],"collection":[{"href":"https:\/\/www.elsindical.com.ar\/notas\/wp-json\/wp\/v2\/posts"}],"about":[{"href":"https:\/\/www.elsindical.com.ar\/notas\/wp-json\/wp\/v2\/types\/post"}],"author":[{"embeddable":true,"href":"https:\/\/www.elsindical.com.ar\/notas\/wp-json\/wp\/v2\/users\/1"}],"replies":[{"embeddable":true,"href":"https:\/\/www.elsindical.com.ar\/notas\/wp-json\/wp\/v2\/comments?post=133716"}],"version-history":[{"count":1,"href":"https:\/\/www.elsindical.com.ar\/notas\/wp-json\/wp\/v2\/posts\/133716\/revisions"}],"predecessor-version":[{"id":133719,"href":"https:\/\/www.elsindical.com.ar\/notas\/wp-json\/wp\/v2\/posts\/133716\/revisions\/133719"}],"wp:featuredmedia":[{"embeddable":true,"href":"https:\/\/www.elsindical.com.ar\/notas\/wp-json\/wp\/v2\/media\/133717"}],"wp:attachment":[{"href":"https:\/\/www.elsindical.com.ar\/notas\/wp-json\/wp\/v2\/media?parent=133716"}],"wp:term":[{"taxonomy":"category","embeddable":true,"href":"https:\/\/www.elsindical.com.ar\/notas\/wp-json\/wp\/v2\/categories?post=133716"},{"taxonomy":"post_tag","embeddable":true,"href":"https:\/\/www.elsindical.com.ar\/notas\/wp-json\/wp\/v2\/tags?post=133716"}],"curies":[{"name":"wp","href":"https:\/\/api.w.org\/{rel}","templated":true}]}}