{"id":13369,"date":"2011-04-05T14:38:41","date_gmt":"2011-04-05T17:38:41","guid":{"rendered":"http:\/\/www.elsindical.com.ar\/notas\/?p=13369"},"modified":"2011-04-05T14:38:41","modified_gmt":"2011-04-05T17:38:41","slug":"un-robo-en-el-hospital-pinero-termino-con-un-paro-en-reclamo-de-seguridad","status":"publish","type":"post","link":"https:\/\/www.elsindical.com.ar\/notas\/un-robo-en-el-hospital-pinero-termino-con-un-paro-en-reclamo-de-seguridad\/","title":{"rendered":"Un robo en el Hospital Pi\u00f1ero termin\u00f3 con un paro en reclamo de seguridad"},"content":{"rendered":"<p style=\"text-align: justify;\"><em><a href=\"http:\/\/www.elsindical.com.ar\/notas\/var\/www\/html\/notas\/wp-content\/uploads\/2010\/12\/Hospital-Pi\u00f1ero.jpg\"><img loading=\"lazy\" decoding=\"async\" class=\"alignleft size-medium wp-image-11558\" title=\"Hospital-Pi\u00f1ero\" src=\"http:\/\/www.elsindical.com.ar\/notas\/var\/www\/html\/notas\/wp-content\/uploads\/2010\/12\/Hospital-Pi\u00f1ero-300x192.jpg\" alt=\"\" width=\"300\" height=\"192\" srcset=\"https:\/\/www.elsindical.com.ar\/notas\/var\/www\/html\/notas\/wp-content\/uploads\/2010\/12\/Hospital-Pi\u00f1ero-300x192.jpg 300w, https:\/\/www.elsindical.com.ar\/notas\/var\/www\/html\/notas\/wp-content\/uploads\/2010\/12\/Hospital-Pi\u00f1ero.jpg 325w\" sizes=\"auto, (max-width: 300px) 100vw, 300px\" \/><\/a>Un robo ocurrido esta madrugada en el Hospital Pi\u00f1ero, donde un sujeto armado ingres\u00f3 al nosocomio y asalto al familiar de un paciente, concluy\u00f3 con una medida de fuerza en reclamo de m\u00e1s seguridad.<\/em><\/p>\n<p style=\"text-align: justify;\">M\u00e9dicos, enfermeros y empleados del hospital Pi\u00f1ero anunciaron hoy un paro por 24 horas para reclamar por seguridad.\u00a0<\/p>\n<p style=\"text-align: justify;\">Daniel D\u00edaz, uno de los delegados del hospital, anunci\u00f3 la medida que incluir\u00e1 a los centros de salud dependientes del Pi\u00f1ero.\u00a0<\/p>\n<p style=\"text-align: justify;\">La medida surge luego de que la Polic\u00eda Federal levantara la custodia en edificios p\u00fablicos porte\u00f1os y de un asalto sucedido a las 05:00 hs.\u00a0de la ma\u00f1ana, pocas horas despu\u00e9s de la salida de los efectivos policiales.<\/p>\n<p style=\"text-align: justify;\">Esta madrugada, un hombre armado ingres\u00f3 en el hospital y asalt\u00f3 al familiar de una persona internada. En el Gobierno porte\u00f1o hay indignaci\u00f3n y se prepara una presentaci\u00f3n por la ausencia de custodia.\u00a0<\/p>\n<p style=\"text-align: justify;\">Los centros de salud porte\u00f1os son el 6, 7, 13, 14, 18, 19, 20, 24, 31, 40, m\u00e1s un Centro de d\u00eda de Adicciones, que depende del hospital.<\/p>\n","protected":false},"excerpt":{"rendered":"<p>Un robo ocurrido esta madrugada en el Hospital Pi\u00f1ero, donde un sujeto armado ingres\u00f3 al nosocomio y asalto al familiar de un paciente, concluy\u00f3 con una medida de fuerza en reclamo de m\u00e1s seguridad. M\u00e9dicos, enfermeros y empleados del hospital Pi\u00f1ero anunciaron hoy un paro por 24 horas para reclamar por seguridad.\u00a0 Daniel D\u00edaz, uno&hellip;<\/p>\n","protected":false},"author":1,"featured_media":0,"comment_status":"open","ping_status":"open","sticky":false,"template":"","format":"standard","meta":{"footnotes":""},"categories":[16],"tags":[2029,3316,1641,67,958,116],"class_list":["post-13369","post","type-post","status-publish","format-standard","hentry","category-gremiales","tag-familiar","tag-hospital-pinero","tag-paciente","tag-paro","tag-policia-federal","tag-robo"],"_links":{"self":[{"href":"https:\/\/www.elsindical.com.ar\/notas\/wp-json\/wp\/v2\/posts\/13369","targetHints":{"allow":["GET"]}}],"collection":[{"href":"https:\/\/www.elsindical.com.ar\/notas\/wp-json\/wp\/v2\/posts"}],"about":[{"href":"https:\/\/www.elsindical.com.ar\/notas\/wp-json\/wp\/v2\/types\/post"}],"author":[{"embeddable":true,"href":"https:\/\/www.elsindical.com.ar\/notas\/wp-json\/wp\/v2\/users\/1"}],"replies":[{"embeddable":true,"href":"https:\/\/www.elsindical.com.ar\/notas\/wp-json\/wp\/v2\/comments?post=13369"}],"version-history":[{"count":1,"href":"https:\/\/www.elsindical.com.ar\/notas\/wp-json\/wp\/v2\/posts\/13369\/revisions"}],"predecessor-version":[{"id":13370,"href":"https:\/\/www.elsindical.com.ar\/notas\/wp-json\/wp\/v2\/posts\/13369\/revisions\/13370"}],"wp:attachment":[{"href":"https:\/\/www.elsindical.com.ar\/notas\/wp-json\/wp\/v2\/media?parent=13369"}],"wp:term":[{"taxonomy":"category","embeddable":true,"href":"https:\/\/www.elsindical.com.ar\/notas\/wp-json\/wp\/v2\/categories?post=13369"},{"taxonomy":"post_tag","embeddable":true,"href":"https:\/\/www.elsindical.com.ar\/notas\/wp-json\/wp\/v2\/tags?post=13369"}],"curies":[{"name":"wp","href":"https:\/\/api.w.org\/{rel}","templated":true}]}}