{"id":133669,"date":"2024-10-24T12:26:18","date_gmt":"2024-10-24T15:26:18","guid":{"rendered":"https:\/\/www.elsindical.com.ar\/notas\/?p=133669"},"modified":"2024-10-24T12:26:24","modified_gmt":"2024-10-24T15:26:24","slug":"en-defensa-de-la-universidad-publica-celebracion-en-el-departamento-de-folklore-10-anos-de-la-una","status":"publish","type":"post","link":"https:\/\/www.elsindical.com.ar\/notas\/en-defensa-de-la-universidad-publica-celebracion-en-el-departamento-de-folklore-10-anos-de-la-una\/","title":{"rendered":"En defensa de la Universidad P\u00fablica, celebraci\u00f3n en el departamento de folklore 10 a\u00f1os de la UNA"},"content":{"rendered":"\n<figure class=\"wp-block-image size-large\"><a href=\"https:\/\/www.elsindical.com.ar\/notas\/var\/www\/html\/notas\/wp-content\/uploads\/2024\/10\/UNA-Folklore-Congreso-de-la-Nacion-1.jpeg\"><img loading=\"lazy\" decoding=\"async\" width=\"1024\" height=\"576\" src=\"https:\/\/www.elsindical.com.ar\/notas\/var\/www\/html\/notas\/wp-content\/uploads\/2024\/10\/UNA-Folklore-Congreso-de-la-Nacion-1-1024x576.jpeg\" alt=\"\" class=\"wp-image-133670\" srcset=\"https:\/\/www.elsindical.com.ar\/notas\/var\/www\/html\/notas\/wp-content\/uploads\/2024\/10\/UNA-Folklore-Congreso-de-la-Nacion-1-1024x576.jpeg 1024w, https:\/\/www.elsindical.com.ar\/notas\/var\/www\/html\/notas\/wp-content\/uploads\/2024\/10\/UNA-Folklore-Congreso-de-la-Nacion-1-300x169.jpeg 300w, https:\/\/www.elsindical.com.ar\/notas\/var\/www\/html\/notas\/wp-content\/uploads\/2024\/10\/UNA-Folklore-Congreso-de-la-Nacion-1-768x432.jpeg 768w, https:\/\/www.elsindical.com.ar\/notas\/var\/www\/html\/notas\/wp-content\/uploads\/2024\/10\/UNA-Folklore-Congreso-de-la-Nacion-1-500x281.jpeg 500w, https:\/\/www.elsindical.com.ar\/notas\/var\/www\/html\/notas\/wp-content\/uploads\/2024\/10\/UNA-Folklore-Congreso-de-la-Nacion-1-460x260.jpeg 460w, https:\/\/www.elsindical.com.ar\/notas\/var\/www\/html\/notas\/wp-content\/uploads\/2024\/10\/UNA-Folklore-Congreso-de-la-Nacion-1.jpeg 1080w\" sizes=\"auto, (max-width: 1024px) 100vw, 1024px\" \/><\/a><\/figure>\n\n\n\n<p class=\"wp-block-paragraph\">El viernes de 25 octubre la Universidad Nacional de las Artes con motivo de los 10 a\u00f1os como<br>Universidad y los 5 a\u00f1os de la Departamentalizaci\u00f3n de Folklore se llevar\u00e1 a cabo una pe\u00f1a. El<br>encuentro se realizar\u00e1 a 18.30 h en S\u00e1nchez de Loria 443, CABA.<\/p>\n\n\n\n<p class=\"wp-block-paragraph\">A pesar del veto presidencial a la Ley de Financiamiento Universitario y la desinformaci\u00f3n constante<br>acerca del funcionamiento de las Universidades, el viernes 25 de octubre a partir de 18.30 h, la UNA<br>celebrar\u00e1 por partida doble, sus 10 a\u00f1os como entidad universitaria y 5 a\u00f1os desde que el \u00e1rea de<br>Folklore obtiene el rango de Departamento.<\/p>\n\n\n\n<p class=\"wp-block-paragraph\">En la velada estar\u00e1n presentes la Rectora Sandra Torlucci y el Decano del Departamento de Folklore<br>V\u00edctor Giusto junto con todas las autoridades de las diversas \u00e1reas de la UNA. Acompa\u00f1ar\u00e1n<br>personalidades destacadas de las artes y las culturas, docentes de la casa y figuras de la pol\u00edtica en<br>apoyo a la lucha universitaria.<\/p>\n\n\n\n<p class=\"wp-block-paragraph\">Se realizar\u00e1 una pe\u00f1a en el patio de la Unidad Acad\u00e9mica en la que actuar\u00e1n y estar\u00e1n presentes<br>estudiantes, docentes y Nodocentes. Se contar\u00e1 tambi\u00e9n con la presencia de los elencos<br>institucionales de la UNA, el Ballet Folkl\u00f3rico &#8211; direcci\u00f3n general de Rub\u00e9n Suares y direcci\u00f3n art\u00edstica<br>de Candelaria Torres y Mat\u00edas Rodogno &#8211; , la Compa\u00f1\u00eda de Tango &#8211; direcci\u00f3n general de Rub\u00e9n<br>Suares, direcci\u00f3n coreogr\u00e1fica de Ignacio Gonz\u00e1lez Cano y Nicol\u00e1s Schell, la Orquesta Popular \u2013<br>direcci\u00f3n de Mart\u00edn Castro y Mat\u00edas Reynoso y el Ensamble de M\u00fasica Popular Argentina y<br>Latinoamericana a cargo de An\u00edbal Gl\u00fczmann, del Departamento de Artes Musicales y Sonoras.<\/p>\n\n\n\n<p class=\"wp-block-paragraph\">Una breve historia\u2026<\/p>\n\n\n\n<p class=\"wp-block-paragraph\">En 1996 siete instituciones terciarias y superiores, el Conservatorio Nacional Superior de M\u00fasica<br>\u201cCarlos L\u00f3pez Buchardo\u201d, la Escuela Nacional de Bellas Artes \u201cPrilidiano Pueyrred\u00f3n\u201d, la Escuela<br>Superior de Bellas Artes de la Naci\u00f3n \u201cErnesto de la C\u00e1rcova\u201d, el Instituto Nacional Superior de<br>Cer\u00e1mica, la Escuela Nacional de Arte Dram\u00e1tico \u201cAntonio Cunill Cabanellas\u201d, el Instituto Nacional<br>Superior de Danzas y el Instituto Nacional Superior de Folklore se unieron para formar \u201cInstituto<br>Universitario Nacional del Arte\u201d, m\u00e1s conocido como IUNA. Luego de dieciocho a\u00f1os, durante el 2014<br>el Congreso Nacional reconoci\u00f3 a la instituci\u00f3n como \u201cUniversidad Nacional de las Artes\u201d debido a su<br>gran crecimiento y mayor profesionalizaci\u00f3n.<\/p>\n\n\n\n<p class=\"wp-block-paragraph\">En cuanto al Departamento de Folklore, la unidad acad\u00e9mica tiene un largo camino recorrido desde<br>1948, con la creaci\u00f3n de la Escuela Nacional de Danzas, pasando por diversas trasformaciones hasta<br>integrarse en el IUNA. Posteriormente el 24 de octubre de 2019 obtiene el rango institucional de<br>\u201cDepartamento de Folklore\u201d, gracias a su gran desarrollo en todos los \u00e1mbitos de la vida art\u00edstica<br>acad\u00e9mica.<\/p>\n\n\n\n<p class=\"wp-block-paragraph\">FOLKLORE<br>UNIVERSIDAD NACIONAL DE LAS ARTES<br>S\u00e1nchez de Loria 443<br>Buenos Aires, Argentina<br>(+54.11) 4866.1675<br>folklore.una.edu.ar<\/p>\n\n\n\n<p class=\"wp-block-paragraph\">Las universidades p\u00fablicas argentinas son la oportunidad para que muchxs ciudadanxs puedan<br>ascender socioecon\u00f3micamente. El desfinanciamiento pone en peligro no tan s\u00f3lo esa posibilidad,<br>sino que frena la inmensa elaboraci\u00f3n de conocimientos y producciones art\u00edsticas y cient\u00edficas.<br>Se invita a toda la comunidad a defender Universidad P\u00fablica, no arancelada y de calidad para todxs.<br>\u00a1S\u00ed al presupuesto para las Universidades P\u00fablicas!<br>Redes del Departamento de Folklore:<br>WEBSITE: folklore.una.edu.ar<br>INSTAGRAM: folklore.una<br>YOUTUBE: Folklore<br>UNA SPOTIFY: Folklore<br>UNA FACEBOOK: Folklore UNA<\/p>\n\n\n\n<figure class=\"wp-block-gallery has-nested-images columns-default is-cropped wp-block-gallery-1 is-layout-flex wp-block-gallery-is-layout-flex\">\n<figure class=\"wp-block-image size-large\"><a href=\"https:\/\/www.elsindical.com.ar\/notas\/var\/www\/html\/notas\/wp-content\/uploads\/2024\/10\/UNA-Folklore-Congreso-de-la-Nacion-3.jpeg\"><img loading=\"lazy\" decoding=\"async\" width=\"1024\" height=\"576\" data-id=\"133671\" src=\"https:\/\/www.elsindical.com.ar\/notas\/var\/www\/html\/notas\/wp-content\/uploads\/2024\/10\/UNA-Folklore-Congreso-de-la-Nacion-3-1024x576.jpeg\" alt=\"\" class=\"wp-image-133671\" srcset=\"https:\/\/www.elsindical.com.ar\/notas\/var\/www\/html\/notas\/wp-content\/uploads\/2024\/10\/UNA-Folklore-Congreso-de-la-Nacion-3-1024x576.jpeg 1024w, https:\/\/www.elsindical.com.ar\/notas\/var\/www\/html\/notas\/wp-content\/uploads\/2024\/10\/UNA-Folklore-Congreso-de-la-Nacion-3-300x169.jpeg 300w, https:\/\/www.elsindical.com.ar\/notas\/var\/www\/html\/notas\/wp-content\/uploads\/2024\/10\/UNA-Folklore-Congreso-de-la-Nacion-3-768x432.jpeg 768w, https:\/\/www.elsindical.com.ar\/notas\/var\/www\/html\/notas\/wp-content\/uploads\/2024\/10\/UNA-Folklore-Congreso-de-la-Nacion-3-500x281.jpeg 500w, https:\/\/www.elsindical.com.ar\/notas\/var\/www\/html\/notas\/wp-content\/uploads\/2024\/10\/UNA-Folklore-Congreso-de-la-Nacion-3-460x260.jpeg 460w, https:\/\/www.elsindical.com.ar\/notas\/var\/www\/html\/notas\/wp-content\/uploads\/2024\/10\/UNA-Folklore-Congreso-de-la-Nacion-3.jpeg 1080w\" sizes=\"auto, (max-width: 1024px) 100vw, 1024px\" \/><\/a><\/figure>\n\n\n\n<figure class=\"wp-block-image size-large\"><a href=\"https:\/\/www.elsindical.com.ar\/notas\/var\/www\/html\/notas\/wp-content\/uploads\/2024\/10\/UNA-Folklore-Congreso-de-la-Nacion-2.jpeg\"><img loading=\"lazy\" decoding=\"async\" width=\"1024\" height=\"576\" data-id=\"133672\" src=\"https:\/\/www.elsindical.com.ar\/notas\/var\/www\/html\/notas\/wp-content\/uploads\/2024\/10\/UNA-Folklore-Congreso-de-la-Nacion-2-1024x576.jpeg\" alt=\"\" class=\"wp-image-133672\" srcset=\"https:\/\/www.elsindical.com.ar\/notas\/var\/www\/html\/notas\/wp-content\/uploads\/2024\/10\/UNA-Folklore-Congreso-de-la-Nacion-2-1024x576.jpeg 1024w, https:\/\/www.elsindical.com.ar\/notas\/var\/www\/html\/notas\/wp-content\/uploads\/2024\/10\/UNA-Folklore-Congreso-de-la-Nacion-2-300x169.jpeg 300w, https:\/\/www.elsindical.com.ar\/notas\/var\/www\/html\/notas\/wp-content\/uploads\/2024\/10\/UNA-Folklore-Congreso-de-la-Nacion-2-768x432.jpeg 768w, https:\/\/www.elsindical.com.ar\/notas\/var\/www\/html\/notas\/wp-content\/uploads\/2024\/10\/UNA-Folklore-Congreso-de-la-Nacion-2-500x281.jpeg 500w, https:\/\/www.elsindical.com.ar\/notas\/var\/www\/html\/notas\/wp-content\/uploads\/2024\/10\/UNA-Folklore-Congreso-de-la-Nacion-2-460x260.jpeg 460w, https:\/\/www.elsindical.com.ar\/notas\/var\/www\/html\/notas\/wp-content\/uploads\/2024\/10\/UNA-Folklore-Congreso-de-la-Nacion-2.jpeg 1080w\" sizes=\"auto, (max-width: 1024px) 100vw, 1024px\" \/><\/a><\/figure>\n<\/figure>\n\n\n\n<p class=\"wp-block-paragraph\"><br><\/p>\n","protected":false},"excerpt":{"rendered":"<p>El viernes de 25 octubre la Universidad Nacional de las Artes con motivo de los 10 a\u00f1os comoUniversidad y los 5 a\u00f1os de la Departamentalizaci\u00f3n de Folklore se llevar\u00e1 a cabo una pe\u00f1a. Elencuentro se realizar\u00e1 a 18.30 h en S\u00e1nchez de Loria 443, CABA. A pesar del veto presidencial a la Ley de Financiamiento&hellip;<\/p>\n","protected":false},"author":1,"featured_media":133670,"comment_status":"open","ping_status":"open","sticky":false,"template":"","format":"standard","meta":{"footnotes":""},"categories":[5],"tags":[2450,43940,23034,36245,43941],"class_list":["post-133669","post","type-post","status-publish","format-standard","has-post-thumbnail","hentry","category-cultura","tag-diario-el-sindical","tag-sandra-torlucci","tag-una","tag-una-folklore","tag-victor-giusto"],"_links":{"self":[{"href":"https:\/\/www.elsindical.com.ar\/notas\/wp-json\/wp\/v2\/posts\/133669","targetHints":{"allow":["GET"]}}],"collection":[{"href":"https:\/\/www.elsindical.com.ar\/notas\/wp-json\/wp\/v2\/posts"}],"about":[{"href":"https:\/\/www.elsindical.com.ar\/notas\/wp-json\/wp\/v2\/types\/post"}],"author":[{"embeddable":true,"href":"https:\/\/www.elsindical.com.ar\/notas\/wp-json\/wp\/v2\/users\/1"}],"replies":[{"embeddable":true,"href":"https:\/\/www.elsindical.com.ar\/notas\/wp-json\/wp\/v2\/comments?post=133669"}],"version-history":[{"count":1,"href":"https:\/\/www.elsindical.com.ar\/notas\/wp-json\/wp\/v2\/posts\/133669\/revisions"}],"predecessor-version":[{"id":133673,"href":"https:\/\/www.elsindical.com.ar\/notas\/wp-json\/wp\/v2\/posts\/133669\/revisions\/133673"}],"wp:featuredmedia":[{"embeddable":true,"href":"https:\/\/www.elsindical.com.ar\/notas\/wp-json\/wp\/v2\/media\/133670"}],"wp:attachment":[{"href":"https:\/\/www.elsindical.com.ar\/notas\/wp-json\/wp\/v2\/media?parent=133669"}],"wp:term":[{"taxonomy":"category","embeddable":true,"href":"https:\/\/www.elsindical.com.ar\/notas\/wp-json\/wp\/v2\/categories?post=133669"},{"taxonomy":"post_tag","embeddable":true,"href":"https:\/\/www.elsindical.com.ar\/notas\/wp-json\/wp\/v2\/tags?post=133669"}],"curies":[{"name":"wp","href":"https:\/\/api.w.org\/{rel}","templated":true}]}}