{"id":133653,"date":"2024-10-23T13:23:52","date_gmt":"2024-10-23T16:23:52","guid":{"rendered":"https:\/\/www.elsindical.com.ar\/notas\/?p=133653"},"modified":"2024-10-23T13:23:59","modified_gmt":"2024-10-23T16:23:59","slug":"alerta-y-movilizacion-por-despidos-en-el-senado","status":"publish","type":"post","link":"https:\/\/www.elsindical.com.ar\/notas\/alerta-y-movilizacion-por-despidos-en-el-senado\/","title":{"rendered":"Alerta y movilizaci\u00f3n por despidos en el Senado"},"content":{"rendered":"<div class=\"wp-block-image\">\n<figure class=\"aligncenter size-full\"><a href=\"https:\/\/www.elsindical.com.ar\/notas\/var\/www\/html\/notas\/wp-content\/uploads\/2024\/10\/Victoria-Villaruel-senado-2024.jpg\"><img loading=\"lazy\" decoding=\"async\" width=\"750\" height=\"422\" src=\"https:\/\/www.elsindical.com.ar\/notas\/var\/www\/html\/notas\/wp-content\/uploads\/2024\/10\/Victoria-Villaruel-senado-2024.jpg\" alt=\"\" class=\"wp-image-133654\" srcset=\"https:\/\/www.elsindical.com.ar\/notas\/var\/www\/html\/notas\/wp-content\/uploads\/2024\/10\/Victoria-Villaruel-senado-2024.jpg 750w, https:\/\/www.elsindical.com.ar\/notas\/var\/www\/html\/notas\/wp-content\/uploads\/2024\/10\/Victoria-Villaruel-senado-2024-300x169.jpg 300w, https:\/\/www.elsindical.com.ar\/notas\/var\/www\/html\/notas\/wp-content\/uploads\/2024\/10\/Victoria-Villaruel-senado-2024-500x281.jpg 500w, https:\/\/www.elsindical.com.ar\/notas\/var\/www\/html\/notas\/wp-content\/uploads\/2024\/10\/Victoria-Villaruel-senado-2024-460x260.jpg 460w\" sizes=\"auto, (max-width: 750px) 100vw, 750px\" \/><\/a><\/figure>\n<\/div>\n\n\n<p class=\"wp-block-paragraph\">El personal legislativo expuso que la vicepresidenta \u00abinvent\u00f3 dict\u00e1menes jur\u00eddicos maliciosos cuyo \u00fanico objetivo es atacar las fuentes de trabajo de las empleadas y empleados del Senado de la Naci\u00f3n\u00bb.<\/p>\n\n\n\n<p class=\"wp-block-paragraph\">Este martes 22 de octubre, <strong>la Asociaci\u00f3n de Personal Legislativo (APL) declar\u00f3 el estado de alerta y movilizaci\u00f3n en el Senado<\/strong>, en repudio a los decretos 44\/24 y 45\/24.<\/p>\n\n\n\n<p class=\"wp-block-paragraph\">Para los perjudicados, dichas normativas \u00abest\u00e1n viciadas de nulidad absoluta\u00bb, porque \u00abatacan las fuentes de trabajo y violan el Estatuto y Escalaf\u00f3n\u00bb.<\/p>\n\n\n\n<p class=\"wp-block-paragraph\">El decreto 44\/2024, con fecha 18 de octubre, <strong>deja sin efecto las designaciones en planta permanente <\/strong>dispuestas en la resoluci\u00f3n del Senado 847\/23 y da de baja a los agentes all\u00ed detallados, como as\u00ed tambi\u00e9n autoriza a la Direcci\u00f3n General de Asuntos Jur\u00eddicos para iniciar las acciones de exclusi\u00f3n de la tutela sindical que pudieren corresponder. Por ese decreto se registran 38 despidos, en tanto que el 45\/2024 dicta otra veintena de cesant\u00edas.<\/p>\n\n\n\n<p class=\"wp-block-paragraph\"><strong>APL asegura que Victoria Villarruel \u00abno cumpli\u00f3 con su palabra\u00bb, puesto que, cuando asumi\u00f3, dijo que \u00abse iba a respetar a la gente que trabaja\u00bb. <\/strong>El personal legislativo expuso que la vicepresidenta \u00abinvent\u00f3 dict\u00e1menes jur\u00eddicos maliciosos cuyo \u00fanico objetivo es atacar las fuentes de trabajo de las empleadas y empleados del Senado de la Naci\u00f3n\u00bb.<\/p>\n\n\n\n<p class=\"wp-block-paragraph\">El comunicado, suscripto por&nbsp;<strong>Norberto Di Pr\u00f3spero, Fabi\u00e1n Zaccardi&nbsp;<\/strong>y&nbsp;<strong>Felipe Sanz,&nbsp;<\/strong>secretarios general, adjunto y gremial, respectivamente, advierte que \u201cno vamos a permitir, bajo ning\u00fan punto de vista, arbitrariedades, persecuciones totalmente fuera de todo an\u00e1lisis objetivo, que demuestran un gran desconocimiento de gesti\u00f3n y desprecio hacia las trabajadoras y trabajadores del Senado de la Naci\u00f3n\u201d.<\/p>\n\n\n\n<p class=\"wp-block-paragraph\">Por su parte,<strong> UPCN Congreso solicit\u00f3 a las autoridades del Senado abrir una instancia de negociaci\u00f3n<\/strong>, una mesa de di\u00e1logo entre las autoridades y los sindicatos para acercar posiciones respecto a los decretos recientemente publicados.<\/p>\n","protected":false},"excerpt":{"rendered":"<p>El personal legislativo expuso que la vicepresidenta \u00abinvent\u00f3 dict\u00e1menes jur\u00eddicos maliciosos cuyo \u00fanico objetivo es atacar las fuentes de trabajo de las empleadas y empleados del Senado de la Naci\u00f3n\u00bb. Este martes 22 de octubre, la Asociaci\u00f3n de Personal Legislativo (APL) declar\u00f3 el estado de alerta y movilizaci\u00f3n en el Senado, en repudio a los&hellip;<\/p>\n","protected":false},"author":1,"featured_media":133654,"comment_status":"open","ping_status":"open","sticky":false,"template":"","format":"standard","meta":{"footnotes":""},"categories":[16],"tags":[53,2450,43933,43934,3025,21252,564,3581,40812],"class_list":["post-133653","post","type-post","status-publish","format-standard","has-post-thumbnail","hentry","category-gremiales","tag-despidos","tag-diario-el-sindical","tag-fabian-zaccardi","tag-felipe-sanz","tag-medidas-de-fuerza","tag-norberto-di-prospero","tag-senado","tag-upcn","tag-victoria-villaruel"],"_links":{"self":[{"href":"https:\/\/www.elsindical.com.ar\/notas\/wp-json\/wp\/v2\/posts\/133653","targetHints":{"allow":["GET"]}}],"collection":[{"href":"https:\/\/www.elsindical.com.ar\/notas\/wp-json\/wp\/v2\/posts"}],"about":[{"href":"https:\/\/www.elsindical.com.ar\/notas\/wp-json\/wp\/v2\/types\/post"}],"author":[{"embeddable":true,"href":"https:\/\/www.elsindical.com.ar\/notas\/wp-json\/wp\/v2\/users\/1"}],"replies":[{"embeddable":true,"href":"https:\/\/www.elsindical.com.ar\/notas\/wp-json\/wp\/v2\/comments?post=133653"}],"version-history":[{"count":1,"href":"https:\/\/www.elsindical.com.ar\/notas\/wp-json\/wp\/v2\/posts\/133653\/revisions"}],"predecessor-version":[{"id":133655,"href":"https:\/\/www.elsindical.com.ar\/notas\/wp-json\/wp\/v2\/posts\/133653\/revisions\/133655"}],"wp:featuredmedia":[{"embeddable":true,"href":"https:\/\/www.elsindical.com.ar\/notas\/wp-json\/wp\/v2\/media\/133654"}],"wp:attachment":[{"href":"https:\/\/www.elsindical.com.ar\/notas\/wp-json\/wp\/v2\/media?parent=133653"}],"wp:term":[{"taxonomy":"category","embeddable":true,"href":"https:\/\/www.elsindical.com.ar\/notas\/wp-json\/wp\/v2\/categories?post=133653"},{"taxonomy":"post_tag","embeddable":true,"href":"https:\/\/www.elsindical.com.ar\/notas\/wp-json\/wp\/v2\/tags?post=133653"}],"curies":[{"name":"wp","href":"https:\/\/api.w.org\/{rel}","templated":true}]}}