{"id":133627,"date":"2024-10-22T00:45:47","date_gmt":"2024-10-22T03:45:47","guid":{"rendered":"https:\/\/www.elsindical.com.ar\/notas\/?p=133627"},"modified":"2024-10-22T00:45:54","modified_gmt":"2024-10-22T03:45:54","slug":"gremio-de-la-afip-decidira-las-medidas-de-fuerza-que-realizara-tras-la-disolucion-que-anuncio-el-gobierno","status":"publish","type":"post","link":"https:\/\/www.elsindical.com.ar\/notas\/gremio-de-la-afip-decidira-las-medidas-de-fuerza-que-realizara-tras-la-disolucion-que-anuncio-el-gobierno\/","title":{"rendered":"Gremio de la AFIP decidir\u00e1 las medidas de fuerza que realizar\u00e1 tras la disoluci\u00f3n que anunci\u00f3 el Gobierno"},"content":{"rendered":"<div class=\"wp-block-image\">\n<figure class=\"aligncenter size-full is-resized\"><a href=\"https:\/\/www.elsindical.com.ar\/notas\/var\/www\/html\/notas\/wp-content\/uploads\/2024\/10\/Pablo-Flores-sec-gral-AEFIP.png\"><img loading=\"lazy\" decoding=\"async\" width=\"726\" height=\"455\" src=\"https:\/\/www.elsindical.com.ar\/notas\/var\/www\/html\/notas\/wp-content\/uploads\/2024\/10\/Pablo-Flores-sec-gral-AEFIP.png\" alt=\"\" class=\"wp-image-133628\" style=\"width:768px;height:auto\" srcset=\"https:\/\/www.elsindical.com.ar\/notas\/var\/www\/html\/notas\/wp-content\/uploads\/2024\/10\/Pablo-Flores-sec-gral-AEFIP.png 726w, https:\/\/www.elsindical.com.ar\/notas\/var\/www\/html\/notas\/wp-content\/uploads\/2024\/10\/Pablo-Flores-sec-gral-AEFIP-300x188.png 300w, https:\/\/www.elsindical.com.ar\/notas\/var\/www\/html\/notas\/wp-content\/uploads\/2024\/10\/Pablo-Flores-sec-gral-AEFIP-479x300.png 479w\" sizes=\"auto, (max-width: 726px) 100vw, 726px\" \/><\/a><\/figure>\n<\/div>\n\n\n<p class=\"wp-block-paragraph\">El sindicato AEFIP, que representa a empleados de la AFIP, definir\u00e1 en las pr\u00f3ximas horas medidas de fuerza en rechazo a la disoluci\u00f3n del organismo que anunci\u00f3 el Gobierno nacional.<\/p>\n\n\n\n<p class=\"wp-block-paragraph\">\u00abNo hay margen para evitar un plan de lucha\u00bb, ecpres\u00f3 Pablo Flores, titular de AEFIP, en declaraciones period\u00edsticas.<\/p>\n\n\n\n<p class=\"wp-block-paragraph\">Y a\u00f1adi\u00f3: \u00abVamos a sacar el estado de alerta general, vamos a hacer movilizaciones y haremos m\u00e1s medidas en cuanto conozcamos los detalles. Lo m\u00e1s preocupante son los 3.100 puestos de trabajo de compa\u00f1eros\u00bb.<\/p>\n\n\n\n<p class=\"wp-block-paragraph\">\u00abSi ellos eval\u00faan que hay mucha gente en el Estado, la verdad es que en todas las \u00e1reas hay reclamos de falta de personal\u00bb, manifest\u00f3 Flores.<\/p>\n\n\n\n<p class=\"wp-block-paragraph\">El vocero presidencial Manuel Adorni indic\u00f3 que en lugar de la AFIP, se crear\u00e1 la Agencia de Recaudaci\u00f3n y Control Aduanero (ARCA), un organismo con menos costos y burocracia, seg\u00fan indic\u00f3.<\/p>\n\n\n\n<p class=\"wp-block-paragraph\">La medida implicar\u00e1 una reducci\u00f3n del 45% en las autoridades superiores y un 31% en los niveles inferiores, lo que supone una eliminaci\u00f3n del 34% de la estructura actual y un ahorro estimado de 6.400 millones de pesos al a\u00f1o.<\/p>\n","protected":false},"excerpt":{"rendered":"<p>El sindicato AEFIP, que representa a empleados de la AFIP, definir\u00e1 en las pr\u00f3ximas horas medidas de fuerza en rechazo a la disoluci\u00f3n del organismo que anunci\u00f3 el Gobierno nacional. \u00abNo hay margen para evitar un plan de lucha\u00bb, ecpres\u00f3 Pablo Flores, titular de AEFIP, en declaraciones period\u00edsticas. Y a\u00f1adi\u00f3: \u00abVamos a sacar el estado&hellip;<\/p>\n","protected":false},"author":1,"featured_media":133628,"comment_status":"open","ping_status":"open","sticky":false,"template":"","format":"standard","meta":{"footnotes":""},"categories":[16],"tags":[22529,69,53,2450,761,873,3025,7433],"class_list":["post-133627","post","type-post","status-publish","format-standard","has-post-thumbnail","hentry","category-gremiales","tag-aefip","tag-afip","tag-despidos","tag-diario-el-sindical","tag-gobierno-nacional","tag-gremio","tag-medidas-de-fuerza","tag-pablo-flores"],"_links":{"self":[{"href":"https:\/\/www.elsindical.com.ar\/notas\/wp-json\/wp\/v2\/posts\/133627","targetHints":{"allow":["GET"]}}],"collection":[{"href":"https:\/\/www.elsindical.com.ar\/notas\/wp-json\/wp\/v2\/posts"}],"about":[{"href":"https:\/\/www.elsindical.com.ar\/notas\/wp-json\/wp\/v2\/types\/post"}],"author":[{"embeddable":true,"href":"https:\/\/www.elsindical.com.ar\/notas\/wp-json\/wp\/v2\/users\/1"}],"replies":[{"embeddable":true,"href":"https:\/\/www.elsindical.com.ar\/notas\/wp-json\/wp\/v2\/comments?post=133627"}],"version-history":[{"count":1,"href":"https:\/\/www.elsindical.com.ar\/notas\/wp-json\/wp\/v2\/posts\/133627\/revisions"}],"predecessor-version":[{"id":133629,"href":"https:\/\/www.elsindical.com.ar\/notas\/wp-json\/wp\/v2\/posts\/133627\/revisions\/133629"}],"wp:featuredmedia":[{"embeddable":true,"href":"https:\/\/www.elsindical.com.ar\/notas\/wp-json\/wp\/v2\/media\/133628"}],"wp:attachment":[{"href":"https:\/\/www.elsindical.com.ar\/notas\/wp-json\/wp\/v2\/media?parent=133627"}],"wp:term":[{"taxonomy":"category","embeddable":true,"href":"https:\/\/www.elsindical.com.ar\/notas\/wp-json\/wp\/v2\/categories?post=133627"},{"taxonomy":"post_tag","embeddable":true,"href":"https:\/\/www.elsindical.com.ar\/notas\/wp-json\/wp\/v2\/tags?post=133627"}],"curies":[{"name":"wp","href":"https:\/\/api.w.org\/{rel}","templated":true}]}}