{"id":133618,"date":"2024-10-21T19:19:37","date_gmt":"2024-10-21T22:19:37","guid":{"rendered":"https:\/\/www.elsindical.com.ar\/notas\/?p=133618"},"modified":"2024-10-21T20:04:20","modified_gmt":"2024-10-21T23:04:20","slug":"avellaneda-marchan-en-memoria-de-lola-y-reclaman-justicia","status":"publish","type":"post","link":"https:\/\/www.elsindical.com.ar\/notas\/avellaneda-marchan-en-memoria-de-lola-y-reclaman-justicia\/","title":{"rendered":"Avellaneda: Marchan en memoria de Lola y reclaman justicia"},"content":{"rendered":"<div class=\"wp-block-image\">\n<figure class=\"aligncenter size-full\"><a href=\"https:\/\/www.elsindical.com.ar\/notas\/var\/www\/html\/notas\/wp-content\/uploads\/2024\/10\/justicia-por-Lola.jpg\"><img loading=\"lazy\" decoding=\"async\" width=\"569\" height=\"569\" src=\"https:\/\/www.elsindical.com.ar\/notas\/var\/www\/html\/notas\/wp-content\/uploads\/2024\/10\/justicia-por-Lola.jpg\" alt=\"\" class=\"wp-image-133619\" srcset=\"https:\/\/www.elsindical.com.ar\/notas\/var\/www\/html\/notas\/wp-content\/uploads\/2024\/10\/justicia-por-Lola.jpg 569w, https:\/\/www.elsindical.com.ar\/notas\/var\/www\/html\/notas\/wp-content\/uploads\/2024\/10\/justicia-por-Lola-300x300.jpg 300w, https:\/\/www.elsindical.com.ar\/notas\/var\/www\/html\/notas\/wp-content\/uploads\/2024\/10\/justicia-por-Lola-150x150.jpg 150w, https:\/\/www.elsindical.com.ar\/notas\/var\/www\/html\/notas\/wp-content\/uploads\/2024\/10\/justicia-por-Lola-50x50.jpg 50w\" sizes=\"auto, (max-width: 569px) 100vw, 569px\" \/><\/a><\/figure>\n<\/div>\n\n\n<p>Amigos, no olviden que ma\u00f1ana, a las 19 hs, nos reuniremos para recordar y honrar la memoria de Lola en el 4to aniversario de su asesinato.<\/p>\n\n\n\n<p>Lugar: <strong>Mural de la Torre 5<\/strong><\/p>\n\n\n\n<p>Hora:<strong> 19 hs<\/strong><\/p>\n\n\n\n<p>Fecha: <strong>22\/10\/2024<\/strong><\/p>\n\n\n\n<p>Veni <a><\/a>con una vela y unite a nosotros en esta marcha pac\u00edfica para pedir justicia y recordar a Lola.<\/p>\n\n\n\n<p>COMPARTI ESTE POSTEO CON TUS AMIGOS Y FAMILIARES<\/p>\n\n\n\n<p>Queremos que todos est\u00e9n presentes para mostrar nuestro apoyo y solidaridad a sus pap\u00e1s que est\u00e1n viviendo el momento m\u00e1s duro de sus vidas.<\/p>\n\n\n\n<p>Los esperamos.<\/p>\n\n\n\n<p><a href=\"https:\/\/www.facebook.com\/hashtag\/justiciaporlola?__eep__=6&amp;__cft__[0]=AZVsTlpt_Dm9h-HsmoucAIWvTA-77ro-iblV_1mw6OxIyVp_htqX0NaW88I993V1jMGpoIyNkJrxyvV5FrWYwpnIw0Qwr2QunLi9PdqCC6zAnCTdLtX2dY4Wao_Jsm5jJNYq7FyGv2UhpiMlou4cynKWCogTpwIbq5kD5e6QcBLDftmd9c6Pi9fms72q-kW7tl8&amp;__tn__=*NK-R\">#JusticiaPorLola<\/a><\/p>\n\n\n\n<figure class=\"wp-block-embed is-type-video is-provider-youtube wp-block-embed-youtube wp-embed-aspect-16-9 wp-has-aspect-ratio\"><div class=\"wp-block-embed__wrapper\">\n<iframe loading=\"lazy\" title=\"Justicia por Lola Jazm\u00edn Montero 22 octubre 2024\" width=\"700\" height=\"394\" src=\"https:\/\/www.youtube.com\/embed\/hoY47hKQM4M?feature=oembed\" frameborder=\"0\" allow=\"accelerometer; autoplay; clipboard-write; encrypted-media; gyroscope; picture-in-picture; web-share\" referrerpolicy=\"strict-origin-when-cross-origin\" allowfullscreen><\/iframe>\n<\/div><\/figure>\n","protected":false},"excerpt":{"rendered":"<p>Amigos, no olviden que ma\u00f1ana, a las 19 hs, nos reuniremos para recordar y honrar la memoria de Lola en el 4to aniversario de su asesinato. Lugar: Mural de la Torre 5 Hora: 19 hs Fecha: 22\/10\/2024 Veni con una vela y unite a nosotros en esta marcha pac\u00edfica para pedir justicia y recordar a&hellip;<\/p>\n","protected":false},"author":1,"featured_media":133619,"comment_status":"open","ping_status":"open","sticky":false,"template":"","format":"standard","meta":{"footnotes":""},"categories":[25],"tags":[461,2450,3028,984,43921,33693],"class_list":["post-133618","post","type-post","status-publish","format-standard","has-post-thumbnail","hentry","category-sociedad","tag-avellaneda","tag-diario-el-sindical","tag-dock-sud","tag-inseguridad","tag-justicia-por-lola","tag-torres-de-dock-sud"],"_links":{"self":[{"href":"https:\/\/www.elsindical.com.ar\/notas\/wp-json\/wp\/v2\/posts\/133618","targetHints":{"allow":["GET"]}}],"collection":[{"href":"https:\/\/www.elsindical.com.ar\/notas\/wp-json\/wp\/v2\/posts"}],"about":[{"href":"https:\/\/www.elsindical.com.ar\/notas\/wp-json\/wp\/v2\/types\/post"}],"author":[{"embeddable":true,"href":"https:\/\/www.elsindical.com.ar\/notas\/wp-json\/wp\/v2\/users\/1"}],"replies":[{"embeddable":true,"href":"https:\/\/www.elsindical.com.ar\/notas\/wp-json\/wp\/v2\/comments?post=133618"}],"version-history":[{"count":2,"href":"https:\/\/www.elsindical.com.ar\/notas\/wp-json\/wp\/v2\/posts\/133618\/revisions"}],"predecessor-version":[{"id":133621,"href":"https:\/\/www.elsindical.com.ar\/notas\/wp-json\/wp\/v2\/posts\/133618\/revisions\/133621"}],"wp:featuredmedia":[{"embeddable":true,"href":"https:\/\/www.elsindical.com.ar\/notas\/wp-json\/wp\/v2\/media\/133619"}],"wp:attachment":[{"href":"https:\/\/www.elsindical.com.ar\/notas\/wp-json\/wp\/v2\/media?parent=133618"}],"wp:term":[{"taxonomy":"category","embeddable":true,"href":"https:\/\/www.elsindical.com.ar\/notas\/wp-json\/wp\/v2\/categories?post=133618"},{"taxonomy":"post_tag","embeddable":true,"href":"https:\/\/www.elsindical.com.ar\/notas\/wp-json\/wp\/v2\/tags?post=133618"}],"curies":[{"name":"wp","href":"https:\/\/api.w.org\/{rel}","templated":true}]}}