{"id":133563,"date":"2024-10-18T19:41:26","date_gmt":"2024-10-18T22:41:26","guid":{"rendered":"https:\/\/www.elsindical.com.ar\/notas\/?p=133563"},"modified":"2024-10-18T19:59:18","modified_gmt":"2024-10-18T22:59:18","slug":"nuevo-escandalo-vincula-al-gobierno-nacional-con-un-violento-libertario-provocando-y-agrediendo-en-protesta-de-jubilados","status":"publish","type":"post","link":"https:\/\/www.elsindical.com.ar\/notas\/nuevo-escandalo-vincula-al-gobierno-nacional-con-un-violento-libertario-provocando-y-agrediendo-en-protesta-de-jubilados\/","title":{"rendered":"Nuevo esc\u00e1ndalo vincula al gobierno nacional con un violento \u00ablibertario\u00bb provocando y agrediendo en protesta de jubilados"},"content":{"rendered":"<div class=\"wp-block-image\">\n<figure class=\"aligncenter size-full is-resized\"><a href=\"https:\/\/www.elsindical.com.ar\/notas\/var\/www\/html\/notas\/wp-content\/uploads\/2024\/10\/Alejandro-Alvear-agresion-a-jubilados.jpg\"><img loading=\"lazy\" decoding=\"async\" width=\"507\" height=\"831\" src=\"https:\/\/www.elsindical.com.ar\/notas\/var\/www\/html\/notas\/wp-content\/uploads\/2024\/10\/Alejandro-Alvear-agresion-a-jubilados.jpg\" alt=\"\" class=\"wp-image-133564\" style=\"width:421px;height:auto\" srcset=\"https:\/\/www.elsindical.com.ar\/notas\/var\/www\/html\/notas\/wp-content\/uploads\/2024\/10\/Alejandro-Alvear-agresion-a-jubilados.jpg 507w, https:\/\/www.elsindical.com.ar\/notas\/var\/www\/html\/notas\/wp-content\/uploads\/2024\/10\/Alejandro-Alvear-agresion-a-jubilados-183x300.jpg 183w\" sizes=\"auto, (max-width: 507px) 100vw, 507px\" \/><\/a><\/figure>\n<\/div>\n\n\n<p class=\"wp-block-paragraph\">   Un nuevo incidente en una protesta, deja la sospecha de que desde el gobierno nacional, han \u00abcontratado\u00bb mano de obra barata para que act\u00faen como \u00abservicios\u00bb infiltrando protestas sociales, donde participan de provocaciones y agresiones.<\/p>\n\n\n\n<p class=\"wp-block-paragraph\">Al sujeto que se film\u00f3 y fotografi\u00f3 corriendo junto al troll Fran Fijap arrojando gas pimienta a los fot\u00f3grafos y que obligado por las escenas debi\u00f3 salir a aclarar que \u00e9l est\u00e1 desempleado y que va a las marchas de forma voluntaria a apoyar a las fuerzas de seguridad, una curiosa y rid\u00edcula explicaci\u00f3n, este impresentable dijo ser <strong>Iv\u00e1n Mat\u00edas Cheang<\/strong>, identidad que no ha sido acreditada por ninguna fuerza, mucho menos por <strong>Patricia Bullrich<\/strong> a quien este personaje le enviaba mensajes pidi\u00e9ndole ingresas en alguna fuerza de seguridad o en la SIDE.<\/p>\n\n\n<div class=\"wp-block-image\">\n<figure class=\"aligncenter size-full is-resized\"><a href=\"https:\/\/www.elsindical.com.ar\/notas\/var\/www\/html\/notas\/wp-content\/uploads\/2024\/10\/Ivan-Matias-Cheang.jpg\"><img loading=\"lazy\" decoding=\"async\" width=\"603\" height=\"407\" src=\"https:\/\/www.elsindical.com.ar\/notas\/var\/www\/html\/notas\/wp-content\/uploads\/2024\/10\/Ivan-Matias-Cheang.jpg\" alt=\"\" class=\"wp-image-133565\" style=\"width:755px;height:auto\" srcset=\"https:\/\/www.elsindical.com.ar\/notas\/var\/www\/html\/notas\/wp-content\/uploads\/2024\/10\/Ivan-Matias-Cheang.jpg 603w, https:\/\/www.elsindical.com.ar\/notas\/var\/www\/html\/notas\/wp-content\/uploads\/2024\/10\/Ivan-Matias-Cheang-300x202.jpg 300w, https:\/\/www.elsindical.com.ar\/notas\/var\/www\/html\/notas\/wp-content\/uploads\/2024\/10\/Ivan-Matias-Cheang-444x300.jpg 444w\" sizes=\"auto, (max-width: 603px) 100vw, 603px\" \/><\/a><\/figure>\n<\/div>\n\n\n<p class=\"wp-block-paragraph\">Ahora en una nuevo caso de impunidad para provocar y agredir se ve a un joven tambi\u00e9n vestido con prendas oscuras, mochila y lentes oscuros, musculoso insultar, provocar y agredir a un grupo de jubilados que protestaba frente a la sede del <strong>PAMI<\/strong> por los recortes en medicamentos.<\/p>\n\n\n\n<p class=\"wp-block-paragraph\">Se ve en las im\u00e1genes como el violento es auxiliado por efectivos de la Polic\u00eda de la Ciudad quienes curiosamente no lo identifican, cuando es habitual que la polic\u00eda ante la duda agreda a los j\u00f3venes que suelen acompa\u00f1ar las protestas, el sujeto cuando vio que era filmado intento victimizarse y justificar sus acciones diciendo que los jubilados mienten contra el presidente Javier Milei y que \u00e9l se indign\u00f3 porque es libertario, para decir afinando la voz que fue agredido por solo decirles mentirosos.<\/p>\n\n\n\n<p class=\"wp-block-paragraph\">Horas m\u00e1s tarde se pudo identificar al sujeto como Alejandro Alvear, un escort masculino, que ofrece servicios sexuales, es decir, ejerce la prostituci\u00f3n. Si bien en uno de los sitios aclara que su atenci\u00f3n es solo a mujeres o parejas, sus 5 minutos de fama hicieron que foros donde se eval\u00faan el desempe\u00f1o de taxiboys, comentaran que por el precio justo, varios hombres disfrutaron de poseer el cuerpo del \u00abcolo\u00bb, parece que el ajuste y la tan mentada flexibilizaci\u00f3n laboral le llego al acompa\u00f1ante libertario y se abri\u00f3 a nuevos servicios, no solo la calle est\u00e1 dura.<\/p>\n\n\n\n<figure class=\"wp-block-image size-large\"><a href=\"https:\/\/www.elsindical.com.ar\/notas\/var\/www\/html\/notas\/wp-content\/uploads\/2024\/10\/Alejandro-Alvear.jpg\"><img loading=\"lazy\" decoding=\"async\" width=\"1024\" height=\"487\" src=\"https:\/\/www.elsindical.com.ar\/notas\/var\/www\/html\/notas\/wp-content\/uploads\/2024\/10\/Alejandro-Alvear-1024x487.jpg\" alt=\"\" class=\"wp-image-133566\" srcset=\"https:\/\/www.elsindical.com.ar\/notas\/var\/www\/html\/notas\/wp-content\/uploads\/2024\/10\/Alejandro-Alvear-1024x487.jpg 1024w, https:\/\/www.elsindical.com.ar\/notas\/var\/www\/html\/notas\/wp-content\/uploads\/2024\/10\/Alejandro-Alvear-300x143.jpg 300w, https:\/\/www.elsindical.com.ar\/notas\/var\/www\/html\/notas\/wp-content\/uploads\/2024\/10\/Alejandro-Alvear-768x365.jpg 768w, https:\/\/www.elsindical.com.ar\/notas\/var\/www\/html\/notas\/wp-content\/uploads\/2024\/10\/Alejandro-Alvear-500x238.jpg 500w, https:\/\/www.elsindical.com.ar\/notas\/var\/www\/html\/notas\/wp-content\/uploads\/2024\/10\/Alejandro-Alvear.jpg 1188w\" sizes=\"auto, (max-width: 1024px) 100vw, 1024px\" \/><\/a><\/figure>\n\n\n\n<figure class=\"wp-block-image size-large\"><a href=\"https:\/\/www.elsindical.com.ar\/notas\/var\/www\/html\/notas\/wp-content\/uploads\/2024\/10\/Alejandro-Alvear-2.jpg\"><img loading=\"lazy\" decoding=\"async\" width=\"1024\" height=\"376\" src=\"https:\/\/www.elsindical.com.ar\/notas\/var\/www\/html\/notas\/wp-content\/uploads\/2024\/10\/Alejandro-Alvear-2-1024x376.jpg\" alt=\"\" class=\"wp-image-133567\" srcset=\"https:\/\/www.elsindical.com.ar\/notas\/var\/www\/html\/notas\/wp-content\/uploads\/2024\/10\/Alejandro-Alvear-2-1024x376.jpg 1024w, https:\/\/www.elsindical.com.ar\/notas\/var\/www\/html\/notas\/wp-content\/uploads\/2024\/10\/Alejandro-Alvear-2-300x110.jpg 300w, https:\/\/www.elsindical.com.ar\/notas\/var\/www\/html\/notas\/wp-content\/uploads\/2024\/10\/Alejandro-Alvear-2-768x282.jpg 768w, https:\/\/www.elsindical.com.ar\/notas\/var\/www\/html\/notas\/wp-content\/uploads\/2024\/10\/Alejandro-Alvear-2-500x184.jpg 500w, https:\/\/www.elsindical.com.ar\/notas\/var\/www\/html\/notas\/wp-content\/uploads\/2024\/10\/Alejandro-Alvear-2.jpg 1204w\" sizes=\"auto, (max-width: 1024px) 100vw, 1024px\" \/><\/a><\/figure>\n\n\n\n<p class=\"wp-block-paragraph\">Lindo rejunte de servicios tiene el gobierno para accionar contra los reclamos, juntan a los trolls con matones violentos y resentidos.<\/p>\n\n\n\n<figure class=\"wp-block-embed is-type-video is-provider-youtube wp-block-embed-youtube wp-embed-aspect-16-9 wp-has-aspect-ratio\"><div class=\"wp-block-embed__wrapper\">\n<iframe loading=\"lazy\" title=\"Denuncian que otro servicio del gobierno agredi\u00f3 a jubilados\" width=\"700\" height=\"394\" src=\"https:\/\/www.youtube.com\/embed\/1H5SQPI6gSI?feature=oembed\" frameborder=\"0\" allow=\"accelerometer; autoplay; clipboard-write; encrypted-media; gyroscope; picture-in-picture; web-share\" referrerpolicy=\"strict-origin-when-cross-origin\" allowfullscreen><\/iframe>\n<\/div><\/figure>\n","protected":false},"excerpt":{"rendered":"<p>Un nuevo incidente en una protesta, deja la sospecha de que desde el gobierno nacional, han \u00abcontratado\u00bb mano de obra barata para que act\u00faen como \u00abservicios\u00bb infiltrando protestas sociales, donde participan de provocaciones y agresiones. Al sujeto que se film\u00f3 y fotografi\u00f3 corriendo junto al troll Fran Fijap arrojando gas pimienta a los fot\u00f3grafos y&hellip;<\/p>\n","protected":false},"author":1,"featured_media":133564,"comment_status":"open","ping_status":"open","sticky":false,"template":"","format":"standard","meta":{"footnotes":""},"categories":[6],"tags":[1117,43897,2450,43898,761,43896,28812,40628,1241,491,8490,407],"class_list":["post-133563","post","type-post","status-publish","format-standard","has-post-thumbnail","hentry","category-denuncias","tag-agresiones","tag-alejandro-alvear","tag-diario-el-sindical","tag-escort","tag-gobierno-nacional","tag-ivan-matias-cheang","tag-javier-milei","tag-lla","tag-patricia-bullrich","tag-prostitucion","tag-servicios","tag-side"],"_links":{"self":[{"href":"https:\/\/www.elsindical.com.ar\/notas\/wp-json\/wp\/v2\/posts\/133563","targetHints":{"allow":["GET"]}}],"collection":[{"href":"https:\/\/www.elsindical.com.ar\/notas\/wp-json\/wp\/v2\/posts"}],"about":[{"href":"https:\/\/www.elsindical.com.ar\/notas\/wp-json\/wp\/v2\/types\/post"}],"author":[{"embeddable":true,"href":"https:\/\/www.elsindical.com.ar\/notas\/wp-json\/wp\/v2\/users\/1"}],"replies":[{"embeddable":true,"href":"https:\/\/www.elsindical.com.ar\/notas\/wp-json\/wp\/v2\/comments?post=133563"}],"version-history":[{"count":2,"href":"https:\/\/www.elsindical.com.ar\/notas\/wp-json\/wp\/v2\/posts\/133563\/revisions"}],"predecessor-version":[{"id":133569,"href":"https:\/\/www.elsindical.com.ar\/notas\/wp-json\/wp\/v2\/posts\/133563\/revisions\/133569"}],"wp:featuredmedia":[{"embeddable":true,"href":"https:\/\/www.elsindical.com.ar\/notas\/wp-json\/wp\/v2\/media\/133564"}],"wp:attachment":[{"href":"https:\/\/www.elsindical.com.ar\/notas\/wp-json\/wp\/v2\/media?parent=133563"}],"wp:term":[{"taxonomy":"category","embeddable":true,"href":"https:\/\/www.elsindical.com.ar\/notas\/wp-json\/wp\/v2\/categories?post=133563"},{"taxonomy":"post_tag","embeddable":true,"href":"https:\/\/www.elsindical.com.ar\/notas\/wp-json\/wp\/v2\/tags?post=133563"}],"curies":[{"name":"wp","href":"https:\/\/api.w.org\/{rel}","templated":true}]}}