{"id":133557,"date":"2024-10-18T14:07:54","date_gmt":"2024-10-18T17:07:54","guid":{"rendered":"https:\/\/www.elsindical.com.ar\/notas\/?p=133557"},"modified":"2024-10-18T14:08:01","modified_gmt":"2024-10-18T17:08:01","slug":"florencio-varela-escandalo-en-la-libertad-avanza-denuncias-agresiones-y-perimetral","status":"publish","type":"post","link":"https:\/\/www.elsindical.com.ar\/notas\/florencio-varela-escandalo-en-la-libertad-avanza-denuncias-agresiones-y-perimetral\/","title":{"rendered":"Florencio Varela: Esc\u00e1ndalo en La Libertad Avanza, denuncias, agresiones y perimetral"},"content":{"rendered":"\n<figure class=\"wp-block-image size-large\"><a href=\"https:\/\/www.elsindical.com.ar\/notas\/var\/www\/html\/notas\/wp-content\/uploads\/2024\/10\/HCD-Florencio-Varela.jpg\"><img loading=\"lazy\" decoding=\"async\" width=\"1024\" height=\"682\" src=\"https:\/\/www.elsindical.com.ar\/notas\/var\/www\/html\/notas\/wp-content\/uploads\/2024\/10\/HCD-Florencio-Varela-1024x682.jpg\" alt=\"\" class=\"wp-image-133558\" srcset=\"https:\/\/www.elsindical.com.ar\/notas\/var\/www\/html\/notas\/wp-content\/uploads\/2024\/10\/HCD-Florencio-Varela-1024x682.jpg 1024w, https:\/\/www.elsindical.com.ar\/notas\/var\/www\/html\/notas\/wp-content\/uploads\/2024\/10\/HCD-Florencio-Varela-300x200.jpg 300w, https:\/\/www.elsindical.com.ar\/notas\/var\/www\/html\/notas\/wp-content\/uploads\/2024\/10\/HCD-Florencio-Varela-768x512.jpg 768w, https:\/\/www.elsindical.com.ar\/notas\/var\/www\/html\/notas\/wp-content\/uploads\/2024\/10\/HCD-Florencio-Varela-450x300.jpg 450w, https:\/\/www.elsindical.com.ar\/notas\/var\/www\/html\/notas\/wp-content\/uploads\/2024\/10\/HCD-Florencio-Varela.jpg 1280w\" sizes=\"auto, (max-width: 1024px) 100vw, 1024px\" \/><\/a><\/figure>\n\n\n\n<p class=\"wp-block-paragraph\">   En Florencio Varela, un nuevo esc\u00e1ndalo sacudi\u00f3 el ambiente del Concejo Deliberante. Diego Vallejos, presidente del bloque La Libertad Avanza (LLA), decidi\u00f3 denunciar a la ex candidata a concejal Raquel \u00c1lvarez tras un violento episodio que tuvo lugar en su oficina.<\/p>\n\n\n\n<p class=\"wp-block-paragraph\">El presidente del bloque de<a href=\"https:\/\/diputadosbsas.com.ar\/tag\/la-libertad-avanza-bonaerense\/\"> <\/a><strong>La Libertad Avanza<\/strong> (<strong>LLA<\/strong>)<a href=\"https:\/\/lalibertadavanza.com.ar\/\" target=\"_blank\" rel=\"noreferrer noopener\"> <\/a>en el<strong>\u00a0Honorable Concejo Deliberante (HCD) de Florencio Varela<\/strong>,\u00a0<strong>Diego Vallejos<\/strong>, present\u00f3 una denuncia penal y un pedido de perimetral en la <strong>Comisar\u00eda 3\u00aa \u00a0<\/strong>de<strong> \u201c<\/strong>El Cruce\u201d contra la <strong>excandidata libertaria<\/strong>, <strong>Raquel \u00c1lvarez<\/strong>, luego de que lo increpara con gritos y empujones al finalizar una sesi\u00f3n ordinaria.<\/p>\n\n\n\n<figure class=\"wp-block-image size-large\"><a href=\"https:\/\/www.elsindical.com.ar\/notas\/var\/www\/html\/notas\/wp-content\/uploads\/2024\/10\/Diego-Vallejos-LLA.jpeg\"><img loading=\"lazy\" decoding=\"async\" width=\"1024\" height=\"1024\" src=\"https:\/\/www.elsindical.com.ar\/notas\/var\/www\/html\/notas\/wp-content\/uploads\/2024\/10\/Diego-Vallejos-LLA-1024x1024.jpeg\" alt=\"\" class=\"wp-image-133559\" srcset=\"https:\/\/www.elsindical.com.ar\/notas\/var\/www\/html\/notas\/wp-content\/uploads\/2024\/10\/Diego-Vallejos-LLA-1024x1024.jpeg 1024w, https:\/\/www.elsindical.com.ar\/notas\/var\/www\/html\/notas\/wp-content\/uploads\/2024\/10\/Diego-Vallejos-LLA-300x300.jpeg 300w, https:\/\/www.elsindical.com.ar\/notas\/var\/www\/html\/notas\/wp-content\/uploads\/2024\/10\/Diego-Vallejos-LLA-150x150.jpeg 150w, https:\/\/www.elsindical.com.ar\/notas\/var\/www\/html\/notas\/wp-content\/uploads\/2024\/10\/Diego-Vallejos-LLA-768x768.jpeg 768w, https:\/\/www.elsindical.com.ar\/notas\/var\/www\/html\/notas\/wp-content\/uploads\/2024\/10\/Diego-Vallejos-LLA-50x50.jpeg 50w, https:\/\/www.elsindical.com.ar\/notas\/var\/www\/html\/notas\/wp-content\/uploads\/2024\/10\/Diego-Vallejos-LLA.jpeg 1080w\" sizes=\"auto, (max-width: 1024px) 100vw, 1024px\" \/><\/a><\/figure>\n\n\n\n<p class=\"wp-block-paragraph\">Este jueves 17 de octubre, durante una de las habituales sesiones del <strong>Concejo<\/strong>, <strong>\u00c1lvarez<\/strong> se present\u00f3 en el recinto legislativo donde grit\u00f3 e insult\u00f3 a los ediles presentes, hecho que registr\u00f3 en video y subi\u00f3 a sus redes sociales donde se autodenomin\u00f3 \u201cla \u00fanica liberal libertaria en Florencio Varela\u201d y asegurando ser parte de <strong>La Libertad Avanza<\/strong> y seguidora del <strong>presidente<\/strong> <strong>Javier Milei<\/strong>.<\/p>\n\n\n\n<p class=\"wp-block-paragraph\">Sin embargo, el conflicto escal\u00f3 cuando, al finalizar la sesi\u00f3n, la militante libertaria fue invitada a una oficina del <strong>HCD<\/strong> junto a los concejales <strong>Vallejos<\/strong> y <strong>Ezequiel Taborda<\/strong>, de <strong>LLA<\/strong>, y <strong>Mario Kanashiro<\/strong> y <strong>Marcela Ochs<\/strong>, de <strong>Juntos por el Cambio<\/strong> (<strong>JxC<\/strong>), en un intento por calmarla. Sin embargo, la mujer se volc\u00f3 en agresiones f\u00edsicas e improperios, particularmente con el jefe de la bancada libertaria quien finalmente decidi\u00f3 abandonar el lugar.<\/p>\n\n\n\n<p class=\"wp-block-paragraph\">Luego del incidente,&nbsp;<strong>Vallejos<\/strong>&nbsp;decidi\u00f3 radicar una denuncia en la<strong> Comisar\u00eda N\u00b03 de El Cruce <\/strong>y solicit\u00f3 adem\u00e1s una restricci\u00f3n perimetral, alegando que la mujer lo hostiga desde hace tiempo, tanto en persona como en redes sociales. A ra\u00edz de este episodio, los <strong>concejales de<\/strong> <strong>LLA<\/strong> solicitaron al <strong>presidente del cuerpo<\/strong>, el peronista <strong>Gustavo Rearte<\/strong>, que tome medidas para restringir el acceso de <strong>\u00c1lvarez<\/strong> al recinto en futuras sesiones.<\/p>\n\n\n\n<figure class=\"wp-block-image size-full\"><a href=\"https:\/\/www.elsindical.com.ar\/notas\/var\/www\/html\/notas\/wp-content\/uploads\/2024\/10\/Raquel-Alvarez-LLA-Varela.jpg\"><img loading=\"lazy\" decoding=\"async\" width=\"862\" height=\"646\" src=\"https:\/\/www.elsindical.com.ar\/notas\/var\/www\/html\/notas\/wp-content\/uploads\/2024\/10\/Raquel-Alvarez-LLA-Varela.jpg\" alt=\"\" class=\"wp-image-133560\" srcset=\"https:\/\/www.elsindical.com.ar\/notas\/var\/www\/html\/notas\/wp-content\/uploads\/2024\/10\/Raquel-Alvarez-LLA-Varela.jpg 862w, https:\/\/www.elsindical.com.ar\/notas\/var\/www\/html\/notas\/wp-content\/uploads\/2024\/10\/Raquel-Alvarez-LLA-Varela-300x225.jpg 300w, https:\/\/www.elsindical.com.ar\/notas\/var\/www\/html\/notas\/wp-content\/uploads\/2024\/10\/Raquel-Alvarez-LLA-Varela-768x576.jpg 768w, https:\/\/www.elsindical.com.ar\/notas\/var\/www\/html\/notas\/wp-content\/uploads\/2024\/10\/Raquel-Alvarez-LLA-Varela-400x300.jpg 400w\" sizes=\"auto, (max-width: 862px) 100vw, 862px\" \/><\/a><\/figure>\n\n\n\n<p class=\"wp-block-paragraph\">Vale mencionar que, este no es un episodio aislado para <strong>\u00c1lvarez<\/strong>, quien ya tiene un historial de violencia tanto dentro como fuera de la fuerza pol\u00edtica que representa. De hecho, seg\u00fan fuentes libertarias fue oficialmente expulsada de <strong>LLA<\/strong> por sus comportamientos nocivos, a pesar de que p\u00fablicamente manifieste lo contrario.<\/p>\n\n\n\n<h2 class=\"wp-block-heading\">Florencio Varela: que hay detr\u00e1s del episodio de violencia<\/h2>\n\n\n\n<p class=\"wp-block-paragraph\">La excandidata denunciada, <strong>Raquel \u00c1lvarez<\/strong> ingres\u00f3 a la lista de <strong>La Libertad Avanza<\/strong> (<strong>LLA<\/strong>) el a\u00f1o pasado por su pertenencia al <strong>Partido Celeste<\/strong>, conocido por su marcada oposici\u00f3n a la <strong>interrupci\u00f3n voluntaria del embarazo<\/strong> (<strong>IVE<\/strong>). Sin embargo, desde el principio mantuvo una actitud confrontativa, incluso hacia sus excompa\u00f1eros de espacio pol\u00edtico que viene alertando desde hace tiempo sobre los \u201cdesbordes\u201d de la mujer.<\/p>\n\n\n\n<p class=\"wp-block-paragraph\">En la elecci\u00f3n del a\u00f1o pasado, en la que el <strong>intendente peronista<\/strong>&nbsp;<strong>Andr\u00e9s Watson<\/strong>&nbsp;obtuvo la reelecci\u00f3n con el 56,57% de los votos, <strong>LLA<\/strong> sorprendi\u00f3 al sacar el 24,6% consiguiendo tres bancas para la representaci\u00f3n libertaria en el <strong>Concejo <\/strong>y estuvo a punto de ara\u00f1ar una m\u00e1s en el recuento de votos definitivo, que le correspond\u00eda a <strong>\u00c1lvarez <\/strong>y, que por el sistema&nbsp;d\u2019hont&nbsp;m\u00e1s el cociente, qued\u00f3 finalmente para <strong>Juntos por el Cambio<\/strong> (<strong>JxC<\/strong>).<\/p>\n\n\n\n<p class=\"wp-block-paragraph\">Seg\u00fan fuentes del <strong>Honorable Concejo Deliberante<\/strong> (<strong>HCD<\/strong>), desde el inicio del a\u00f1o legislativo en marzo, la excandidata libertaria asiste regularmente a las sesiones para increpar a concejales, tanto de su propio espacio como de <strong>JxC<\/strong>, provocando enfrentamientos verbales y anunciando que no hay una oposici\u00f3n verdadera contra el peronismo local.<\/p>\n\n\n\n<p class=\"wp-block-paragraph\">De hecho, en varias de las sesiones en las que se aperson\u00f3, debi\u00f3 ser llamada al orden por el titular del <strong>Concejo Deliberante<\/strong> y miembro del oficialista <strong>Uni\u00f3n por la Patria <\/strong>(<strong>UP<\/strong>),<strong> Gustavo Rearte<\/strong>.<\/p>\n\n\n\n<p class=\"wp-block-paragraph\">Un antecedente curioso al respecto del raid de violencia que ejerce <strong>\u00c1lvarez<\/strong> de manera sistem\u00e1tica sobre los ediles varelenses ocurri\u00f3 durante el mes de agosto, cuando la \u201c<strong>seguidora de Milei\u201d<\/strong> grab\u00f3 un video para sus redes sociales donde denunci\u00f3 el estado de los colectivos de la l\u00ednea 148.<\/p>\n\n\n\n<p class=\"wp-block-paragraph\">En aquella grabaci\u00f3n, la <strong>militante de LLA<\/strong> aclar\u00f3 que es la t\u00eda de<strong>&nbsp;Sebasti\u00e1n Mieres<\/strong>, el joven de 20 a\u00f1os que cay\u00f3 y muri\u00f3 arrollado por un colectivo de la L\u00ednea 512 el pasado 2 de agosto. \u201cAyer los concejales no aprobaron el proyecto de licitaci\u00f3n para licitar la empresa y que se venda y que tengamos un transporte mejor\u201d, denunci\u00f3 \u00c1lvarez en su publicaci\u00f3n.<\/p>\n\n\n\n<h2 class=\"wp-block-heading\">Otros esc\u00e1ndalos del concejal Diego Vallejos<\/h2>\n\n\n\n<p class=\"wp-block-paragraph\">   En el mes de julio del corriente a\u00f1o, el concejal volvi\u00f3 a estar en los medios por un esc\u00e1ndalo que lo pon\u00eda como impulsor de la designaci\u00f3n de su hija Leila Vallejos de tan solo 22 a\u00f1os, sin experiencia laboral alguna y sin los conocimientos m\u00ednimos para el cargo fue designada como nueva Directora de la UDAI de la ciudad de Berisso.<\/p>\n\n\n\n<figure class=\"wp-block-image size-full\"><a href=\"https:\/\/www.elsindical.com.ar\/notas\/var\/www\/html\/notas\/wp-content\/uploads\/2024\/10\/Leila-Vallejos-y-su-padre-con-el-senador-Curestis.jpg\"><img loading=\"lazy\" decoding=\"async\" width=\"862\" height=\"513\" src=\"https:\/\/www.elsindical.com.ar\/notas\/var\/www\/html\/notas\/wp-content\/uploads\/2024\/10\/Leila-Vallejos-y-su-padre-con-el-senador-Curestis.jpg\" alt=\"\" class=\"wp-image-133561\" srcset=\"https:\/\/www.elsindical.com.ar\/notas\/var\/www\/html\/notas\/wp-content\/uploads\/2024\/10\/Leila-Vallejos-y-su-padre-con-el-senador-Curestis.jpg 862w, https:\/\/www.elsindical.com.ar\/notas\/var\/www\/html\/notas\/wp-content\/uploads\/2024\/10\/Leila-Vallejos-y-su-padre-con-el-senador-Curestis-300x179.jpg 300w, https:\/\/www.elsindical.com.ar\/notas\/var\/www\/html\/notas\/wp-content\/uploads\/2024\/10\/Leila-Vallejos-y-su-padre-con-el-senador-Curestis-768x457.jpg 768w, https:\/\/www.elsindical.com.ar\/notas\/var\/www\/html\/notas\/wp-content\/uploads\/2024\/10\/Leila-Vallejos-y-su-padre-con-el-senador-Curestis-500x298.jpg 500w\" sizes=\"auto, (max-width: 862px) 100vw, 862px\" \/><\/a><\/figure>\n","protected":false},"excerpt":{"rendered":"<p>En Florencio Varela, un nuevo esc\u00e1ndalo sacudi\u00f3 el ambiente del Concejo Deliberante. Diego Vallejos, presidente del bloque La Libertad Avanza (LLA), decidi\u00f3 denunciar a la ex candidata a concejal Raquel \u00c1lvarez tras un violento episodio que tuvo lugar en su oficina. El presidente del bloque de La Libertad Avanza (LLA) en el\u00a0Honorable Concejo Deliberante (HCD)&hellip;<\/p>\n","protected":false},"author":1,"featured_media":133558,"comment_status":"open","ping_status":"open","sticky":false,"template":"","format":"standard","meta":{"footnotes":""},"categories":[6,13],"tags":[1117,43895,175,2450,43892,43890,28812,43893,40628,31547,43894],"class_list":["post-133557","post","type-post","status-publish","format-standard","has-post-thumbnail","hentry","category-denuncias","category-politica","tag-agresiones","tag-carlos-nicolas-curastis","tag-denuncia","tag-diario-el-sindical","tag-diego-vallejos","tag-hcd-florencio-varela","tag-javier-milei","tag-leila-vallejos","tag-lla","tag-perimetral","tag-raquel-alvarez"],"_links":{"self":[{"href":"https:\/\/www.elsindical.com.ar\/notas\/wp-json\/wp\/v2\/posts\/133557","targetHints":{"allow":["GET"]}}],"collection":[{"href":"https:\/\/www.elsindical.com.ar\/notas\/wp-json\/wp\/v2\/posts"}],"about":[{"href":"https:\/\/www.elsindical.com.ar\/notas\/wp-json\/wp\/v2\/types\/post"}],"author":[{"embeddable":true,"href":"https:\/\/www.elsindical.com.ar\/notas\/wp-json\/wp\/v2\/users\/1"}],"replies":[{"embeddable":true,"href":"https:\/\/www.elsindical.com.ar\/notas\/wp-json\/wp\/v2\/comments?post=133557"}],"version-history":[{"count":1,"href":"https:\/\/www.elsindical.com.ar\/notas\/wp-json\/wp\/v2\/posts\/133557\/revisions"}],"predecessor-version":[{"id":133562,"href":"https:\/\/www.elsindical.com.ar\/notas\/wp-json\/wp\/v2\/posts\/133557\/revisions\/133562"}],"wp:featuredmedia":[{"embeddable":true,"href":"https:\/\/www.elsindical.com.ar\/notas\/wp-json\/wp\/v2\/media\/133558"}],"wp:attachment":[{"href":"https:\/\/www.elsindical.com.ar\/notas\/wp-json\/wp\/v2\/media?parent=133557"}],"wp:term":[{"taxonomy":"category","embeddable":true,"href":"https:\/\/www.elsindical.com.ar\/notas\/wp-json\/wp\/v2\/categories?post=133557"},{"taxonomy":"post_tag","embeddable":true,"href":"https:\/\/www.elsindical.com.ar\/notas\/wp-json\/wp\/v2\/tags?post=133557"}],"curies":[{"name":"wp","href":"https:\/\/api.w.org\/{rel}","templated":true}]}}