{"id":13350,"date":"2011-04-04T21:06:17","date_gmt":"2011-04-05T00:06:17","guid":{"rendered":"http:\/\/www.elsindical.com.ar\/notas\/?p=13350"},"modified":"2011-04-04T21:06:17","modified_gmt":"2011-04-05T00:06:17","slug":"polemica-por-el-retiro-de-efectivos-de-la-federal-de-edificios-publicos-portenos","status":"publish","type":"post","link":"https:\/\/www.elsindical.com.ar\/notas\/polemica-por-el-retiro-de-efectivos-de-la-federal-de-edificios-publicos-portenos\/","title":{"rendered":"Pol\u00e9mica por el retiro de efectivos de la federal de edificios p\u00fablicos porte\u00f1os"},"content":{"rendered":"<div>\n<p style=\"text-align: justify;\"><em><a href=\"http:\/\/www.elsindical.com.ar\/notas\/var\/www\/html\/notas\/wp-content\/uploads\/2011\/04\/Nilda-Garr\u00e9-conferencia-seg1.jpg\"><img loading=\"lazy\" decoding=\"async\" class=\"alignleft size-medium wp-image-13352\" title=\"Nilda-Garr\u00e9-conferencia-seg\" src=\"http:\/\/www.elsindical.com.ar\/notas\/var\/www\/html\/notas\/wp-content\/uploads\/2011\/04\/Nilda-Garr\u00e9-conferencia-seg1-300x225.jpg\" alt=\"\" width=\"300\" height=\"225\" srcset=\"https:\/\/www.elsindical.com.ar\/notas\/var\/www\/html\/notas\/wp-content\/uploads\/2011\/04\/Nilda-Garr\u00e9-conferencia-seg1-300x225.jpg 300w, https:\/\/www.elsindical.com.ar\/notas\/var\/www\/html\/notas\/wp-content\/uploads\/2011\/04\/Nilda-Garr\u00e9-conferencia-seg1.jpg 413w\" sizes=\"auto, (max-width: 300px) 100vw, 300px\" \/><\/a>La ministro de Seguridad, <strong>Nilda Garr\u00e9<\/strong>, inform\u00f3 que a partir de ma\u00f1ana el personal\u00a0que realizaba servicios adicionales pasar\u00e1 a realizar <strong>tareas en comisar\u00edas y patrullaje.\u00a0 Horacio Rodr\u00edguez Larreta\u00a0adelant\u00f3 que la Ciudad piensa \u00abiniciar acciones legales\u00bb contra el Gobierno.<\/strong><\/em><\/p>\n<p style=\"text-align: justify;\">Una nueva pol\u00e9mica se gener\u00f3 entre el Gobierno y la Ciudad de Buenos Aires por la <strong>decisi\u00f3n\u00a0de dejar, a partir de ma\u00f1ana, a distintos objetivos porte\u00f1os sin custodia de\u00a0efectivos de la Polic\u00eda Federal<\/strong>.<\/p>\n<p style=\"text-align: justify;\">La medida fue dispuesta por la ministra de Seguridad, Nilda Garr\u00e9, en el marco de la iniciativa oficial para aumentar la <strong>presencia policial en las calles<\/strong>.<\/p>\n<p style=\"text-align: justify;\"><strong>\u00abLo primordial es reforzar las comisar\u00edas y las tareas de calle. La medida que ponemos en marcha hoy permitir\u00e1 liberar m\u00e1s efectivos para optimizar las tareas de prevenci\u00f3n y lucha concreta contra el delito<\/strong>\u201d, indic\u00f3 la funcionaria.<\/p>\n<p>El jefe de Gabiente de la Ciudad, <strong>Horacio Rodr\u00edguez Larreta sali\u00f3 al cruce y adelant\u00f3 que est\u00e1n analizando iniciar acciones legales contra Ejecutivo nacional.<\/strong><\/p>\n<p style=\"text-align: justify;\"><strong>\u201cLa ley 24.588 es clara. Dice textualmente en su art\u00edculo n\u00famero 7 que el Gobierno\u00a0seguir\u00e1 ejerciendo, en la Ciudad de Buenos Aires, su competencia en <\/strong><strong>materia de seguridad y protecci\u00f3n de las personas y bienes<\/strong>\u201d, comunic\u00f3 Rodr\u00edguez Larreta.<\/p>\n<p style=\"text-align: justify;\">Por instrucci\u00f3n del Ministerio de Seguridad, la Polic\u00eda Federal Argentina denunci\u00f3 el convenio por el que el gobierno de la Ciudad contrataba el servicio de <strong>\u201cpolic\u00eda adicional<\/strong>\u201d para custodia de edificios de la administraci\u00f3n metropolitana, a excepci\u00f3n de la <strong>Legislatura<\/strong>, el <strong>Tribunal Superior de Justicia\u00a0<\/strong>y el <strong>Consejo de la Magistratura local<\/strong>.<\/p>\n<p style=\"text-align: justify;\"><strong>\u201cLa decisi\u00f3n est\u00e1 motivada por la iniciativa de aumentar la presencia policial en la calle, combatiendo el delito, y tambi\u00e9n de descomprimir la carga horaria de trabajo que realizan los agentes, que frecuentemente se ven obligados a realizar servicios adicionales luego de largas jornadas de servicio regular<\/strong>\u201d, dijo la ministra.<\/p>\n<p style=\"text-align: justify;\"><strong>\u00abLa medida no afectar\u00e1 el ingreso de los agentes que sol\u00edan desempe\u00f1arse en calidad de polic\u00eda adicional<\/strong>\u00ab, inform\u00f3 el comunicado oficial.<\/p>\n<p style=\"text-align: justify;\"><strong>El ministro de Seguridad y Justicia, Guillermo Montenegro declar\u00f3 que \u00abaunque quisiera\u00bb, la Polic\u00eda Metropolitana no puede asumir las vacantes que dejar\u00e1 la Federal\u00a0.<\/strong> \u00abNo hay ninguna posibilidad de\u00a0cumplir, por la cantidad de efectivos. S\u00f3lo para cubrir la seguridad en los hospitales se necesitan 600 efectivos y para los colegios, otros 400\u00bb, ahond\u00f3 en <strong>Radio 10<\/strong>.\u00a0<\/p>\n<p style=\"text-align: justify;\"><strong>Por su parte, Eugenio Burzaco, jefe de la Metropolitana afirm\u00f3 que \u201cespero que la Polic\u00eda Federal siga cumpliendo con su rol de Polic\u00eda. Nosotros nos enteramos el viernes de esta medida y es algo unilateral a lo que nos tiene acostumbrados este Gobierno\u201d<\/strong>.<\/p>\n<p style=\"text-align: justify;\"><strong>Nuevo plan de seguridad<\/strong><\/p>\n<p style=\"text-align: justify;\">La ministro Garr\u00e9 present\u00f3 hoy un nuevo plan de seguridad que incluye \u201cuna amplia convocatoria a la comunidad\u201d, aunque no hizo menci\u00f3n a la decisi\u00f3n de separar a la Polic\u00eda Federal de la custodia de objetivos pertenecientes a la ciudad de Buenos Aires.<\/p>\n<p style=\"text-align: justify;\">Entre otras medidas, Garr\u00e9 habl\u00f3 de \u201cescuelas de participaci\u00f3n comunitaria en seguridad\u201d y, en ese sentido, de convenios con la Universidad de las Madres de Plaza de Mayo y la Facultad de Ciencias Sociales de la Universidad de Buenos Aires.<\/p>\n<p style=\"text-align: justify;\">La ministra habl\u00f3 de una \u201cconvocatoria amplia para todas aquellas organizaciones que lo quieran hacer\u201d en la pol\u00edtica de seguridad, en la que dijo va a haber un importante papel de los estados provinciales y los municipios.<\/p>\n<p style=\"text-align: justify;\">En ese sentido, dijo en rueda de prensa, que \u201cen cuanto al tema de seguridad, se pondr\u00e1 en marcha un proceso de participaci\u00f3n popular para todo el pa\u00eds de modo gradual, de acuerdo con la estrategia dise\u00f1ada, con la participaci\u00f3n de las comunas y las provincias\u201d.<\/p>\n<p style=\"text-align: justify;\">El Ministerio de Educaci\u00f3n de la Ciudad, a cargo de Esteban Bullrich,\u00a0expres\u00f3 su \u00abalarma\u00bb ante la decisi\u00f3n\u00a0y se\u00f1al\u00f3 que\u00a0\u00abla medida pone en riesgo la seguridad de los alumnos de la Capital\u00bb.<\/p>\n<\/div>\n","protected":false},"excerpt":{"rendered":"<p>La ministro de Seguridad, Nilda Garr\u00e9, inform\u00f3 que a partir de ma\u00f1ana el personal\u00a0que realizaba servicios adicionales pasar\u00e1 a realizar tareas en comisar\u00edas y patrullaje.\u00a0 Horacio Rodr\u00edguez Larreta\u00a0adelant\u00f3 que la Ciudad piensa \u00abiniciar acciones legales\u00bb contra el Gobierno. Una nueva pol\u00e9mica se gener\u00f3 entre el Gobierno y la Ciudad de Buenos Aires por la decisi\u00f3n\u00a0de&hellip;<\/p>\n","protected":false},"author":1,"featured_media":0,"comment_status":"open","ping_status":"open","sticky":false,"template":"","format":"standard","meta":{"footnotes":""},"categories":[13],"tags":[6389,3552,775,5660,502],"class_list":["post-13350","post","type-post","status-publish","format-standard","hentry","category-politica","tag-edificios-publicos","tag-esteban-bullrich","tag-gobierno-porteno","tag-ministro-de-seguridad-nilda-garre","tag-policia-federal-argentina"],"_links":{"self":[{"href":"https:\/\/www.elsindical.com.ar\/notas\/wp-json\/wp\/v2\/posts\/13350","targetHints":{"allow":["GET"]}}],"collection":[{"href":"https:\/\/www.elsindical.com.ar\/notas\/wp-json\/wp\/v2\/posts"}],"about":[{"href":"https:\/\/www.elsindical.com.ar\/notas\/wp-json\/wp\/v2\/types\/post"}],"author":[{"embeddable":true,"href":"https:\/\/www.elsindical.com.ar\/notas\/wp-json\/wp\/v2\/users\/1"}],"replies":[{"embeddable":true,"href":"https:\/\/www.elsindical.com.ar\/notas\/wp-json\/wp\/v2\/comments?post=13350"}],"version-history":[{"count":1,"href":"https:\/\/www.elsindical.com.ar\/notas\/wp-json\/wp\/v2\/posts\/13350\/revisions"}],"predecessor-version":[{"id":13353,"href":"https:\/\/www.elsindical.com.ar\/notas\/wp-json\/wp\/v2\/posts\/13350\/revisions\/13353"}],"wp:attachment":[{"href":"https:\/\/www.elsindical.com.ar\/notas\/wp-json\/wp\/v2\/media?parent=13350"}],"wp:term":[{"taxonomy":"category","embeddable":true,"href":"https:\/\/www.elsindical.com.ar\/notas\/wp-json\/wp\/v2\/categories?post=13350"},{"taxonomy":"post_tag","embeddable":true,"href":"https:\/\/www.elsindical.com.ar\/notas\/wp-json\/wp\/v2\/tags?post=13350"}],"curies":[{"name":"wp","href":"https:\/\/api.w.org\/{rel}","templated":true}]}}