{"id":133462,"date":"2024-10-15T00:22:43","date_gmt":"2024-10-15T03:22:43","guid":{"rendered":"https:\/\/www.elsindical.com.ar\/notas\/?p=133462"},"modified":"2024-10-15T00:22:48","modified_gmt":"2024-10-15T03:22:48","slug":"los-primeros-ocho-meses-de-milei-tuvieron-un-saldo-de-146-mil-empleos-privados-menos","status":"publish","type":"post","link":"https:\/\/www.elsindical.com.ar\/notas\/los-primeros-ocho-meses-de-milei-tuvieron-un-saldo-de-146-mil-empleos-privados-menos\/","title":{"rendered":"Los primeros ocho meses de Milei tuvieron un saldo de 146 mil empleos privados menos"},"content":{"rendered":"<div class=\"wp-block-image\">\n<figure class=\"aligncenter size-full is-resized\"><a href=\"https:\/\/www.elsindical.com.ar\/notas\/var\/www\/html\/notas\/wp-content\/uploads\/2024\/10\/queremos-trabajo.jpg\"><img loading=\"lazy\" decoding=\"async\" width=\"750\" height=\"443\" src=\"https:\/\/www.elsindical.com.ar\/notas\/var\/www\/html\/notas\/wp-content\/uploads\/2024\/10\/queremos-trabajo.jpg\" alt=\"\" class=\"wp-image-133463\" style=\"width:820px;height:auto\" srcset=\"https:\/\/www.elsindical.com.ar\/notas\/var\/www\/html\/notas\/wp-content\/uploads\/2024\/10\/queremos-trabajo.jpg 750w, https:\/\/www.elsindical.com.ar\/notas\/var\/www\/html\/notas\/wp-content\/uploads\/2024\/10\/queremos-trabajo-300x177.jpg 300w, https:\/\/www.elsindical.com.ar\/notas\/var\/www\/html\/notas\/wp-content\/uploads\/2024\/10\/queremos-trabajo-500x295.jpg 500w\" sizes=\"auto, (max-width: 750px) 100vw, 750px\" \/><\/a><\/figure>\n<\/div>\n\n\n<p>La p\u00e9rdida de empleo se not\u00f3 en comercio e industria. Se agrav\u00f3 la precarizaci\u00f3n, a partir de un crecimiento del monotributo.<\/p>\n\n\n\n<p>Al calor de la recesi\u00f3n, un informe advirti\u00f3 por la sensible p\u00e9rdida de puestos de trabajo durante la gesti\u00f3n del presidente Javier Milei seg\u00fan un an\u00e1lisis sobre la situaci\u00f3n laboral del Centro de Econom\u00eda Pol\u00edtica Argentina (CEPA), que revel\u00f3 que <strong>en julio, se perdieron 8.890 puestos de trabajo registrados en el sector privado.<\/strong><\/p>\n\n\n\n<p>Asimismo, <strong>en los primeros ocho meses de Milei la ca\u00edda totaliza 146.465 empleos<\/strong>: \u201cCon la asunci\u00f3n del nuevo gobierno, el abandono del mundo productivo despierta las alarmas sobre el mercado de trabajo\u201d, advirti\u00f3 el relevamiento.<\/p>\n\n\n\n<p>Otra de las conclusiones es que <strong>la ca\u00edda de puestos de trabajo va en consonancia con el desplome de la actividad econ\u00f3mica que en julio fue de 3,1 % <\/strong>acumulado interanual.<\/p>\n\n\n\n<p>Cabe destacar que los dos sectores privados m\u00e1s importantes en materia de empleo privado <strong>son comercio (19,7 %) e industria (18,7 %). <\/strong>El primero redujo sus puestos en 6.627 y la actividad industrial perdi\u00f3 30.856 puestos en estos ocho meses.<\/p>\n\n\n\n<p>El CEPA tambi\u00e9n <strong>alert\u00f3 por la creciente precarizaci\u00f3n<\/strong>. En lo relativo a otras modalidades de trabajo registrado, a julio de 2024, 2.144.809 personas tuvieron al monotributo como su modalidad principal. <strong>Esta categor\u00eda creci\u00f3 en 11.612 puestos en el \u00faltimo mes.<\/strong><\/p>\n\n\n\n<p>Por \u00faltimo, y en lo concerniente al trabajo en el sector p\u00fablico, <strong>en julio 2024, se destruyeron 1.423 puestos, incluyendo tanto el nivel nacional como los subnacionales<\/strong>. Desde noviembre, se perdieron en total 41.260 puestos.<\/p>\n","protected":false},"excerpt":{"rendered":"<p>La p\u00e9rdida de empleo se not\u00f3 en comercio e industria. Se agrav\u00f3 la precarizaci\u00f3n, a partir de un crecimiento del monotributo. Al calor de la recesi\u00f3n, un informe advirti\u00f3 por la sensible p\u00e9rdida de puestos de trabajo durante la gesti\u00f3n del presidente Javier Milei seg\u00fan un an\u00e1lisis sobre la situaci\u00f3n laboral del Centro de Econom\u00eda&hellip;<\/p>\n","protected":false},"author":1,"featured_media":133463,"comment_status":"open","ping_status":"open","sticky":false,"template":"","format":"standard","meta":{"footnotes":""},"categories":[9],"tags":[24898,298,2450,22023,761,28812,22032],"class_list":["post-133462","post","type-post","status-publish","format-standard","has-post-thumbnail","hentry","category-economia","tag-cepa","tag-desempleo","tag-diario-el-sindical","tag-economia","tag-gobierno-nacional","tag-javier-milei","tag-sociedad"],"_links":{"self":[{"href":"https:\/\/www.elsindical.com.ar\/notas\/wp-json\/wp\/v2\/posts\/133462","targetHints":{"allow":["GET"]}}],"collection":[{"href":"https:\/\/www.elsindical.com.ar\/notas\/wp-json\/wp\/v2\/posts"}],"about":[{"href":"https:\/\/www.elsindical.com.ar\/notas\/wp-json\/wp\/v2\/types\/post"}],"author":[{"embeddable":true,"href":"https:\/\/www.elsindical.com.ar\/notas\/wp-json\/wp\/v2\/users\/1"}],"replies":[{"embeddable":true,"href":"https:\/\/www.elsindical.com.ar\/notas\/wp-json\/wp\/v2\/comments?post=133462"}],"version-history":[{"count":1,"href":"https:\/\/www.elsindical.com.ar\/notas\/wp-json\/wp\/v2\/posts\/133462\/revisions"}],"predecessor-version":[{"id":133464,"href":"https:\/\/www.elsindical.com.ar\/notas\/wp-json\/wp\/v2\/posts\/133462\/revisions\/133464"}],"wp:featuredmedia":[{"embeddable":true,"href":"https:\/\/www.elsindical.com.ar\/notas\/wp-json\/wp\/v2\/media\/133463"}],"wp:attachment":[{"href":"https:\/\/www.elsindical.com.ar\/notas\/wp-json\/wp\/v2\/media?parent=133462"}],"wp:term":[{"taxonomy":"category","embeddable":true,"href":"https:\/\/www.elsindical.com.ar\/notas\/wp-json\/wp\/v2\/categories?post=133462"},{"taxonomy":"post_tag","embeddable":true,"href":"https:\/\/www.elsindical.com.ar\/notas\/wp-json\/wp\/v2\/tags?post=133462"}],"curies":[{"name":"wp","href":"https:\/\/api.w.org\/{rel}","templated":true}]}}