{"id":133459,"date":"2024-10-15T00:10:55","date_gmt":"2024-10-15T03:10:55","guid":{"rendered":"https:\/\/www.elsindical.com.ar\/notas\/?p=133459"},"modified":"2024-10-15T00:11:02","modified_gmt":"2024-10-15T03:11:02","slug":"bertie-benegas-lynch-propuso-que-el-gobierno-intervenga-la-iglesia-para-salvarla-de-los-discursos-comunistas","status":"publish","type":"post","link":"https:\/\/www.elsindical.com.ar\/notas\/bertie-benegas-lynch-propuso-que-el-gobierno-intervenga-la-iglesia-para-salvarla-de-los-discursos-comunistas\/","title":{"rendered":"Bertie Benegas Lynch, propuso que el gobierno intervenga la Iglesia para salvarla de los discursos comunistas"},"content":{"rendered":"<div class=\"wp-block-image\">\n<figure class=\"aligncenter size-full is-resized\"><a href=\"https:\/\/www.elsindical.com.ar\/notas\/var\/www\/html\/notas\/wp-content\/uploads\/2024\/10\/Bertie-Benegas-Lynch-caripela.jpg\"><img loading=\"lazy\" decoding=\"async\" width=\"750\" height=\"484\" src=\"https:\/\/www.elsindical.com.ar\/notas\/var\/www\/html\/notas\/wp-content\/uploads\/2024\/10\/Bertie-Benegas-Lynch-caripela.jpg\" alt=\"\" class=\"wp-image-133460\" style=\"width:804px;height:auto\" srcset=\"https:\/\/www.elsindical.com.ar\/notas\/var\/www\/html\/notas\/wp-content\/uploads\/2024\/10\/Bertie-Benegas-Lynch-caripela.jpg 750w, https:\/\/www.elsindical.com.ar\/notas\/var\/www\/html\/notas\/wp-content\/uploads\/2024\/10\/Bertie-Benegas-Lynch-caripela-300x194.jpg 300w, https:\/\/www.elsindical.com.ar\/notas\/var\/www\/html\/notas\/wp-content\/uploads\/2024\/10\/Bertie-Benegas-Lynch-caripela-465x300.jpg 465w\" sizes=\"auto, (max-width: 750px) 100vw, 750px\" \/><\/a><\/figure>\n<\/div>\n\n\n<p>El diputado libertario se quej\u00f3 de , \u00abescuchar mensajes colectivistas sobre la propiedad com\u00fan, el destino universal de los bienes y dem\u00e1s ideas trasnochadas\u00bb.<\/p>\n\n\n\n<p>Despu\u00e9s de proponer la privatizaci\u00f3n del mar y las ballenas, el diputado libertario Alberto Bertie Benegas Lynch se volc\u00f3 a sus cuentas en las redes sociales para lanzar <strong>un llamado a defender a la Iglesia Cat\u00f3lica \u201cde la infiltraci\u00f3n comunista\u201d.<\/strong><\/p>\n\n\n\n<p>Benegas Lynch se despach\u00f3 con su diatriba contra la Iglesia tras asistir a misa. El diputado libertario public\u00f3 la foto de una ceremonia religiosa en la parroquia Nuestra Se\u00f1ora del Carmen en Benavidez y asegur\u00f3 que siente \u201cmucha tristeza de padecer a representantes de la Iglesia q me hacen tan dif\u00edcil ir a misa los domingos. <strong>Es agotador escuchar mensajes colectivistas sobre la propiedad com\u00fan, el destino universal de los bienes y dem\u00e1s ideas trasnochadas <\/strong>que, cuando se aplicaron, condujeron a hambrunas africanas\u201d.<\/p>\n\n\n\n<p>Y sigui\u00f3: \u201cNo se cansan de promover la ignorancia y<strong> las cr\u00edticas equivocadas al liberalismo como idea aislacionista, codiciosa y narcisista.<\/strong> No solo es correcta la suspensi\u00f3n de todo financiamiento estatal a la Iglesia Cat\u00f3lica q la pagan injustamente devotos de otras religiones, sino que los propios cat\u00f3licos deber\u00edamos dejar de financiarla y de asistir a misa hasta que las homil\u00edas vuelvan a contener el correcto mensaje de Cristo. Si queremos a nuestra Iglesia, estamos obligados a defenderla de las infiltraciones comunistas\u201d.<\/p>\n\n\n\n<p>No es la primera vez que Benegas Lynch plantea sus diferencias con la Iglesia. En 2023 carg\u00f3 tanto contra el papa Francisco por apoyar supuestamente a Cuba y Venezuela como a otros <strong>representantes de la Iglesia por sus \u201cdesv\u00edos\u201d.<\/strong><\/p>\n\n\n\n<p>\u201cComo cat\u00f3lico, creo que tenemos que tener en cuenta que, si creemos en el mensaje <strong>de Cristo, algunos representantes de la Iglesia, como es el caso del Papa, tienen desv\u00edos. Recordemos que la misa inicial de su papado fue con Gustavo Guti\u00e9rrez, que es uno de los impulsores de la Teolog\u00eda de la Liberaci\u00f3n.<\/strong> Despu\u00e9s, ha dicho que su mentor era Monse\u00f1or Angelelli, que daba misa con la bandera de Montoneros con los fusiles cruzados atr\u00e1s en el altar\u201d, asegur\u00f3 el ultraderechista.<\/p>\n\n\n\n<p>\u201cPermanentemente en sus declaraciones est\u00e1 atacando el s\u00e9ptimo y el d\u00e9cimo mandamiento respecto a las tiran\u00edas, ha omitido condenarlas, y cuando no ha hecho <strong>gui\u00f1os simp\u00e1ticos a lo que era el r\u00e9gimen castrista, chavista y<\/strong> dem\u00e1s\u201d, dispar\u00f3 Benegas Lynch.<\/p>\n\n\n\n<p>En ese momento, se mostr\u00f3 a favor adem\u00e1s de una moci\u00f3n propuesta por su padre: <strong>romper relaciones moment\u00e1neamente con El Vaticano <\/strong>en caso de que La Libertad Avanza llegara al poder y hasta que el sumo pont\u00edfice \u201cmodifique su discurso\u201d.<\/p>\n\n\n\n<h2 class=\"wp-block-heading\">Privatizar mares y ballenas<\/h2>\n\n\n\n<p>En octubre del a\u00f1o pasado el ahora diputado de La Libertad Avanza Alberto \u201cBertie\u201d Benegas Lynch propuso privatizar los recursos mar\u00edtimos. \u201cMe parece que el<strong> problema del medio ambiente se resuelve con asignaciones de derecho de propiedad<\/strong>, ah\u00ed termin\u00e1s con todo\u201d, hab\u00eda dicho el libertario.<\/p>\n\n\n\n<p>\u201c\u00bfPor qu\u00e9 las ballenas se est\u00e1n por extinguir, o los elefantes y dem\u00e1s? La diferencia es el alambrado.<strong> \u00bfPor qu\u00e9 las gallinas y las vacas no se extinguen? P<\/strong>orque hay un propietario, hay un uso econ\u00f3mico, hay gente que valora eso y pone sus recursos para tener buenos planteles y vender la carne\u201d\u201d, plante\u00f3 Benegas Lynch.<\/p>\n\n\n\n<p>Ante la repregunta del periodista de si estaba proponiendo que las ballenas tengan due\u00f1o para evitar la extinci\u00f3n de la especie, el entonces candidato a diputado respondi\u00f3: \u201cHay trabajos sobre la privatizaci\u00f3n del mar que recomiendo\u201d.<\/p>\n","protected":false},"excerpt":{"rendered":"<p>El diputado libertario se quej\u00f3 de , \u00abescuchar mensajes colectivistas sobre la propiedad com\u00fan, el destino universal de los bienes y dem\u00e1s ideas trasnochadas\u00bb. Despu\u00e9s de proponer la privatizaci\u00f3n del mar y las ballenas, el diputado libertario Alberto Bertie Benegas Lynch se volc\u00f3 a sus cuentas en las redes sociales para lanzar un llamado a&hellip;<\/p>\n","protected":false},"author":1,"featured_media":133460,"comment_status":"open","ping_status":"open","sticky":false,"template":"","format":"standard","meta":{"footnotes":""},"categories":[13],"tags":[40382,43864,2450,43863,761,479],"class_list":["post-133459","post","type-post","status-publish","format-standard","has-post-thumbnail","hentry","category-politica","tag-alberto-bertie-benegas-lynch","tag-comunismo","tag-diario-el-sindical","tag-diputado-libertario","tag-gobierno-nacional","tag-iglesia"],"_links":{"self":[{"href":"https:\/\/www.elsindical.com.ar\/notas\/wp-json\/wp\/v2\/posts\/133459","targetHints":{"allow":["GET"]}}],"collection":[{"href":"https:\/\/www.elsindical.com.ar\/notas\/wp-json\/wp\/v2\/posts"}],"about":[{"href":"https:\/\/www.elsindical.com.ar\/notas\/wp-json\/wp\/v2\/types\/post"}],"author":[{"embeddable":true,"href":"https:\/\/www.elsindical.com.ar\/notas\/wp-json\/wp\/v2\/users\/1"}],"replies":[{"embeddable":true,"href":"https:\/\/www.elsindical.com.ar\/notas\/wp-json\/wp\/v2\/comments?post=133459"}],"version-history":[{"count":1,"href":"https:\/\/www.elsindical.com.ar\/notas\/wp-json\/wp\/v2\/posts\/133459\/revisions"}],"predecessor-version":[{"id":133461,"href":"https:\/\/www.elsindical.com.ar\/notas\/wp-json\/wp\/v2\/posts\/133459\/revisions\/133461"}],"wp:featuredmedia":[{"embeddable":true,"href":"https:\/\/www.elsindical.com.ar\/notas\/wp-json\/wp\/v2\/media\/133460"}],"wp:attachment":[{"href":"https:\/\/www.elsindical.com.ar\/notas\/wp-json\/wp\/v2\/media?parent=133459"}],"wp:term":[{"taxonomy":"category","embeddable":true,"href":"https:\/\/www.elsindical.com.ar\/notas\/wp-json\/wp\/v2\/categories?post=133459"},{"taxonomy":"post_tag","embeddable":true,"href":"https:\/\/www.elsindical.com.ar\/notas\/wp-json\/wp\/v2\/tags?post=133459"}],"curies":[{"name":"wp","href":"https:\/\/api.w.org\/{rel}","templated":true}]}}