{"id":133414,"date":"2024-10-13T18:26:24","date_gmt":"2024-10-13T21:26:24","guid":{"rendered":"https:\/\/www.elsindical.com.ar\/notas\/?p=133414"},"modified":"2024-10-14T14:46:42","modified_gmt":"2024-10-14T17:46:42","slug":"lucho-gonzalez-irresponsable-o-garca","status":"publish","type":"post","link":"https:\/\/www.elsindical.com.ar\/notas\/lucho-gonzalez-irresponsable-o-garca\/","title":{"rendered":"Luciano Gonz\u00e1lez Perlender o Lucho Gonz\u00e1lez \u00bfirresponsable o garca?"},"content":{"rendered":"\n<figure class=\"wp-block-image size-full\"><a href=\"https:\/\/www.elsindical.com.ar\/notas\/var\/www\/html\/notas\/wp-content\/uploads\/2024\/10\/Lucho-Gonzalez-2.jpg\"><img loading=\"lazy\" decoding=\"async\" width=\"750\" height=\"563\" src=\"https:\/\/www.elsindical.com.ar\/notas\/var\/www\/html\/notas\/wp-content\/uploads\/2024\/10\/Lucho-Gonzalez-2.jpg\" alt=\"\" class=\"wp-image-133415\" srcset=\"https:\/\/www.elsindical.com.ar\/notas\/var\/www\/html\/notas\/wp-content\/uploads\/2024\/10\/Lucho-Gonzalez-2.jpg 750w, https:\/\/www.elsindical.com.ar\/notas\/var\/www\/html\/notas\/wp-content\/uploads\/2024\/10\/Lucho-Gonzalez-2-300x225.jpg 300w, https:\/\/www.elsindical.com.ar\/notas\/var\/www\/html\/notas\/wp-content\/uploads\/2024\/10\/Lucho-Gonzalez-2-400x300.jpg 400w\" sizes=\"auto, (max-width: 750px) 100vw, 750px\" \/><\/a><\/figure>\n\n\n\n<p>   No es una novedad que las ventas por las redes sociales, especialmente Facebook suelen generar situaciones inc\u00f3modas para los compradores, desde, estafas, robos, hasta p\u00e9rdida de tiempo por parte de \u00abvivillos\u00bb que publican objetos a la venta y mientras dan vueltas para concretar la venta van cambiando el precio obviamente subiendo su valor.<\/p>\n\n\n\n<p>Se supone que cuando uno est\u00e1 en un grupo de ventas, acepta las reglas y debe tener una conducta \u00e9tica con el resto de los miembros y siendo todos adultos, no parece serio publicar un precio y sin ninguna explicaci\u00f3n cambiarlo cuando el otro miembro ten\u00eda intenciones de comprar, por respeto un mensaje advirtiendo el cambio de precio ser\u00eda demostraci\u00f3n de buena gente y no de ventajero o garca, m\u00e1s cuando el precio nuevo es un cuarto menos al valor del producto nuevo y con garant\u00eda.<\/p>\n\n\n\n<p>Para que se entienda, cada uno le puede poner el precio que le parezca a sus productos, lo que no es serio es publicar un precio, acordar una llamada para cerrar la operaci\u00f3n y en el medio subir el precio sin ning\u00fan aviso, esas conductas hacen que ese miembro sea poco cre\u00edble en los detalles de los objetos que vende, ejemplo detallar impecable estado cuando en las fotos se aprecia un golpe con la suficiente fuerza como para da\u00f1ar un pl\u00e1stico r\u00edgido.<\/p>\n\n\n\n<p>As\u00ed que si ves algo en venta de este oportunista, confirma antes el precio y revisa muy bien el producto, que no te enga\u00f1e sus publicaciones mostrando ser alguien reconocido en el mundo de las producciones audiovisuales o su presentaci\u00f3n como gerente de Aerovisuales, una empresa que tiene como clientes a (ESPN, Discovery, NatGeo, Disney entre otros).<\/p>\n\n\n\n<p>Lo llamativo de este Sr. es que seg\u00fan su <strong>CUIT: 20-24829686-1<\/strong>, se encuentre registrado en la AFIP, como TRAB. AUTONOMO Categoria T2 Cat II Ingresos desde $20.001, si tenemos en cuenta las empresas mencionadas, algo no cierra, estas empresas \u00bfno facturan los servicios de Aerovisuales?<\/p>\n\n\n\n<figure class=\"wp-block-image size-full\"><a href=\"https:\/\/www.elsindical.com.ar\/notas\/var\/www\/html\/notas\/wp-content\/uploads\/2024\/10\/clientes-aerovisuales.jpg\"><img loading=\"lazy\" decoding=\"async\" width=\"750\" height=\"374\" src=\"https:\/\/www.elsindical.com.ar\/notas\/var\/www\/html\/notas\/wp-content\/uploads\/2024\/10\/clientes-aerovisuales.jpg\" alt=\"\" class=\"wp-image-133437\" srcset=\"https:\/\/www.elsindical.com.ar\/notas\/var\/www\/html\/notas\/wp-content\/uploads\/2024\/10\/clientes-aerovisuales.jpg 750w, https:\/\/www.elsindical.com.ar\/notas\/var\/www\/html\/notas\/wp-content\/uploads\/2024\/10\/clientes-aerovisuales-300x150.jpg 300w, https:\/\/www.elsindical.com.ar\/notas\/var\/www\/html\/notas\/wp-content\/uploads\/2024\/10\/clientes-aerovisuales-500x249.jpg 500w\" sizes=\"auto, (max-width: 750px) 100vw, 750px\" \/><\/a><\/figure>\n","protected":false},"excerpt":{"rendered":"<p>No es una novedad que las ventas por las redes sociales, especialmente Facebook suelen generar situaciones inc\u00f3modas para los compradores, desde, estafas, robos, hasta p\u00e9rdida de tiempo por parte de \u00abvivillos\u00bb que publican objetos a la venta y mientras dan vueltas para concretar la venta van cambiando el precio obviamente subiendo su valor. Se supone&hellip;<\/p>\n","protected":false},"author":1,"featured_media":133415,"comment_status":"open","ping_status":"open","sticky":false,"template":"","format":"standard","meta":{"footnotes":""},"categories":[6],"tags":[43852,36052,2450,219,43853,43851,4741,6114],"class_list":["post-133414","post","type-post","status-publish","format-standard","has-post-thumbnail","hentry","category-denuncias","tag-aerovisuales","tag-compra-y-venta","tag-diario-el-sindical","tag-facebook","tag-garca","tag-lucho-gonzalez","tag-precio","tag-productos"],"_links":{"self":[{"href":"https:\/\/www.elsindical.com.ar\/notas\/wp-json\/wp\/v2\/posts\/133414","targetHints":{"allow":["GET"]}}],"collection":[{"href":"https:\/\/www.elsindical.com.ar\/notas\/wp-json\/wp\/v2\/posts"}],"about":[{"href":"https:\/\/www.elsindical.com.ar\/notas\/wp-json\/wp\/v2\/types\/post"}],"author":[{"embeddable":true,"href":"https:\/\/www.elsindical.com.ar\/notas\/wp-json\/wp\/v2\/users\/1"}],"replies":[{"embeddable":true,"href":"https:\/\/www.elsindical.com.ar\/notas\/wp-json\/wp\/v2\/comments?post=133414"}],"version-history":[{"count":4,"href":"https:\/\/www.elsindical.com.ar\/notas\/wp-json\/wp\/v2\/posts\/133414\/revisions"}],"predecessor-version":[{"id":133438,"href":"https:\/\/www.elsindical.com.ar\/notas\/wp-json\/wp\/v2\/posts\/133414\/revisions\/133438"}],"wp:featuredmedia":[{"embeddable":true,"href":"https:\/\/www.elsindical.com.ar\/notas\/wp-json\/wp\/v2\/media\/133415"}],"wp:attachment":[{"href":"https:\/\/www.elsindical.com.ar\/notas\/wp-json\/wp\/v2\/media?parent=133414"}],"wp:term":[{"taxonomy":"category","embeddable":true,"href":"https:\/\/www.elsindical.com.ar\/notas\/wp-json\/wp\/v2\/categories?post=133414"},{"taxonomy":"post_tag","embeddable":true,"href":"https:\/\/www.elsindical.com.ar\/notas\/wp-json\/wp\/v2\/tags?post=133414"}],"curies":[{"name":"wp","href":"https:\/\/api.w.org\/{rel}","templated":true}]}}