{"id":133373,"date":"2024-10-11T02:05:04","date_gmt":"2024-10-11T05:05:04","guid":{"rendered":"https:\/\/www.elsindical.com.ar\/notas\/?p=133373"},"modified":"2024-10-11T02:21:47","modified_gmt":"2024-10-11T05:21:47","slug":"javier-milei-fue-al-local-de-empanadas-en-el-que-se-refugio-fran-fijap-y-lo-insultaron","status":"publish","type":"post","link":"https:\/\/www.elsindical.com.ar\/notas\/javier-milei-fue-al-local-de-empanadas-en-el-que-se-refugio-fran-fijap-y-lo-insultaron\/","title":{"rendered":"Javier Milei fue al local de empanadas en el que se refugi\u00f3 Fran Fijap y lo insultaron"},"content":{"rendered":"<div class=\"wp-block-image\">\n<figure class=\"aligncenter size-full is-resized\"><a href=\"https:\/\/www.elsindical.com.ar\/notas\/var\/www\/html\/notas\/wp-content\/uploads\/2024\/10\/Milei-casa-de-empanadas-2.jpg\"><img loading=\"lazy\" decoding=\"async\" width=\"599\" height=\"444\" src=\"https:\/\/www.elsindical.com.ar\/notas\/var\/www\/html\/notas\/wp-content\/uploads\/2024\/10\/Milei-casa-de-empanadas-2.jpg\" alt=\"\" class=\"wp-image-133374\" style=\"width:661px;height:auto\" srcset=\"https:\/\/www.elsindical.com.ar\/notas\/var\/www\/html\/notas\/wp-content\/uploads\/2024\/10\/Milei-casa-de-empanadas-2.jpg 599w, https:\/\/www.elsindical.com.ar\/notas\/var\/www\/html\/notas\/wp-content\/uploads\/2024\/10\/Milei-casa-de-empanadas-2-300x222.jpg 300w, https:\/\/www.elsindical.com.ar\/notas\/var\/www\/html\/notas\/wp-content\/uploads\/2024\/10\/Milei-casa-de-empanadas-2-405x300.jpg 405w\" sizes=\"auto, (max-width: 599px) 100vw, 599px\" \/><\/a><\/figure>\n<\/div>\n\n\n<p>El presidente Javier Milei es el primero en fomentar la violencia pol\u00edtica y hoy lo viv\u00f3 en carne propia al salir de la comodidad de su despacho y bajar a la calle, donde recibi\u00f3 m\u00e1s insultos que aplausos.<\/p>\n\n\n\n<p>El presidente <strong>Javier Milei<\/strong> fue v\u00edctima este jueves de la misma violencia pol\u00edtica que fomenta desde la Casa Rosada y sus redes sociales. Es que el mandatario abandon\u00f3 por primera vez desde que asumi\u00f3 el poder el pasado 10 de diciembre la comodidad de sus despacho presidencial y de la Quinta de Olivos y se top\u00f3 con un ba\u00f1o de realidad \u00aben el llano\u00bb.<\/p>\n\n\n\n<p>Es que Milei se acerc\u00f3 esta ma\u00f1ana hasta el local de empanadas en el que se tuvo que refugiar junto a varios polic\u00edas el troll libertario <strong>Fran Fijap <\/strong>que, luego de provocar a los manifestantes que defend\u00edan a las puertas del Congreso de la Naci\u00f3n la Ley de Financiamiento Universitario, tuvo que correr ante las agresiones que \u00e9l mismo provoc\u00f3.<\/p>\n\n\n\n<p>Fran Fijap suele hacerse eco de las violentas amenazas del presidente Milei y reproducirlas en sus redes sociales. Desde el \u00abvan a correr zurdos de mierda\u00bb hasta \u00abdespu\u00e9s lloran Derechos Humanos y lesa humanidad\u00bb, finalmente el que termin\u00f3 corriendo producto de esa misma violencia que promueve, fue el propio Fran Fijap.<\/p>\n\n\n\n<figure class=\"wp-block-image size-full\"><a href=\"https:\/\/www.elsindical.com.ar\/notas\/var\/www\/html\/notas\/wp-content\/uploads\/2024\/10\/troll-Fran-llorando-asustado.jpg\"><img loading=\"lazy\" decoding=\"async\" width=\"811\" height=\"875\" src=\"https:\/\/www.elsindical.com.ar\/notas\/var\/www\/html\/notas\/wp-content\/uploads\/2024\/10\/troll-Fran-llorando-asustado.jpg\" alt=\"\" class=\"wp-image-133375\" srcset=\"https:\/\/www.elsindical.com.ar\/notas\/var\/www\/html\/notas\/wp-content\/uploads\/2024\/10\/troll-Fran-llorando-asustado.jpg 811w, https:\/\/www.elsindical.com.ar\/notas\/var\/www\/html\/notas\/wp-content\/uploads\/2024\/10\/troll-Fran-llorando-asustado-278x300.jpg 278w, https:\/\/www.elsindical.com.ar\/notas\/var\/www\/html\/notas\/wp-content\/uploads\/2024\/10\/troll-Fran-llorando-asustado-768x829.jpg 768w\" sizes=\"auto, (max-width: 811px) 100vw, 811px\" \/><\/a><\/figure>\n\n\n\n<p>Sin embargo, no todo sali\u00f3 como el mandatario esperaba. Es que apenas lleg\u00f3, quienes estaban en la zona comenzaron a insultarlo de arriba abajo y a enrostrarle las consecuencias del despiadado ajuste que est\u00e1 descargando sobre los trabajadores, jubilados y sectores m\u00e1s postergados de la sociedad mientras entrega generosos beneficios a evasores fiscales y a los sectores m\u00e1s ricos de la Argentina.<\/p>\n\n\n\n<p>Milei lleg\u00f3 al local de Callao y Bartolom\u00e9 Mitre en compa\u00f1\u00eda de su hermana y secretaria General de Presidencia, <strong>Karina Milei<\/strong>; el vocero presidencial <strong>Manuel Adorni<\/strong>; y el jefe de Gabinete, <strong>Guillermo Francos<\/strong>. Entre fotos y saludos, el libertario ingres\u00f3 al comercio para saludar y felicitar a los empleados que \u00absocorrieron\u00bb a Fran Fijap.<\/p>\n\n\n\n<p>Horas antes de la visita del presidente Milei al local de empanadas, el provocador youtuber libertario fue recibido en Casa Rosada por Karina Milei y Manuel Adorni, con quienes comparti\u00f3 detalles de lo sucedido tras el blindaje del veto presidencial a la ley de Financiamiento Universitario.<\/p>\n\n\n<div class=\"wp-block-image\">\n<figure class=\"aligncenter size-full\"><a href=\"https:\/\/www.elsindical.com.ar\/notas\/var\/www\/html\/notas\/wp-content\/uploads\/2024\/10\/Milei-casa-de-empanadas.jpg\"><img loading=\"lazy\" decoding=\"async\" width=\"700\" height=\"479\" src=\"https:\/\/www.elsindical.com.ar\/notas\/var\/www\/html\/notas\/wp-content\/uploads\/2024\/10\/Milei-casa-de-empanadas.jpg\" alt=\"\" class=\"wp-image-133376\" srcset=\"https:\/\/www.elsindical.com.ar\/notas\/var\/www\/html\/notas\/wp-content\/uploads\/2024\/10\/Milei-casa-de-empanadas.jpg 700w, https:\/\/www.elsindical.com.ar\/notas\/var\/www\/html\/notas\/wp-content\/uploads\/2024\/10\/Milei-casa-de-empanadas-300x205.jpg 300w, https:\/\/www.elsindical.com.ar\/notas\/var\/www\/html\/notas\/wp-content\/uploads\/2024\/10\/Milei-casa-de-empanadas-438x300.jpg 438w\" sizes=\"auto, (max-width: 700px) 100vw, 700px\" \/><\/a><\/figure>\n<\/div>\n\n\n<figure class=\"wp-block-embed is-type-video is-provider-youtube wp-block-embed-youtube wp-embed-aspect-16-9 wp-has-aspect-ratio\"><div class=\"wp-block-embed__wrapper\">\n<iframe loading=\"lazy\" title=\"Milei fue a la casa de empanadas donde se refugi\u00f3 el troll Fran y fue duramente insultado\" width=\"700\" height=\"394\" src=\"https:\/\/www.youtube.com\/embed\/8-JNf1W42XI?feature=oembed\" frameborder=\"0\" allow=\"accelerometer; autoplay; clipboard-write; encrypted-media; gyroscope; picture-in-picture; web-share\" referrerpolicy=\"strict-origin-when-cross-origin\" allowfullscreen><\/iframe>\n<\/div><\/figure>\n","protected":false},"excerpt":{"rendered":"<p>El presidente Javier Milei es el primero en fomentar la violencia pol\u00edtica y hoy lo viv\u00f3 en carne propia al salir de la comodidad de su despacho y bajar a la calle, donde recibi\u00f3 m\u00e1s insultos que aplausos. El presidente Javier Milei fue v\u00edctima este jueves de la misma violencia pol\u00edtica que fomenta desde la&hellip;<\/p>\n","protected":false},"author":1,"featured_media":133374,"comment_status":"open","ping_status":"open","sticky":false,"template":"","format":"standard","meta":{"footnotes":""},"categories":[13,25],"tags":[2450,43834,43835,322,28812,40428,43789,40628,41770,2605,31694],"class_list":["post-133373","post","type-post","status-publish","format-standard","has-post-thumbnail","hentry","category-politica","category-sociedad","tag-diario-el-sindical","tag-fran-fijap","tag-franco-antunes","tag-insultos","tag-javier-milei","tag-karina-milei","tag-libertario","tag-lla","tag-manuel-adorni","tag-redes-sociales","tag-troll"],"_links":{"self":[{"href":"https:\/\/www.elsindical.com.ar\/notas\/wp-json\/wp\/v2\/posts\/133373","targetHints":{"allow":["GET"]}}],"collection":[{"href":"https:\/\/www.elsindical.com.ar\/notas\/wp-json\/wp\/v2\/posts"}],"about":[{"href":"https:\/\/www.elsindical.com.ar\/notas\/wp-json\/wp\/v2\/types\/post"}],"author":[{"embeddable":true,"href":"https:\/\/www.elsindical.com.ar\/notas\/wp-json\/wp\/v2\/users\/1"}],"replies":[{"embeddable":true,"href":"https:\/\/www.elsindical.com.ar\/notas\/wp-json\/wp\/v2\/comments?post=133373"}],"version-history":[{"count":2,"href":"https:\/\/www.elsindical.com.ar\/notas\/wp-json\/wp\/v2\/posts\/133373\/revisions"}],"predecessor-version":[{"id":133378,"href":"https:\/\/www.elsindical.com.ar\/notas\/wp-json\/wp\/v2\/posts\/133373\/revisions\/133378"}],"wp:featuredmedia":[{"embeddable":true,"href":"https:\/\/www.elsindical.com.ar\/notas\/wp-json\/wp\/v2\/media\/133374"}],"wp:attachment":[{"href":"https:\/\/www.elsindical.com.ar\/notas\/wp-json\/wp\/v2\/media?parent=133373"}],"wp:term":[{"taxonomy":"category","embeddable":true,"href":"https:\/\/www.elsindical.com.ar\/notas\/wp-json\/wp\/v2\/categories?post=133373"},{"taxonomy":"post_tag","embeddable":true,"href":"https:\/\/www.elsindical.com.ar\/notas\/wp-json\/wp\/v2\/tags?post=133373"}],"curies":[{"name":"wp","href":"https:\/\/api.w.org\/{rel}","templated":true}]}}