{"id":133313,"date":"2024-10-08T10:52:20","date_gmt":"2024-10-08T13:52:20","guid":{"rendered":"https:\/\/www.elsindical.com.ar\/notas\/?p=133313"},"modified":"2024-10-08T10:52:25","modified_gmt":"2024-10-08T13:52:25","slug":"el-gobierno-disolvio-los-fondos-fiduciarios-de-emergencias-progresar-y-fobosque","status":"publish","type":"post","link":"https:\/\/www.elsindical.com.ar\/notas\/el-gobierno-disolvio-los-fondos-fiduciarios-de-emergencias-progresar-y-fobosque\/","title":{"rendered":"El Gobierno disolvi\u00f3 los fondos fiduciarios de Emergencias, Progresar y Fobosque"},"content":{"rendered":"<div class=\"wp-block-image\">\n<figure class=\"aligncenter size-full is-resized\"><a href=\"https:\/\/www.elsindical.com.ar\/notas\/var\/www\/html\/notas\/wp-content\/uploads\/2024\/10\/Programa-Progresar.jpg\"><img loading=\"lazy\" decoding=\"async\" width=\"606\" height=\"335\" src=\"https:\/\/www.elsindical.com.ar\/notas\/var\/www\/html\/notas\/wp-content\/uploads\/2024\/10\/Programa-Progresar.jpg\" alt=\"\" class=\"wp-image-133314\" style=\"width:814px;height:auto\" srcset=\"https:\/\/www.elsindical.com.ar\/notas\/var\/www\/html\/notas\/wp-content\/uploads\/2024\/10\/Programa-Progresar.jpg 606w, https:\/\/www.elsindical.com.ar\/notas\/var\/www\/html\/notas\/wp-content\/uploads\/2024\/10\/Programa-Progresar-300x166.jpg 300w, https:\/\/www.elsindical.com.ar\/notas\/var\/www\/html\/notas\/wp-content\/uploads\/2024\/10\/Programa-Progresar-500x276.jpg 500w\" sizes=\"auto, (max-width: 606px) 100vw, 606px\" \/><\/a><\/figure>\n<\/div>\n\n\n<p>Tras vetar la Ley de Financiamiento Universitario, Javier Milei puso ahora en entredicho el futuro de las Becas Progresar. Tambi\u00e9n elimin\u00f3 los fondos para hacer frente a emergencias y el que serv\u00eda para proteger los bosques nativos.<\/p>\n\n\n\n<p>El gobierno de <strong>Javier Milei<\/strong> sigue adelante con su avanzada contra los estudiantes y la educaci\u00f3n p\u00fablica. Tras vetar la Ley de Financiamiento Universitario, <strong>Milei elimin\u00f3 este lunes varios fondos fiduciarios, entre ellos el que serv\u00eda para financiar las Becas Progresar<\/strong>.<\/p>\n\n\n\n<p>As\u00ed qued\u00f3 plasmado en el Decreto 888\/2024 publicado hoy en el Bolet\u00edn Oficial con las firmas de Milei, el jefe de Gabinete, <strong>Guillermo Francos <\/strong>y el ministro de Econom\u00eda de la Naci\u00f3n, <strong>Luis Caputo.<\/strong><\/p>\n\n\n\n<p>All\u00ed Milei dispuso la eliminaci\u00f3n del fondo fiduciario \u00abProgresar\u00bb, el fondo fiduciario denominado \u00abFondo Nacional de Emergencias\u00bb y el fondo fiduciario para la Protecci\u00f3n Ambiental de los Bosques Nativos (FOBOSQUE).<\/p>\n\n\n\n<p>El Fondo Fiduciario Progresar ten\u00eda por objetivo financiar l\u00edneas de acci\u00f3n orientadas a complementar y potenciar las acciones del \u00abPrograma de Respaldo a Estudiantes Argentinos\u00bb (Progresar). Seg\u00fan el gobierno libertario, este fondo \u00abnunca se encontr\u00f3 operativo, por no haberse integrado los bienes necesarios para su funcionamiento\u00bb.<\/p>\n\n\n\n<p>Creado en 2022, el Fondo Fiduciario Progresar ten\u00eda una duraci\u00f3n de 20 a\u00f1os contados desde la fecha de su constituci\u00f3n mediante la celebraci\u00f3n de un contrato de fideicomiso, y, a su vencimiento, la propiedad de los bienes fideicomitidos iban a quedar en poder del fideicomisario, que en este caso era el Ministerio de Educaci\u00f3n de ese entonces, ahora Secretar\u00eda de Educaci\u00f3n.<\/p>\n\n\n\n<p>El Fondo Fiduciario Progresar estaba integrado por la entonces directora ejecutiva de la Administraci\u00f3n Nacional de la Seguridad Social (Anses), <strong>Mar\u00eda Fernanda Raverta<\/strong>; el entonces ministerio de Educaci\u00f3n; la Subdirecci\u00f3n de Operaci\u00f3n del Fondo de Garant\u00eda de Sustentabilidad de la Administradora y la Subsecretar\u00eda de Gesti\u00f3n de la cartera educativa.<\/p>\n\n\n\n<p>El patrimonio del Fondo Fiduciario Progresar estaba constituido \u00abpor los bienes fideicomitidos, que en ning\u00fan caso constituyen ni ser\u00e1n considerados como recursos presupuestarios o de cualquier otra naturaleza que ponga en riesgo el cumplimiento del fin al que est\u00e1n afectados, ni el modo u oportunidad en que se realice\u00bb.<\/p>\n\n\n\n<p>Dichos bienes eran los fondos asignados para el Programa Progresar, el producido de sus operaciones, la renta y \u00abfrutos e inversi\u00f3n de los bienes fideicomitidos\u00bb. Tambi\u00e9n pod\u00edan agregarse \u00abotros recursos provenientes del Tesoro Nacional que sean espec\u00edficamente destinados al Fondo y aportes, contribuciones, subsidios, legados y donaciones espec\u00edficamente destinadas\u00bb a este fin.<\/p>\n\n\n\n<h2 class=\"wp-block-heading\">Becas Progresar en entredicho<\/h2>\n\n\n\n<p>Pese a que el Gobierno elimin\u00f3 el Fondo Fiduciario que lo financiaba, no aclar\u00f3 si se eliminar\u00e1n o no las Becas Progresar debido a que puede determinar partidas a cargo del Ministerio de Capital Humano para mantenerlo vigente.<\/p>\n\n\n\n<p>Recientemente, el gobierno libertario confirm\u00f3 un aumento del 75% para los beneficiarios de las Becas Progresar en el mes de octubre que las llevar\u00e1 a un total de 35 mil pesos. A pesar de la suba, las becas siguen perdiendo frente a la inflaci\u00f3n por lo que en rigor el gobierno de Milei sigue licuando el poder de compra de las becas.<\/p>\n\n\n\n<p>De igual manera hay que recordar que lo que se acreditar\u00e1 en las cuentas de los beneficiarios de las Becas Progresar ser\u00e1 un monto mucho menor, ya que Anses retiene el 20% y lo entrega en determinadas fechas del a\u00f1o como un bono. Es por eso que el monto que se cobrar\u00e1 en octubre es de 28 mil pesos.<\/p>\n\n\n\n<p><\/p>\n","protected":false},"excerpt":{"rendered":"<p>Tras vetar la Ley de Financiamiento Universitario, Javier Milei puso ahora en entredicho el futuro de las Becas Progresar. Tambi\u00e9n elimin\u00f3 los fondos para hacer frente a emergencias y el que serv\u00eda para proteger los bosques nativos. El gobierno de Javier Milei sigue adelante con su avanzada contra los estudiantes y la educaci\u00f3n p\u00fablica. Tras&hellip;<\/p>\n","protected":false},"author":1,"featured_media":133314,"comment_status":"open","ping_status":"open","sticky":false,"template":"","format":"standard","meta":{"footnotes":""},"categories":[13],"tags":[39176,1295,2450,761,43813],"class_list":["post-133313","post","type-post","status-publish","format-standard","has-post-thumbnail","hentry","category-politica","tag-becas-progresar","tag-boletin-oficial","tag-diario-el-sindical","tag-gobierno-nacional","tag-programa-progresar"],"_links":{"self":[{"href":"https:\/\/www.elsindical.com.ar\/notas\/wp-json\/wp\/v2\/posts\/133313","targetHints":{"allow":["GET"]}}],"collection":[{"href":"https:\/\/www.elsindical.com.ar\/notas\/wp-json\/wp\/v2\/posts"}],"about":[{"href":"https:\/\/www.elsindical.com.ar\/notas\/wp-json\/wp\/v2\/types\/post"}],"author":[{"embeddable":true,"href":"https:\/\/www.elsindical.com.ar\/notas\/wp-json\/wp\/v2\/users\/1"}],"replies":[{"embeddable":true,"href":"https:\/\/www.elsindical.com.ar\/notas\/wp-json\/wp\/v2\/comments?post=133313"}],"version-history":[{"count":1,"href":"https:\/\/www.elsindical.com.ar\/notas\/wp-json\/wp\/v2\/posts\/133313\/revisions"}],"predecessor-version":[{"id":133315,"href":"https:\/\/www.elsindical.com.ar\/notas\/wp-json\/wp\/v2\/posts\/133313\/revisions\/133315"}],"wp:featuredmedia":[{"embeddable":true,"href":"https:\/\/www.elsindical.com.ar\/notas\/wp-json\/wp\/v2\/media\/133314"}],"wp:attachment":[{"href":"https:\/\/www.elsindical.com.ar\/notas\/wp-json\/wp\/v2\/media?parent=133313"}],"wp:term":[{"taxonomy":"category","embeddable":true,"href":"https:\/\/www.elsindical.com.ar\/notas\/wp-json\/wp\/v2\/categories?post=133313"},{"taxonomy":"post_tag","embeddable":true,"href":"https:\/\/www.elsindical.com.ar\/notas\/wp-json\/wp\/v2\/tags?post=133313"}],"curies":[{"name":"wp","href":"https:\/\/api.w.org\/{rel}","templated":true}]}}