{"id":133310,"date":"2024-10-08T09:39:02","date_gmt":"2024-10-08T12:39:02","guid":{"rendered":"https:\/\/www.elsindical.com.ar\/notas\/?p=133310"},"modified":"2024-10-08T09:39:07","modified_gmt":"2024-10-08T12:39:07","slug":"reves-para-el-gobierno-nacional-la-justicia-ordeno-reincorporar-los-pilotos-despedidos-de-aerolineas-argentinas","status":"publish","type":"post","link":"https:\/\/www.elsindical.com.ar\/notas\/reves-para-el-gobierno-nacional-la-justicia-ordeno-reincorporar-los-pilotos-despedidos-de-aerolineas-argentinas\/","title":{"rendered":"Rev\u00e9s para el gobierno nacional, la justicia orden\u00f3 reincorporar los pilotos despedidos de Aerol\u00edneas Argentinas"},"content":{"rendered":"<div class=\"wp-block-image\">\n<figure class=\"aligncenter size-full\"><a href=\"https:\/\/www.elsindical.com.ar\/notas\/var\/www\/html\/notas\/wp-content\/uploads\/2024\/10\/piloto-Aerolineas-Argentinas.png\"><img loading=\"lazy\" decoding=\"async\" width=\"1024\" height=\"768\" src=\"https:\/\/www.elsindical.com.ar\/notas\/var\/www\/html\/notas\/wp-content\/uploads\/2024\/10\/piloto-Aerolineas-Argentinas.png\" alt=\"\" class=\"wp-image-133311\" srcset=\"https:\/\/www.elsindical.com.ar\/notas\/var\/www\/html\/notas\/wp-content\/uploads\/2024\/10\/piloto-Aerolineas-Argentinas.png 1024w, https:\/\/www.elsindical.com.ar\/notas\/var\/www\/html\/notas\/wp-content\/uploads\/2024\/10\/piloto-Aerolineas-Argentinas-300x225.png 300w, https:\/\/www.elsindical.com.ar\/notas\/var\/www\/html\/notas\/wp-content\/uploads\/2024\/10\/piloto-Aerolineas-Argentinas-768x576.png 768w, https:\/\/www.elsindical.com.ar\/notas\/var\/www\/html\/notas\/wp-content\/uploads\/2024\/10\/piloto-Aerolineas-Argentinas-400x300.png 400w\" sizes=\"auto, (max-width: 1024px) 100vw, 1024px\" \/><\/a><\/figure>\n<\/div>\n\n\n<p>Los tres pilotos despedidos de Aerol\u00edneas Argentinas deben ser reincorporados.<\/p>\n\n\n\n<p><strong>A ra\u00edz de la medida cautelar presentada por la&nbsp;Asociaci\u00f3n de Pilotos de L\u00edneas A\u00e9reas (APLA), la&nbsp;Justicia Nacional del Trabajo&nbsp;orden\u00f3 la reincorporaci\u00f3n de los tres pilotos de Aerol\u00edneas Argentinas despedidos.<\/strong><\/p>\n\n\n\n<p>Seg\u00fan se\u00f1ala el gremio a trav\u00e9s de su red social X,&nbsp;\u201cla resoluci\u00f3n de la jueza&nbsp;Stella Maris Vulcano&nbsp;establece que dicha reincorporaci\u00f3n debe llevarse a cabo en la misma funci\u00f3n que desempe\u00f1aban antes del despido\u201d.<\/p>\n\n\n\n<p>\u201cDe este modo, prevalece el car\u00e1cter alimentario de los salarios de los trabajadores despedidos y el derecho a la libertad sindical, tutelado por las leyes 23.551 y 23.592, as\u00ed como por los convenios de la OIT 87 y 98\u201d,&nbsp;indica el comunicado de APLA.<\/p>\n\n\n\n<p>Y remarca que continuar\u00e1n con sus \u201cdemandas de recomposici\u00f3n salarial e intensificaremos las acciones hasta que se presenten propuestas concretas\u201d.<\/p>\n\n\n\n<p><strong>Los pilotos hab\u00edan sido despedidos por haberse negado a trasladar un avi\u00f3n&nbsp;Embraer 190&nbsp;que deb\u00eda ser devuelto al fabricante, aduciendo un rechazo al&nbsp;\u201cvaciamiento de la empresa\u201d.<\/strong><\/p>\n\n\n\n<p><strong>La decisi\u00f3n de la empresa se dio en el marco de un conflicto que mantienen\u00a0APLA y la Asociaci\u00f3n Argentina de Aeronavegantes (AAA)\u00a0con\u00a0Aerol\u00edneas Argentinas\u00a0por una recomposici\u00f3n salarial, pero tambi\u00e9n signada por la intenci\u00f3n del Gobierno de privatizar la empresa.<\/strong><\/p>\n\n\n\n<p><\/p>\n","protected":false},"excerpt":{"rendered":"<p>Los tres pilotos despedidos de Aerol\u00edneas Argentinas deben ser reincorporados. A ra\u00edz de la medida cautelar presentada por la&nbsp;Asociaci\u00f3n de Pilotos de L\u00edneas A\u00e9reas (APLA), la&nbsp;Justicia Nacional del Trabajo&nbsp;orden\u00f3 la reincorporaci\u00f3n de los tres pilotos de Aerol\u00edneas Argentinas despedidos. Seg\u00fan se\u00f1ala el gremio a trav\u00e9s de su red social X,&nbsp;\u201cla resoluci\u00f3n de la jueza&nbsp;Stella Maris&hellip;<\/p>\n","protected":false},"author":1,"featured_media":133311,"comment_status":"open","ping_status":"open","sticky":false,"template":"","format":"standard","meta":{"footnotes":""},"categories":[20],"tags":[8001,2450,761,41,43812],"class_list":["post-133310","post","type-post","status-publish","format-standard","has-post-thumbnail","hentry","category-judiciales","tag-apla","tag-diario-el-sindical","tag-gobierno-nacional","tag-justicia","tag-pilotos-despedidos"],"_links":{"self":[{"href":"https:\/\/www.elsindical.com.ar\/notas\/wp-json\/wp\/v2\/posts\/133310","targetHints":{"allow":["GET"]}}],"collection":[{"href":"https:\/\/www.elsindical.com.ar\/notas\/wp-json\/wp\/v2\/posts"}],"about":[{"href":"https:\/\/www.elsindical.com.ar\/notas\/wp-json\/wp\/v2\/types\/post"}],"author":[{"embeddable":true,"href":"https:\/\/www.elsindical.com.ar\/notas\/wp-json\/wp\/v2\/users\/1"}],"replies":[{"embeddable":true,"href":"https:\/\/www.elsindical.com.ar\/notas\/wp-json\/wp\/v2\/comments?post=133310"}],"version-history":[{"count":1,"href":"https:\/\/www.elsindical.com.ar\/notas\/wp-json\/wp\/v2\/posts\/133310\/revisions"}],"predecessor-version":[{"id":133312,"href":"https:\/\/www.elsindical.com.ar\/notas\/wp-json\/wp\/v2\/posts\/133310\/revisions\/133312"}],"wp:featuredmedia":[{"embeddable":true,"href":"https:\/\/www.elsindical.com.ar\/notas\/wp-json\/wp\/v2\/media\/133311"}],"wp:attachment":[{"href":"https:\/\/www.elsindical.com.ar\/notas\/wp-json\/wp\/v2\/media?parent=133310"}],"wp:term":[{"taxonomy":"category","embeddable":true,"href":"https:\/\/www.elsindical.com.ar\/notas\/wp-json\/wp\/v2\/categories?post=133310"},{"taxonomy":"post_tag","embeddable":true,"href":"https:\/\/www.elsindical.com.ar\/notas\/wp-json\/wp\/v2\/tags?post=133310"}],"curies":[{"name":"wp","href":"https:\/\/api.w.org\/{rel}","templated":true}]}}